{"id":12134,"date":"2024-04-25T11:19:25","date_gmt":"2024-04-25T11:19:25","guid":{"rendered":"https:\/\/www.inmesol.com\/?p=12134"},"modified":"2024-04-25T11:19:28","modified_gmt":"2024-04-25T11:19:28","slug":"inmesol-y-teo-martin-motorsport-en-el-proximo-rally-de-portugal","status":"publish","type":"post","link":"https:\/\/www.inmesol.com\/en\/blog\/inmesol-y-teo-martin-motorsport-en-el-proximo-rally-de-portugal\/","title":{"rendered":"INMESOL y Teo Martin Motorsport en el pr\u00f3ximo Rally de Portugal"},"content":{"rendered":"\n<figure class=\"wp-block-gallery has-nested-images columns-default is-cropped wp-block-gallery-1 is-layout-flex wp-block-gallery-is-layout-flex\">\n<figure class=\"wp-block-image size-large\"><img fetchpriority=\"high\" decoding=\"async\" width=\"714\" height=\"1024\" data-id=\"12135\" src=\"https:\/\/www.inmesol.com\/wp-content\/uploads\/2024\/04\/CAMION-714x1024.png\" alt=\"\" class=\"wp-image-12135\" title=\"\" srcset=\"https:\/\/www.inmesol.com\/wp-content\/uploads\/2024\/04\/CAMION-714x1024.png 714w, https:\/\/www.inmesol.com\/wp-content\/uploads\/2024\/04\/CAMION-209x300.png 209w, https:\/\/www.inmesol.com\/wp-content\/uploads\/2024\/04\/CAMION-768x1101.png 768w, https:\/\/www.inmesol.com\/wp-content\/uploads\/2024\/04\/CAMION.png 980w\" sizes=\"(max-width: 714px) 100vw, 714px\" \/><\/figure>\n\n\n\n<figure class=\"wp-block-image size-large\"><img decoding=\"async\" width=\"836\" height=\"1024\" data-id=\"12138\" data-src=\"https:\/\/www.inmesol.com\/wp-content\/uploads\/2024\/04\/IMG_6478-836x1024.jpg\" alt=\"\" class=\"wp-image-12138 lazyload\" title=\"\" data-srcset=\"https:\/\/www.inmesol.com\/wp-content\/uploads\/2024\/04\/IMG_6478-836x1024.jpg 836w, https:\/\/www.inmesol.com\/wp-content\/uploads\/2024\/04\/IMG_6478-245x300.jpg 245w, https:\/\/www.inmesol.com\/wp-content\/uploads\/2024\/04\/IMG_6478-768x941.jpg 768w, https:\/\/www.inmesol.com\/wp-content\/uploads\/2024\/04\/IMG_6478.jpg 1179w\" data-sizes=\"auto\" src=\"data:image\/svg+xml;base64,PHN2ZyB3aWR0aD0iMSIgaGVpZ2h0PSIxIiB4bWxucz0iaHR0cDovL3d3dy53My5vcmcvMjAwMC9zdmciPjwvc3ZnPg==\" style=\"--smush-placeholder-width: 836px; --smush-placeholder-aspect-ratio: 836\/1024;\" data-original-sizes=\"(max-width: 836px) 100vw, 836px\" \/><\/figure>\n<\/figure>\n","protected":false},"excerpt":{"rendered":"<p>INMESOL contin\u00faa suministrando energ\u00eda al equipo de Teo Martin Motorsport en el pr\u00f3ximo Rally Tierras de Aboboreira, como preparaci\u00f3n al WRC2 Rally de Portugal.<\/p>\n","protected":false},"author":2,"featured_media":12141,"comment_status":"closed","ping_status":"closed","sticky":false,"template":"","format":"standard","meta":{"inline_featured_image":false,"footnotes":""},"categories":[32,19],"tags":[],"categorias-smart-power-":[],"paises-":[],"class_list":["post-12134","post","type-post","status-publish","format-standard","has-post-thumbnail","hentry","category-espanol","category-ferias-eventos"],"_links":{"self":[{"href":"https:\/\/www.inmesol.com\/en\/wp-json\/wp\/v2\/posts\/12134","targetHints":{"allow":["GET"]}}],"collection":[{"href":"https:\/\/www.inmesol.com\/en\/wp-json\/wp\/v2\/posts"}],"about":[{"href":"https:\/\/www.inmesol.com\/en\/wp-json\/wp\/v2\/types\/post"}],"author":[{"embeddable":true,"href":"https:\/\/www.inmesol.com\/en\/wp-json\/wp\/v2\/users\/2"}],"replies":[{"embeddable":true,"href":"https:\/\/www.inmesol.com\/en\/wp-json\/wp\/v2\/comments?post=12134"}],"version-history":[{"count":0,"href":"https:\/\/www.inmesol.com\/en\/wp-json\/wp\/v2\/posts\/12134\/revisions"}],"wp:featuredmedia":[{"embeddable":true,"href":"https:\/\/www.inmesol.com\/en\/wp-json\/wp\/v2\/media\/12141"}],"wp:attachment":[{"href":"https:\/\/www.inmesol.com\/en\/wp-json\/wp\/v2\/media?parent=12134"}],"wp:term":[{"taxonomy":"category","embeddable":true,"href":"https:\/\/www.inmesol.com\/en\/wp-json\/wp\/v2\/categories?post=12134"},{"taxonomy":"post_tag","embeddable":true,"href":"https:\/\/www.inmesol.com\/en\/wp-json\/wp\/v2\/tags?post=12134"},{"taxonomy":"categorias-smart-power-","embeddable":true,"href":"https:\/\/www.inmesol.com\/en\/wp-json\/wp\/v2\/categorias-smart-power-?post=12134"},{"taxonomy":"paises-","embeddable":true,"href":"https:\/\/www.inmesol.com\/en\/wp-json\/wp\/v2\/paises-?post=12134"}],"curies":[{"name":"wp","href":"https:\/\/api.w.org\/{rel}","templated":true}]}}