{"id":12289,"date":"2024-06-10T10:39:15","date_gmt":"2024-06-10T10:39:15","guid":{"rendered":"https:\/\/www.inmesol.com\/?p=12289"},"modified":"2024-10-09T10:03:52","modified_gmt":"2024-10-09T10:03:52","slug":"presentes-en-tunez","status":"publish","type":"post","link":"https:\/\/www.inmesol.com\/en\/blog\/presentes-en-tunez\/","title":{"rendered":"Inmesol, presente en hospitales de T\u00fanez con su gama de emergencia"},"content":{"rendered":"\n<p>La semana pasada nos visit\u00f3 en INMESOL nuestro distribuidor en T\u00fanez \u2013 con quien compartimos muchos a\u00f1os de relaci\u00f3n comercial \u2013 junto con representantes del \u201cBureau D&#8217;Etudes\u201d responsables de la supervisi\u00f3n de un grupo electr\u00f3geno insonorizado con motor Volvo Penta de 650kVA que se va a instalar como sistema de emergencia en un hospital en T\u00fanez. Las pruebas del grupo resultaron satisfactorias y se le dio el visto bueno a su despacho. Aprovechamos la ocasi\u00f3n para impartir a nuestro distribuidor una capacitaci\u00f3n sobre diversos aspectos t\u00e9cnicos de nuestros grupos electr\u00f3genos y para discutir nuevos proyectos en cartera.<\/p>\n\n\n\n<div style=\"height:30px\" aria-hidden=\"true\" class=\"wp-block-spacer\"><\/div>\n\n\n\n<figure class=\"wp-block-image size-full\"><img fetchpriority=\"high\" decoding=\"async\" width=\"1600\" height=\"721\" src=\"https:\/\/www.inmesol.com\/wp-content\/uploads\/2024\/06\/Inmesol-presente-en-hospitales-de-tunez-con-su-gama-de-emergencia.jpg\" alt=\"\" class=\"wp-image-12293\" title=\"\" srcset=\"https:\/\/www.inmesol.com\/wp-content\/uploads\/2024\/06\/Inmesol-presente-en-hospitales-de-tunez-con-su-gama-de-emergencia.jpg 1600w, https:\/\/www.inmesol.com\/wp-content\/uploads\/2024\/06\/Inmesol-presente-en-hospitales-de-tunez-con-su-gama-de-emergencia-300x135.jpg 300w, https:\/\/www.inmesol.com\/wp-content\/uploads\/2024\/06\/Inmesol-presente-en-hospitales-de-tunez-con-su-gama-de-emergencia-1024x461.jpg 1024w, https:\/\/www.inmesol.com\/wp-content\/uploads\/2024\/06\/Inmesol-presente-en-hospitales-de-tunez-con-su-gama-de-emergencia-768x346.jpg 768w, https:\/\/www.inmesol.com\/wp-content\/uploads\/2024\/06\/Inmesol-presente-en-hospitales-de-tunez-con-su-gama-de-emergencia-1536x692.jpg 1536w\" sizes=\"(max-width: 1600px) 100vw, 1600px\" \/><\/figure>\n","protected":false},"excerpt":{"rendered":"<p>Visita de nuestro distribuidor en T\u00fanez y representantes del &#8220;Bureau D&#8217;Etudes&#8221;.<\/p>\n","protected":false},"author":5,"featured_media":12290,"comment_status":"closed","ping_status":"closed","sticky":false,"template":"","format":"standard","meta":{"inline_featured_image":false,"footnotes":""},"categories":[17,32],"tags":[],"categorias-smart-power-":[],"paises-":[],"class_list":["post-12289","post","type-post","status-publish","format-standard","has-post-thumbnail","hentry","category-corporativo","category-espanol"],"_links":{"self":[{"href":"https:\/\/www.inmesol.com\/en\/wp-json\/wp\/v2\/posts\/12289","targetHints":{"allow":["GET"]}}],"collection":[{"href":"https:\/\/www.inmesol.com\/en\/wp-json\/wp\/v2\/posts"}],"about":[{"href":"https:\/\/www.inmesol.com\/en\/wp-json\/wp\/v2\/types\/post"}],"author":[{"embeddable":true,"href":"https:\/\/www.inmesol.com\/en\/wp-json\/wp\/v2\/users\/5"}],"replies":[{"embeddable":true,"href":"https:\/\/www.inmesol.com\/en\/wp-json\/wp\/v2\/comments?post=12289"}],"version-history":[{"count":0,"href":"https:\/\/www.inmesol.com\/en\/wp-json\/wp\/v2\/posts\/12289\/revisions"}],"wp:featuredmedia":[{"embeddable":true,"href":"https:\/\/www.inmesol.com\/en\/wp-json\/wp\/v2\/media\/12290"}],"wp:attachment":[{"href":"https:\/\/www.inmesol.com\/en\/wp-json\/wp\/v2\/media?parent=12289"}],"wp:term":[{"taxonomy":"category","embeddable":true,"href":"https:\/\/www.inmesol.com\/en\/wp-json\/wp\/v2\/categories?post=12289"},{"taxonomy":"post_tag","embeddable":true,"href":"https:\/\/www.inmesol.com\/en\/wp-json\/wp\/v2\/tags?post=12289"},{"taxonomy":"categorias-smart-power-","embeddable":true,"href":"https:\/\/www.inmesol.com\/en\/wp-json\/wp\/v2\/categorias-smart-power-?post=12289"},{"taxonomy":"paises-","embeddable":true,"href":"https:\/\/www.inmesol.com\/en\/wp-json\/wp\/v2\/paises-?post=12289"}],"curies":[{"name":"wp","href":"https:\/\/api.w.org\/{rel}","templated":true}]}}