{"id":12304,"date":"2024-06-10T11:04:27","date_gmt":"2024-06-10T11:04:27","guid":{"rendered":"https:\/\/www.inmesol.com\/?p=12304"},"modified":"2024-06-10T11:44:50","modified_gmt":"2024-06-10T11:44:50","slug":"presents-en-tunisie","status":"publish","type":"post","link":"https:\/\/www.inmesol.com\/en\/blog\/presents-en-tunisie\/","title":{"rendered":"Inmesol, pr\u00e9sent dans les h\u00f4pitaux tunisiens avec sa gamme d\u2019urgence"},"content":{"rendered":"\n<p>La semaine pass\u00e9e nous avons eu la visite de notre distributeur en Tunisieavec lequel nous entretenons une relation commerciale de longue date- en compagnie des repr\u00e9sentants du \u201c Bureau D\u00b4\u00c9tudes\u201d responsables de la supervision d\u2019un groupe electrog\u00e8ne insonoris\u00e9 avec moteur Volvo Penta de 650kVA, qui va \u00eatre install\u00e9 comme syst\u00e8me de secours dans un h\u00f4pital en Tunisie. Les essais du groupe ont \u00e9t\u00e9 satisfaisants et nous avons eu leur accord pour sa livraison. Nous avons profit\u00e9 de l\u2019occasion pour former notre distributeur sur divers aspect techniques de nos groupes electrog\u00e8nes ainsi que pour discuter des nouveaux projets en cours.<\/p>\n\n\n\n<div style=\"height:30px\" aria-hidden=\"true\" class=\"wp-block-spacer\"><\/div>\n\n\n\n<figure class=\"wp-block-image size-full\"><img fetchpriority=\"high\" decoding=\"async\" width=\"1600\" height=\"721\" src=\"https:\/\/www.inmesol.com\/wp-content\/uploads\/2024\/06\/Inmesol-presente-en-hospitales-de-tunez-con-su-gama-de-emergencia.jpg\" alt=\"\" class=\"wp-image-12293\" title=\"\" srcset=\"https:\/\/www.inmesol.com\/wp-content\/uploads\/2024\/06\/Inmesol-presente-en-hospitales-de-tunez-con-su-gama-de-emergencia.jpg 1600w, https:\/\/www.inmesol.com\/wp-content\/uploads\/2024\/06\/Inmesol-presente-en-hospitales-de-tunez-con-su-gama-de-emergencia-300x135.jpg 300w, https:\/\/www.inmesol.com\/wp-content\/uploads\/2024\/06\/Inmesol-presente-en-hospitales-de-tunez-con-su-gama-de-emergencia-1024x461.jpg 1024w, https:\/\/www.inmesol.com\/wp-content\/uploads\/2024\/06\/Inmesol-presente-en-hospitales-de-tunez-con-su-gama-de-emergencia-768x346.jpg 768w, https:\/\/www.inmesol.com\/wp-content\/uploads\/2024\/06\/Inmesol-presente-en-hospitales-de-tunez-con-su-gama-de-emergencia-1536x692.jpg 1536w\" sizes=\"(max-width: 1600px) 100vw, 1600px\" \/><\/figure>\n","protected":false},"excerpt":{"rendered":"<p>Visite de notre distributeur en Tunisie et des repr\u00e9sentants du &#8220;Bureau D&#8217;Etudes&#8221;.<\/p>\n","protected":false},"author":2,"featured_media":12290,"comment_status":"closed","ping_status":"closed","sticky":false,"template":"","format":"standard","meta":{"inline_featured_image":false,"footnotes":""},"categories":[34,57],"tags":[],"categorias-smart-power-":[],"paises-":[],"class_list":["post-12304","post","type-post","status-publish","format-standard","has-post-thumbnail","hentry","category-frances","category-corporatif"],"_links":{"self":[{"href":"https:\/\/www.inmesol.com\/en\/wp-json\/wp\/v2\/posts\/12304","targetHints":{"allow":["GET"]}}],"collection":[{"href":"https:\/\/www.inmesol.com\/en\/wp-json\/wp\/v2\/posts"}],"about":[{"href":"https:\/\/www.inmesol.com\/en\/wp-json\/wp\/v2\/types\/post"}],"author":[{"embeddable":true,"href":"https:\/\/www.inmesol.com\/en\/wp-json\/wp\/v2\/users\/2"}],"replies":[{"embeddable":true,"href":"https:\/\/www.inmesol.com\/en\/wp-json\/wp\/v2\/comments?post=12304"}],"version-history":[{"count":0,"href":"https:\/\/www.inmesol.com\/en\/wp-json\/wp\/v2\/posts\/12304\/revisions"}],"wp:featuredmedia":[{"embeddable":true,"href":"https:\/\/www.inmesol.com\/en\/wp-json\/wp\/v2\/media\/12290"}],"wp:attachment":[{"href":"https:\/\/www.inmesol.com\/en\/wp-json\/wp\/v2\/media?parent=12304"}],"wp:term":[{"taxonomy":"category","embeddable":true,"href":"https:\/\/www.inmesol.com\/en\/wp-json\/wp\/v2\/categories?post=12304"},{"taxonomy":"post_tag","embeddable":true,"href":"https:\/\/www.inmesol.com\/en\/wp-json\/wp\/v2\/tags?post=12304"},{"taxonomy":"categorias-smart-power-","embeddable":true,"href":"https:\/\/www.inmesol.com\/en\/wp-json\/wp\/v2\/categorias-smart-power-?post=12304"},{"taxonomy":"paises-","embeddable":true,"href":"https:\/\/www.inmesol.com\/en\/wp-json\/wp\/v2\/paises-?post=12304"}],"curies":[{"name":"wp","href":"https:\/\/api.w.org\/{rel}","templated":true}]}}