{"id":2697,"date":"2013-12-10T12:57:32","date_gmt":"2013-12-10T11:57:32","guid":{"rendered":"http:\/\/www.inmesol.es\/blog\/?p=1827"},"modified":"2023-06-21T10:18:51","modified_gmt":"2023-06-21T10:18:51","slug":"dubai-sera-la-sede-de-la-exposicion-universal-2020","status":"publish","type":"post","link":"https:\/\/www.inmesol.com\/en\/blog\/dubai-sera-la-sede-de-la-exposicion-universal-2020\/","title":{"rendered":"Dub\u00e1i ser\u00e1 la sede de la Exposici\u00f3n Universal 2020"},"content":{"rendered":"<div id=\"entradilla\">\n<h2 class=\"bullet\">El Bur\u00f3 Internacional de Exposiciones ha escogido la ciudad de Dub\u00e1i como sede para albergar la Exposici\u00f3n Universal de 2020<\/h2>\n<h2 class=\"bullet\">Bajo el lema \u00abConectar mentes, crear el futuro\u00bb, se espera que reciba la visita de 25 millones de personas<\/h2>\n<\/div>\n<p>La semana pasada el <a href=\"http:\/\/www.bie-paris.org\/site\/en\/\" target=\"_blank\" rel=\"noopener\"><strong>Bur\u00f3 Internacional de Exposiciones<\/strong><\/a> (BIE) anunci\u00f3 su decisi\u00f3n: <strong>Dub\u00e1i acoger\u00e1 la Exposici\u00f3n Universal 2020<\/strong>. Ser\u00e1 <span style=\"text-decoration: underline;\">la primera vez que este encuentro se celebre en el Medio Oriente<\/span>.<\/p>\n<p><img fetchpriority=\"high\" decoding=\"async\" class=\"alignnone size-full wp-image-1825\" alt=\"Expo-2020-Dubai-1\" src=\"\/wp-content\/uploads\/2013\/12\/dubai-sera-la-sede-de-la-exposicion-universal-2020.jpg\" width=\"820\" height=\"202\" title=\"\"><\/p>\n<h3>Una oportunidad para reforzar su posici\u00f3n mundial<\/h3>\n<p>La Expo 2020 coincidir\u00e1 con el <strong>50 aniversario de los Emiratos \u00c1rabes Unidos<\/strong>. En este breve periodo de tiempo Dub\u00e1i se ha convertido en <strong>una de las ciudades m\u00e1s modernas e innovadoras<\/strong> del mundo, en la que trabajan personas de m\u00e1s de 200 nacionalidades.<\/p>\n<p>Bajo el lema <strong>\u00abConectar mentes, crear el futuro<\/strong><strong>\u00bb<\/strong>, la ciudad aprovechar\u00e1 esta oportunidad para seguir construy\u00e9ndose y reforzar la posici\u00f3n de los siete emiratos en el mundo implementando una serie de proyectos que actuar\u00e1n, a su vez, \u00a0como subtemas de la Exposici\u00f3n Universal.<\/p>\n<h3>Tres ejes tem\u00e1ticos: movilidad, sostenibilidad y oportunidad<\/h3>\n<p>Expo Dub\u00e1i girar\u00e1 en torno a tres grandes temas que representan un <strong>desaf\u00edo a escala global <\/strong>y que est\u00e1n <strong>interrelacionados <\/strong>entre s\u00ed: la movilidad, la sostenibilidad y la oportunidad.<\/p>\n<p>La cita abordar\u00e1 cuestiones de <span style=\"text-decoration: underline;\">log\u00edstica<\/span>, <span style=\"text-decoration: underline;\">ingenier\u00eda inteligente<\/span> <span style=\"text-decoration: underline;\">y consumo de energ\u00eda<\/span>; intentar\u00e1 dar respuestas al tema de la <span style=\"text-decoration: underline;\">conservaci\u00f3n de los recursos y su acceso<\/span>, y aprovechar\u00e1 la ocasi\u00f3n para proponer <span style=\"text-decoration: underline;\">nuevos modelos econ\u00f3micos<\/span> que integren el <strong>intercambio cultural<\/strong>, los constantes <strong>avances tecnol\u00f3gicos<\/strong> y la <strong>adaptaci\u00f3n<\/strong> a un mundo en <strong>continuo cambio<\/strong>.<\/p>\n<figure id=\"attachment_1826\" aria-describedby=\"caption-attachment-1826\" style=\"width: 850px\" class=\"wp-caption alignnone\"><img decoding=\"async\" class=\"size-full wp-image-1826 lazyload\" alt=\"Imagen de Al Wasl, la plaza proyectada para ser el epicentro de la Exposici\u00f3n Universal 2020. Fuente: BIE.\" data-src=\"\/wp-content\/uploads\/2013\/12\/1_dubai-sera-la-sede-de-la-exposicion-universal-2020.jpg\" width=\"850\" height=\"550\" title=\"\" src=\"data:image\/svg+xml;base64,PHN2ZyB3aWR0aD0iMSIgaGVpZ2h0PSIxIiB4bWxucz0iaHR0cDovL3d3dy53My5vcmcvMjAwMC9zdmciPjwvc3ZnPg==\" style=\"--smush-placeholder-width: 850px; --smush-placeholder-aspect-ratio: 850\/550;\"><figcaption id=\"caption-attachment-1826\" class=\"wp-caption-text\">Imagen de Al Wasl, la plaza proyectada para ser el epicentro de la Exposici\u00f3n Universal 2020. Fuente: BIE.<\/figcaption><\/figure>\n<h3>El programa Expo En Vivo<\/h3>\n<p>Este programa tiene como objetivo <strong>financiar y llevar a Dub\u00e1i<\/strong>, gracias a un fondo econ\u00f3mico, <strong>proyectos innovadores<\/strong>; sobre todo <strong>de energ\u00eda solar y agua potable<\/strong>. Expo En Vivo se pondr\u00e1 en marcha en la fase de preparaci\u00f3n de la Exposici\u00f3n Universal y pretende poner en contacto el talento del ma\u00f1ana con expertos y socios potenciales.<\/p>\n<h3>Datos y cifras<\/h3>\n<p><strong>Fecha:\u00a0del 20 de octubre de 2020 al 10 de abril de 2021. <\/strong><\/p>\n<p><strong>Previsi\u00f3n<\/strong><strong> de<\/strong><strong> visitantes<\/strong><strong>: <\/strong>25\u00a0millones.<\/p>\n<p><strong>Ubicaci\u00f3n<\/strong>: 438 hect\u00e1reas en el extremo sudoeste de Dub\u00e1i, en un punto equidistante entre la ciudad y Abu Dhabi.<\/p>\n<p><span style=\"text-decoration: underline;\">Cuando finalice la Expo<\/span>, el recinto se convertir\u00e1 en el <strong>Dubai Trade Center Jebel Ali<\/strong>.<\/p>\n","protected":false},"excerpt":{"rendered":"<p>El Bur\u00f3 Internacional de Exposiciones ha escogido la ciudad de Dub\u00e1i como sede para albergar la Exposici\u00f3n Universal de 2020. Bajo el lema \u00abConectar mentes, crear el futuro\u00bb, se espera que reciba la visita de 25 millones de personas.<\/p>\n","protected":false},"author":2,"featured_media":1823,"comment_status":"closed","ping_status":"open","sticky":false,"template":"","format":"standard","meta":{"inline_featured_image":false,"footnotes":""},"categories":[22,32],"tags":[],"categorias-smart-power-":[],"paises-":[],"class_list":["post-2697","post","type-post","status-publish","format-standard","has-post-thumbnail","hentry","category-ciencia-y-tecnologia","category-espanol"],"_links":{"self":[{"href":"https:\/\/www.inmesol.com\/en\/wp-json\/wp\/v2\/posts\/2697","targetHints":{"allow":["GET"]}}],"collection":[{"href":"https:\/\/www.inmesol.com\/en\/wp-json\/wp\/v2\/posts"}],"about":[{"href":"https:\/\/www.inmesol.com\/en\/wp-json\/wp\/v2\/types\/post"}],"author":[{"embeddable":true,"href":"https:\/\/www.inmesol.com\/en\/wp-json\/wp\/v2\/users\/2"}],"replies":[{"embeddable":true,"href":"https:\/\/www.inmesol.com\/en\/wp-json\/wp\/v2\/comments?post=2697"}],"version-history":[{"count":0,"href":"https:\/\/www.inmesol.com\/en\/wp-json\/wp\/v2\/posts\/2697\/revisions"}],"wp:featuredmedia":[{"embeddable":true,"href":"https:\/\/www.inmesol.com\/en\/wp-json\/"}],"wp:attachment":[{"href":"https:\/\/www.inmesol.com\/en\/wp-json\/wp\/v2\/media?parent=2697"}],"wp:term":[{"taxonomy":"category","embeddable":true,"href":"https:\/\/www.inmesol.com\/en\/wp-json\/wp\/v2\/categories?post=2697"},{"taxonomy":"post_tag","embeddable":true,"href":"https:\/\/www.inmesol.com\/en\/wp-json\/wp\/v2\/tags?post=2697"},{"taxonomy":"categorias-smart-power-","embeddable":true,"href":"https:\/\/www.inmesol.com\/en\/wp-json\/wp\/v2\/categorias-smart-power-?post=2697"},{"taxonomy":"paises-","embeddable":true,"href":"https:\/\/www.inmesol.com\/en\/wp-json\/wp\/v2\/paises-?post=2697"}],"curies":[{"name":"wp","href":"https:\/\/api.w.org\/{rel}","templated":true}]}}