{"id":2699,"date":"2013-12-21T19:57:06","date_gmt":"2013-12-21T18:57:06","guid":{"rendered":"http:\/\/www.inmesol.es\/blog\/?p=1856"},"modified":"2023-06-21T10:18:49","modified_gmt":"2023-06-21T10:18:49","slug":"inmesol-volvera-estar-presente-en-la-feria-international-middle-east-electricity","status":"publish","type":"post","link":"https:\/\/www.inmesol.com\/en\/blog\/inmesol-volvera-estar-presente-en-la-feria-international-middle-east-electricity\/","title":{"rendered":"Inmesol volver\u00e1 a estar presente en la Feria International Middle East Electricity"},"content":{"rendered":"<p><img fetchpriority=\"high\" decoding=\"async\" class=\"alignnone wp-image-1854 size-full\" src=\"\/wp-content\/uploads\/2013\/12\/inmesol-volvera-estar-presente-en-la-feria-international-middle-east-electricity.jpg\" alt=\"Middle East Electricity 2014\" width=\"1044\" height=\"129\" title=\"\"><\/p>\n<p>Por tercer a\u00f1o consecutivo, y tras la buena acogida que los productos de Inmesol tuvieron en las dos ediciones anteriores, nuestra empresa <strong>volver\u00e1 a presentar las \u00faltimas novedades en grupos electr\u00f3genos y torres de iluminaci\u00f3n <\/strong>en la prestigiosa Feria Middle East Electricity, cuya pr\u00f3xima edici\u00f3n tendr\u00e1 lugar los d\u00edas <span style=\"text-decoration: underline;\">11, 12 y 13 de febrero de 2014<\/span>.<\/p>\n<p>Con m\u00e1s de <strong>1000 expositores de 54 pa\u00edses y casi 20.000 visitantes profesionales procedentes de 114 pa\u00edses<\/strong> en 2013, la feria es el punto de encuentro m\u00e1s importante del sector energ\u00e9tico en Oriente Medio y un evento internacional que re\u00fane cada a\u00f1o en Dub\u00e1i a las principales empresas del sector de la electricidad, la iluminaci\u00f3n, las energ\u00edas renovables y la energ\u00eda nuclear.<\/p>\n<figure id=\"attachment_1855\" aria-describedby=\"caption-attachment-1855\" style=\"width: 761px\" class=\"wp-caption alignnone\"><img decoding=\"async\" class=\"wp-image-1855 size-full lazyload\" data-src=\"\/wp-content\/uploads\/2013\/12\/1_inmesol-volvera-estar-presente-en-la-feria-international-middle-east-electricity.jpg\" alt=\"Stand de Inmesol en la Middle East Electricity.\" width=\"761\" height=\"571\" title=\"\" src=\"data:image\/svg+xml;base64,PHN2ZyB3aWR0aD0iMSIgaGVpZ2h0PSIxIiB4bWxucz0iaHR0cDovL3d3dy53My5vcmcvMjAwMC9zdmciPjwvc3ZnPg==\" style=\"--smush-placeholder-width: 761px; --smush-placeholder-aspect-ratio: 761\/571;\"><figcaption id=\"caption-attachment-1855\" class=\"wp-caption-text\">Estand de Inmesol en la edici\u00f3n de 2013 de la Middle East Electricity.<\/figcaption><\/figure>\n<p>Cuando se acerque la fecha del evento les proporcionaremos, tal como hicimos <a href=\"http:\/\/www.inmesol.es\/blog\/proxima-presentacion-en-dubai-del-sistema-hibrido-inmesol\" target=\"_blank\" rel=\"noopener\">el pasado a\u00f1o<\/a>,\u00a0 <strong>los detalles de nuestra participaci\u00f3n en la feria<\/strong> para poder tener el placer de <strong>recibir su visita y atenderles personalmente<\/strong>.<\/p>\n","protected":false},"excerpt":{"rendered":"<p>Por tercer a\u00f1o consecutivo, y tras la buena acogida que los productos de Inmesol tuvieron en las dos ediciones anteriores, nuestra empresa volver\u00e1 a presentar las \u00faltimas novedades en grupos electr\u00f3genos y torres de iluminaci\u00f3n en la prestigiosa Feria Middle East Electricity, cuya pr\u00f3xima edici\u00f3n tendr\u00e1 lugar los d\u00edas 11, 12 y 13 de febrero de 2014.<\/p>\n","protected":false},"author":2,"featured_media":1864,"comment_status":"closed","ping_status":"open","sticky":false,"template":"","format":"standard","meta":{"inline_featured_image":false,"footnotes":""},"categories":[19,32],"tags":[],"categorias-smart-power-":[],"paises-":[],"class_list":["post-2699","post","type-post","status-publish","format-standard","has-post-thumbnail","hentry","category-ferias-eventos","category-espanol"],"_links":{"self":[{"href":"https:\/\/www.inmesol.com\/en\/wp-json\/wp\/v2\/posts\/2699","targetHints":{"allow":["GET"]}}],"collection":[{"href":"https:\/\/www.inmesol.com\/en\/wp-json\/wp\/v2\/posts"}],"about":[{"href":"https:\/\/www.inmesol.com\/en\/wp-json\/wp\/v2\/types\/post"}],"author":[{"embeddable":true,"href":"https:\/\/www.inmesol.com\/en\/wp-json\/wp\/v2\/users\/2"}],"replies":[{"embeddable":true,"href":"https:\/\/www.inmesol.com\/en\/wp-json\/wp\/v2\/comments?post=2699"}],"version-history":[{"count":0,"href":"https:\/\/www.inmesol.com\/en\/wp-json\/wp\/v2\/posts\/2699\/revisions"}],"wp:featuredmedia":[{"embeddable":true,"href":"https:\/\/www.inmesol.com\/en\/wp-json\/"}],"wp:attachment":[{"href":"https:\/\/www.inmesol.com\/en\/wp-json\/wp\/v2\/media?parent=2699"}],"wp:term":[{"taxonomy":"category","embeddable":true,"href":"https:\/\/www.inmesol.com\/en\/wp-json\/wp\/v2\/categories?post=2699"},{"taxonomy":"post_tag","embeddable":true,"href":"https:\/\/www.inmesol.com\/en\/wp-json\/wp\/v2\/tags?post=2699"},{"taxonomy":"categorias-smart-power-","embeddable":true,"href":"https:\/\/www.inmesol.com\/en\/wp-json\/wp\/v2\/categorias-smart-power-?post=2699"},{"taxonomy":"paises-","embeddable":true,"href":"https:\/\/www.inmesol.com\/en\/wp-json\/wp\/v2\/paises-?post=2699"}],"curies":[{"name":"wp","href":"https:\/\/api.w.org\/{rel}","templated":true}]}}