{"id":3818,"date":"2015-03-30T10:00:38","date_gmt":"2015-03-30T08:00:38","guid":{"rendered":"http:\/\/www.inmesol.es\/blog\/?p=3818"},"modified":"2023-06-21T10:15:57","modified_gmt":"2023-06-21T10:15:57","slug":"los-grupos-electrogenos-garantizan-el-suministro-electrico-durante-los-eclipses-solares","status":"publish","type":"post","link":"https:\/\/www.inmesol.com\/en\/blog\/los-grupos-electrogenos-garantizan-el-suministro-electrico-durante-los-eclipses-solares\/","title":{"rendered":"Los grupos electr\u00f3genos garantizan el suministro el\u00e9ctrico durante los eclipses solares"},"content":{"rendered":"<p style=\"text-align: justify;\">El pasado 20 de marzo se produjo un <strong>eclipse solar<\/strong> visible, en mayor o menor medida, en todos los pa\u00edses de Europa (adem\u00e1s de en el norte de \u00c1frica, el oeste y norte de Asia y Oriente Pr\u00f3ximo).\u00a0 Previamente, los responsables de la red el\u00e9ctrica europea trabajaron durante meses \u00a0implementando las medidas necesarias para que la poblaci\u00f3n y las empresas no sufrieran <strong>los efectos de este fen\u00f3meno astron\u00f3mico<\/strong>, ya que la <strong>red el\u00e9ctrica<\/strong> en el continente est\u00e1 interconectada. Los medios de comunicaci\u00f3n de todos los pa\u00edses alertaron sobre la posibilidad de graves consecuencias para una gran parte del continente se\u00f1alando que <strong>el eclipse iba a poner a prueba el sistema el\u00e9ctrico de Europa<\/strong>. \u00bfPor qu\u00e9 se produjo esta alarma?<\/p>\n<p style=\"text-align: justify;\">Actualmente, las energ\u00edas renovables, principalmente la solar y la e\u00f3lica, tienen un peso espec\u00edfico nada desde\u00f1able en la producci\u00f3n global de energ\u00eda. <strong>La generaci\u00f3n fotovoltaica<\/strong>, por ejemplo, <strong>cubre el 3 % de todo el consumo energ\u00e9tico que se produce en Europa<\/strong>. Y la e\u00f3lica, aunque est\u00e1 por debajo de esta cifra, depende de las radiaciones solares para su correcto funcionamiento. <strong>Cuando se produce un eclipse solar, la brusca disminuci\u00f3n de la luz del Sol sobre los pa\u00edses afectados provoca<\/strong>, asimismo, <strong>una brusca disminuci\u00f3n en su producci\u00f3n de energ\u00eda fotovoltaica<\/strong>. Para hacernos una idea de lo que esto significa, basta decir que la energ\u00eda que se pudiera dejar de producir durante 1 minuto en Europa por las fotovoltaicas equivale a la producci\u00f3n que genera en el mismo tiempo una central nuclear. Teniendo en cuenta que <strong>para que no se produzca un colapso en la red, la producci\u00f3n y el consumo de energ\u00eda deben estar en constante equilibrio<\/strong>, ante un eclipse solar, la red el\u00e9ctrica debe poder garantizar que el d\u00e9ficit de energ\u00eda fotovoltaica ser\u00e1 correcta e instant\u00e1neamente compensado por otras fuentes de producci\u00f3n durante la ocultaci\u00f3n del Sol y volver a reequilibrar las fuentes de suministro una vez termina el fen\u00f3meno. <strong>De otro modo<\/strong>, y debido a que las redes el\u00e9ctricas est\u00e1n interconectadas, <strong>se podr\u00edan producir cortes parciales o totales en el suministro el\u00e9ctrico<\/strong>, hecho que afectar\u00eda a millones de ciudadanos y empresas.<\/p>\n<div class=\"video-responsive\"><iframe src=\"https:\/\/www.youtube.com\/embed\/feR12pQ8dXc\" width=\"640\" height=\"360\" frameborder=\"0\" allowfullscreen=\"allowfullscreen\"><\/iframe><\/div>\n<p><span style=\"color: #808080; font-size: 10px;\">V\u00eddeo musical grabado durante el eclipse solar total que tuvo lugar en la localidad de Kv\u00edv\u00edk, en las islas Faroe, el 20 de marzo.<\/span><\/p>\n<p style=\"text-align: justify;\">Una anomal\u00eda en la regulaci\u00f3n del citado equilibrio, tendr\u00eda, adem\u00e1s, <strong>consecuencias lamentables para todas aquellas organizaciones en las que el correcto funcionamiento de la red el\u00e9ctrica resulta de vital importancia<\/strong>: pensemos en centros hospitalarios, parques de bomberos, centros de datos, centrales telef\u00f3nicas desde las que efectuar llamadas de emergencia, aeropuertos, etc. Y es que el desaf\u00edo al que nos enfrenta un eclipse solar consiste, como hemos mencionado, tanto en disponer de fuentes alternativas de producci\u00f3n de energ\u00eda como en regular perfectamente el suministro desde que empieza el fen\u00f3meno astron\u00f3mico hasta que termina.<\/p>\n<p style=\"text-align: justify;\"><strong>Si bien<\/strong> <strong>los grupos electr\u00f3genos no tienen la capacidad para contrarrestar un eventual colapso el\u00e9ctrico a escala mundial o continental, s\u00ed la tienen para compensarlo localmente, evitando importantes perjuicios econ\u00f3micos y salvando vidas humanas<\/strong>: su instalaci\u00f3n en todas aquellas compa\u00f1\u00edas y organizaciones que no pueden permitirse un eventual fallo en la red les garantiza la continuidad del suministro, ya que, en estos casos, <strong>los grupos electr\u00f3genos de emergencia Inmesol entran en funcionamiento autom\u00e1ticamente, en cuesti\u00f3n de segundos<\/strong>.<\/p>\n<figure id=\"attachment_3832\" aria-describedby=\"caption-attachment-3832\" style=\"width: 480px\" class=\"wp-caption aligncenter\"><img fetchpriority=\"high\" decoding=\"async\" class=\"wp-image-3832 size-full\" title=\"Grupo electr\u00f3geno de la gama de emergencia de Inmesol\" src=\"\/wp-content\/uploads\/2015\/03\/los-grupos-electrogenos-garantizan-el-suministro-electrico-durante-los-eclipses-solares.jpg\" alt=\"Grupo electr\u00f3geno de la gama de emergencia de Inmesol\" width=\"480\" height=\"640\" \/><figcaption id=\"caption-attachment-3832\" class=\"wp-caption-text\">Imagen de uno de los grupos de la gama de emergencia de Inmesol.<\/figcaption><\/figure>\n<p style=\"text-align: justify;\">En Inmesol disponemos de una <a href=\"http:\/\/www.inmesol.es\/grupos-electrogenos\/gamas-grupos-electrogenos-inmesol\/gama-emergencia.asp\" target=\"_blank\" rel=\"noopener noreferrer\"><strong>amplia gama de grupos electr\u00f3genos de emergencia<\/strong><\/a> dise\u00f1ados para dar soluci\u00f3n a todo tipo de empresas, sean cuales sean sus necesidades de suministro y su ubicaci\u00f3n geogr\u00e1fica.<\/p>\n<p style=\"text-align: justify;\">\n","protected":false},"excerpt":{"rendered":"<p>El pasado 20 de marzo se produjo un eclipse solar visible, en mayor o menor medida, en todos los pa\u00edses de Europa (adem\u00e1s de en el norte de \u00c1frica, el oeste y norte de Asia y Oriente Pr\u00f3ximo).\u00a0<\/p>\n","protected":false},"author":2,"featured_media":3830,"comment_status":"open","ping_status":"closed","sticky":false,"template":"","format":"standard","meta":{"inline_featured_image":false,"footnotes":""},"categories":[22,32],"tags":[23],"categorias-smart-power-":[],"paises-":[],"class_list":["post-3818","post","type-post","status-publish","format-standard","has-post-thumbnail","hentry","category-ciencia-y-tecnologia","category-espanol","tag-grupos-electrogenos-de-emergencia"],"_links":{"self":[{"href":"https:\/\/www.inmesol.com\/en\/wp-json\/wp\/v2\/posts\/3818","targetHints":{"allow":["GET"]}}],"collection":[{"href":"https:\/\/www.inmesol.com\/en\/wp-json\/wp\/v2\/posts"}],"about":[{"href":"https:\/\/www.inmesol.com\/en\/wp-json\/wp\/v2\/types\/post"}],"author":[{"embeddable":true,"href":"https:\/\/www.inmesol.com\/en\/wp-json\/wp\/v2\/users\/2"}],"replies":[{"embeddable":true,"href":"https:\/\/www.inmesol.com\/en\/wp-json\/wp\/v2\/comments?post=3818"}],"version-history":[{"count":0,"href":"https:\/\/www.inmesol.com\/en\/wp-json\/wp\/v2\/posts\/3818\/revisions"}],"wp:featuredmedia":[{"embeddable":true,"href":"https:\/\/www.inmesol.com\/en\/wp-json\/"}],"wp:attachment":[{"href":"https:\/\/www.inmesol.com\/en\/wp-json\/wp\/v2\/media?parent=3818"}],"wp:term":[{"taxonomy":"category","embeddable":true,"href":"https:\/\/www.inmesol.com\/en\/wp-json\/wp\/v2\/categories?post=3818"},{"taxonomy":"post_tag","embeddable":true,"href":"https:\/\/www.inmesol.com\/en\/wp-json\/wp\/v2\/tags?post=3818"},{"taxonomy":"categorias-smart-power-","embeddable":true,"href":"https:\/\/www.inmesol.com\/en\/wp-json\/wp\/v2\/categorias-smart-power-?post=3818"},{"taxonomy":"paises-","embeddable":true,"href":"https:\/\/www.inmesol.com\/en\/wp-json\/wp\/v2\/paises-?post=3818"}],"curies":[{"name":"wp","href":"https:\/\/api.w.org\/{rel}","templated":true}]}}