{"id":3851,"date":"2015-03-31T10:00:05","date_gmt":"2015-03-31T08:00:05","guid":{"rendered":"http:\/\/www.inmesol.es\/blog\/?p=3851"},"modified":"2023-06-21T10:15:36","modified_gmt":"2023-06-21T10:15:36","slug":"los-grupos-electrogenos-inmesol-en-la-1a-edicion-de-expocolun","status":"publish","type":"post","link":"https:\/\/www.inmesol.com\/en\/blog\/los-grupos-electrogenos-inmesol-en-la-1a-edicion-de-expocolun\/","title":{"rendered":"Los grupos electr\u00f3genos Inmesol, en la 1\u00aa Edici\u00f3n de ExpoColun"},"content":{"rendered":"<p style=\"text-align: justify;\"><img decoding=\"async\" class=\"aligncenter wp-image-3846 size-full lazyload\" title=\"logo Expocolun\" data-src=\"\/wp-content\/uploads\/2015\/03\/los-grupos-electrogenos-inmesol-en-la-1a-edicion-de-expocolun.jpg\" alt=\"logo Expocolun\" width=\"280\" height=\"176\" src=\"data:image\/svg+xml;base64,PHN2ZyB3aWR0aD0iMSIgaGVpZ2h0PSIxIiB4bWxucz0iaHR0cDovL3d3dy53My5vcmcvMjAwMC9zdmciPjwvc3ZnPg==\" style=\"--smush-placeholder-width: 280px; --smush-placeholder-aspect-ratio: 280\/176;\" \/>Los pasados 13 y 14 de marzo, se celebr\u00f3 en La Uni\u00f3n (Chile) <strong>la primera Edici\u00f3n de ExpoColun<\/strong>, una feria que ha nacido con el objetivo de convertirse en <strong>el principal punto de encuentro entre los productores agr\u00edcolas y ganaderos del pa\u00eds y los m\u00e1s importantes proveedores del sector<\/strong>; fundamentalmente, empresas que desarrollan <strong>nuevas tecnolog\u00edas<\/strong> y tendencias para el mercado agr\u00edcola.<\/p>\n<p style=\"text-align: justify;\"><img fetchpriority=\"high\" decoding=\"async\" class=\"aligncenter wp-image-3845\" title=\"logo Emaresa Construcci\u00f3n\" src=\"\/wp-content\/uploads\/2015\/03\/1_los-grupos-electrogenos-inmesol-en-la-1a-edicion-de-expocolun.jpg\" alt=\"logo Emaresa Construcci\u00f3n\" width=\"540\" height=\"240\" \/><strong>La tecnolog\u00eda Inmesol estuvo presente en esta primera muestra a trav\u00e9s de uno de nuestros distribuidores en Chile<\/strong>, la empresa <a href=\"http:\/\/www.emaresa.cl\/construccion\/\" target=\"_blank\" rel=\"noopener\">Emaresa Construcci\u00f3n<\/a>; una de las cuatro Unidades de Negocio del <a href=\"http:\/\/www.emaresa.cl\/\" target=\"_blank\" rel=\"noopener\">Grupo Emaresa<\/a>, fundado en 1972 (leer art\u00edculo <a href=\"http:\/\/www.inmesol.es\/blog\/inmesol-recibe-visita-emaresa\" target=\"_blank\" rel=\"noopener\"><i>Visita del gerente de Emaresa Construcci\u00f3n, nuestro distribuidor en Chile<\/i><\/a>).<\/p>\n<p><img decoding=\"async\" class=\"aligncenter wp-image-3850 size-full lazyload\" title=\"Bienvenidos a Expocolun\" data-src=\"\/wp-content\/uploads\/2015\/03\/2_los-grupos-electrogenos-inmesol-en-la-1a-edicion-de-expocolun.jpg\" alt=\"ExpoColun est\u00e1 organizada por la Cooperativa Agr\u00edcola y Lechera de La Uni\u00f3n Limitada\" width=\"640\" height=\"481\" src=\"data:image\/svg+xml;base64,PHN2ZyB3aWR0aD0iMSIgaGVpZ2h0PSIxIiB4bWxucz0iaHR0cDovL3d3dy53My5vcmcvMjAwMC9zdmciPjwvc3ZnPg==\" style=\"--smush-placeholder-width: 640px; --smush-placeholder-aspect-ratio: 640\/481;\" \/><\/p>\n<p style=\"text-align: justify;\"><strong>ExpoColun est\u00e1 organizada por la Cooperativa Agr\u00edcola y Lechera de La Uni\u00f3n Limitada, <\/strong><a href=\"http:\/\/www.colun.cl\/\" target=\"_blank\" rel=\"noopener\"><strong>Colun<\/strong><\/a>; una cooperativa creada en el a\u00f1o 1949 por 60 socios con el fin de contribuir activamente al desarrollo de la zona elaborando productos de alta calidad destinados al mercado nacional e internacional. Actualmente, Colun cuenta con m\u00e1s de 700 socios.<\/p>\n<p><img decoding=\"async\" class=\"aligncenter wp-image-3844 size-full lazyload\" title=\"La tecnolog\u00eda Inmesol estuvo presente en Expocolun\" data-src=\"\/wp-content\/uploads\/2015\/03\/3_los-grupos-electrogenos-inmesol-en-la-1a-edicion-de-expocolun.jpg\" alt=\"La tecnolog\u00eda Inmesol estuvo presente en Expocolun\" width=\"640\" height=\"481\" src=\"data:image\/svg+xml;base64,PHN2ZyB3aWR0aD0iMSIgaGVpZ2h0PSIxIiB4bWxucz0iaHR0cDovL3d3dy53My5vcmcvMjAwMC9zdmciPjwvc3ZnPg==\" style=\"--smush-placeholder-width: 640px; --smush-placeholder-aspect-ratio: 640\/481;\" \/><\/p>\n<p style=\"text-align: justify;\">Las autoridades locales apoyaron la iniciativa de Colun presidiendo el acto inaugural de esta plataforma con <strong>vocaci\u00f3n comercial y de transferencia tecnol\u00f3gica<\/strong>. La alcaldesa de La Uni\u00f3n, Mar\u00eda Astudillo, manifest\u00f3 que \u201cLos eventos de este tipo sustentan la actividad agr\u00edcola e incentivan a los agricultores para que se conviertan en empresarios agr\u00edcolas\u201d y aprovech\u00f3 la ocasi\u00f3n para anunciar la futura creaci\u00f3n, con financiaci\u00f3n p\u00fablica, de un \u00a0<strong>Centro Regional de Investigaci\u00f3n<\/strong> que trabajar\u00e1 en colaboraci\u00f3n con el sector.<\/p>\n<p style=\"text-align: justify;\">En las fotograf\u00edas de arriba, vemos la entrada a <strong>ExpoColun<\/strong> y el espacio expositivo de nuestro distribuidor, Emaresa, con los <strong>grupos electr\u00f3genos Inmesol<\/strong>.<\/p>\n","protected":false},"excerpt":{"rendered":"<p>Los pasados 13 y 14 de marzo, se celebr\u00f3 en La Uni\u00f3n (Chile) la primera Edici\u00f3n de ExpoColun, una feria que ha nacido con el objetivo de convertirse en el principal punto de encuentro entre los productores agr\u00edcolas y ganaderos del pa\u00eds y los m\u00e1s importantes proveedores del sector; fundamentalmente, empresas que desarrollan nuevas tecnolog\u00edas y tendencias para el mercado agr\u00edcola.<\/p>\n","protected":false},"author":2,"featured_media":3844,"comment_status":"open","ping_status":"closed","sticky":false,"template":"","format":"standard","meta":{"inline_featured_image":false,"footnotes":""},"categories":[19,26,32],"tags":[],"categorias-smart-power-":[],"paises-":[],"class_list":["post-3851","post","type-post","status-publish","format-standard","has-post-thumbnail","hentry","category-ferias-eventos","category-distribuidores","category-espanol"],"_links":{"self":[{"href":"https:\/\/www.inmesol.com\/en\/wp-json\/wp\/v2\/posts\/3851","targetHints":{"allow":["GET"]}}],"collection":[{"href":"https:\/\/www.inmesol.com\/en\/wp-json\/wp\/v2\/posts"}],"about":[{"href":"https:\/\/www.inmesol.com\/en\/wp-json\/wp\/v2\/types\/post"}],"author":[{"embeddable":true,"href":"https:\/\/www.inmesol.com\/en\/wp-json\/wp\/v2\/users\/2"}],"replies":[{"embeddable":true,"href":"https:\/\/www.inmesol.com\/en\/wp-json\/wp\/v2\/comments?post=3851"}],"version-history":[{"count":0,"href":"https:\/\/www.inmesol.com\/en\/wp-json\/wp\/v2\/posts\/3851\/revisions"}],"wp:featuredmedia":[{"embeddable":true,"href":"https:\/\/www.inmesol.com\/en\/wp-json\/"}],"wp:attachment":[{"href":"https:\/\/www.inmesol.com\/en\/wp-json\/wp\/v2\/media?parent=3851"}],"wp:term":[{"taxonomy":"category","embeddable":true,"href":"https:\/\/www.inmesol.com\/en\/wp-json\/wp\/v2\/categories?post=3851"},{"taxonomy":"post_tag","embeddable":true,"href":"https:\/\/www.inmesol.com\/en\/wp-json\/wp\/v2\/tags?post=3851"},{"taxonomy":"categorias-smart-power-","embeddable":true,"href":"https:\/\/www.inmesol.com\/en\/wp-json\/wp\/v2\/categorias-smart-power-?post=3851"},{"taxonomy":"paises-","embeddable":true,"href":"https:\/\/www.inmesol.com\/en\/wp-json\/wp\/v2\/paises-?post=3851"}],"curies":[{"name":"wp","href":"https:\/\/api.w.org\/{rel}","templated":true}]}}