{"id":4056,"date":"2015-06-16T07:47:29","date_gmt":"2015-06-16T05:47:29","guid":{"rendered":"http:\/\/www.inmesol.es\/blog\/?p=4056"},"modified":"2025-01-13T18:27:56","modified_gmt":"2025-01-13T18:27:56","slug":"25-aniversario-inmesol-power-solutions","status":"publish","type":"post","link":"https:\/\/www.inmesol.com\/en\/blog\/25-aniversario-inmesol-power-solutions\/","title":{"rendered":"25 aniversario de Inmesol Power Solutions"},"content":{"rendered":"<h4 style=\"text-align: center;\"><strong>Un cuarto de siglo dise\u00f1ando y fabricando grupos electr\u00f3genos<br \/>\npara los cinco continentes<\/strong><\/h4>\n<figure id=\"attachment_4052\" aria-describedby=\"caption-attachment-4052\" style=\"width: 640px\" class=\"wp-caption aligncenter\"><img fetchpriority=\"high\" decoding=\"async\" class=\"wp-image-4052 size-full\" title=\"Plantilla del Grupo Solano en las instalaciones de Inmesol\" src=\"\/wp-content\/uploads\/2015\/06\/25-aniversario-inmesol-power-solutions.jpg\" alt=\"Plantilla del Grupo Solano en las instalaciones de Inmesol\" width=\"640\" height=\"450\" \/><figcaption id=\"caption-attachment-4052\" class=\"wp-caption-text\">Plantilla del Grupo Solano en las instalaciones de Inmesol<\/figcaption><\/figure>\n<h2>De un peque\u00f1o taller a la expansi\u00f3n a 80 pa\u00edses<\/h2>\n<p style=\"text-align: justify;\">En 1982, un emprendedor espa\u00f1ol, Jos\u00e9 Luis Solano, empieza a dise\u00f1ar y fabricar bancadas, carrocer\u00edas insonorizadas y componentes el\u00e9ctricos para grupos electr\u00f3genos en un peque\u00f1o taller de carpinter\u00eda met\u00e1lica de Corvera, una peque\u00f1a poblaci\u00f3n situada a 20 km de la ciudad de Murcia, en el sudeste de Espa\u00f1a. Por aquel entonces, su actividad principal se centraba en la fabricaci\u00f3n y el ensamblaje en monobloque del motor y el alternador de grupos electr\u00f3genos. Hoy, 33 a\u00f1os despu\u00e9s, su proyecto empresarial ha evolucionado hasta constituirse en un grupo de empresas, el Grupo Solano, cuyo buque insignia es <strong>Inmesol<\/strong>, <strong>una empresa<\/strong> <strong>que actualmente est\u00e1 presente en m\u00e1s de 80 pa\u00edses de los cinco continentes<\/strong> con una amplia gama de equipos que integran la tecnolog\u00eda m\u00e1s innovadora para los mercados m\u00e1s exigentes, y <strong>que<\/strong> <strong>crece a un ritmo anual del 25%.<\/strong><\/p>\n<figure id=\"attachment_4054\" aria-describedby=\"caption-attachment-4054\" style=\"width: 450px\" class=\"wp-caption aligncenter\"><img decoding=\"async\" class=\"wp-image-4054 size-full lazyload\" title=\"Sr. Jos\u00e9 Luis Solano, fundador y presidente del Grupo Solano\" data-src=\"\/wp-content\/uploads\/2015\/06\/1_25-aniversario-inmesol-power-solutions.jpg\" alt=\"Jos\u00e9 Luis Solano presidente del Grupo Solano\" width=\"450\" height=\"550\" src=\"data:image\/svg+xml;base64,PHN2ZyB3aWR0aD0iMSIgaGVpZ2h0PSIxIiB4bWxucz0iaHR0cDovL3d3dy53My5vcmcvMjAwMC9zdmciPjwvc3ZnPg==\" style=\"--smush-placeholder-width: 450px; --smush-placeholder-aspect-ratio: 450\/550;\" \/><figcaption id=\"caption-attachment-4054\" class=\"wp-caption-text\">Sr. Jos\u00e9 Luis Solano, fundador y presidente del Grupo Solano<\/figcaption><\/figure>\n<h3>2003, punto de inflexi\u00f3n hacia el crecimiento continuo<\/h3>\n<p style=\"text-align: justify;\">En 1987, inaugura su f\u00e1brica y empieza a producir <strong>grupos electr\u00f3genos<\/strong>; sin embargo, su principal l\u00ednea de negocio todav\u00eda son las <strong>carrocer\u00edas<\/strong>, muy apreciadas en el mercado por su excelente calidad. Durante varios a\u00f1os sigue especializ\u00e1ndose en la fabricaci\u00f3n de este producto hasta que en 2003 la empresa decide hacer una gran apuesta en I+D para entrar tambi\u00e9n con fuerza en el mercado internacional de los grupos electr\u00f3genos. Desde entonces, <strong>Inmesol ha ido experimentando un crecimiento continuo hasta posicionarse como uno de los mejores fabricantes de grupos electr\u00f3genos del mundo<\/strong>. En el transcurso de este cuarto de siglo sus instalaciones tambi\u00e9n se han ido ampliando paralelamente al incremento de su volumen de negocio hasta ocupar actualmente una superficie de 100.000 m2.<\/p>\n<figure id=\"attachment_4051\" aria-describedby=\"caption-attachment-4051\" style=\"width: 580px\" class=\"wp-caption aligncenter\"><img decoding=\"async\" class=\"wp-image-4051 size-full lazyload\" title=\"L\u00ednea de montaje en las instalaciones de INMESOL\" data-src=\"\/wp-content\/uploads\/2015\/06\/2_25-aniversario-inmesol-power-solutions.jpg\" alt=\"L\u00ednea de montaje en las instalaciones de INMESOL\" width=\"580\" height=\"360\" src=\"data:image\/svg+xml;base64,PHN2ZyB3aWR0aD0iMSIgaGVpZ2h0PSIxIiB4bWxucz0iaHR0cDovL3d3dy53My5vcmcvMjAwMC9zdmciPjwvc3ZnPg==\" style=\"--smush-placeholder-width: 580px; --smush-placeholder-aspect-ratio: 580\/360;\" \/><figcaption id=\"caption-attachment-4051\" class=\"wp-caption-text\">L\u00ednea de montaje en las instalaciones de INMESOL<\/figcaption><\/figure>\n<h3>Gamas dise\u00f1adas para los sectores industriales m\u00e1s exigentes<\/h3>\n<p style=\"text-align: justify;\"><strong>Inmesol dise\u00f1a, fabrica y comercializa grupos electr\u00f3genos t\u00e9cnicamente muy avanzados, tanto en versi\u00f3n abierta como en versi\u00f3n insonorizada, desde 2 hasta 2500 kVA de potencia<\/strong>. Su oferta de equipos se diversifica en cinco gamas con las que da respuesta a cualquier necesidad de suministro de energ\u00eda que puedan requerir sus clientes, sea cual sea su ubicaci\u00f3n geogr\u00e1fica (recientemente, el Consejo Internacional de empresarios y Emprendedores les ha concedido el Premio Entreps\u00a0 Energ\u00eda 2015 por acercar la energ\u00eda a las pymes que trabajan en enclaves remotos), las condiciones extremas bajo las que tengan que trabajar los equipos en sus instalaciones y las exigencias en bajos niveles de emisiones ac\u00fasticas y de gases a la atm\u00f3sfera: <strong>la<\/strong> <strong>gama de emergencia, la port\u00e1til, la industrial, la rental y la pesada<\/strong>.<\/p>\n<figure id=\"attachment_4048\" aria-describedby=\"caption-attachment-4048\" style=\"width: 580px\" class=\"wp-caption aligncenter\"><img decoding=\"async\" class=\"wp-image-4048 size-full lazyload\" title=\"Grupo electr\u00f3geno de la Gama Rental sobre un trailer (kit m\u00f3vil) de alta velocidad\" data-src=\"\/wp-content\/uploads\/2015\/06\/3_25-aniversario-inmesol-power-solutions.jpg\" alt=\"Grupo electr\u00f3geno de la Gama Rental sobre un trailer (kit m\u00f3vil) de alta velocidad\" width=\"580\" height=\"360\" src=\"data:image\/svg+xml;base64,PHN2ZyB3aWR0aD0iMSIgaGVpZ2h0PSIxIiB4bWxucz0iaHR0cDovL3d3dy53My5vcmcvMjAwMC9zdmciPjwvc3ZnPg==\" style=\"--smush-placeholder-width: 580px; --smush-placeholder-aspect-ratio: 580\/360;\" \/><figcaption id=\"caption-attachment-4048\" class=\"wp-caption-text\">Grupo electr\u00f3geno de la Gama Rental sobre un trailer (kit m\u00f3vil) de alta velocidad<\/figcaption><\/figure>\n<h3>Equipos que se controlan a distancia, superinsonorizados, transportables y \u2018eco-friendly\u2019<\/h3>\n<p style=\"text-align: justify;\"><strong>Este a\u00f1o, Inmesol ha presentado diversos nuevos modelos de grupos electr\u00f3genos que incorporan los \u00faltimos avances desarrollados por su departamento de Ingenier\u00eda<\/strong>. Hace escasamente un mes, la empresa sac\u00f3 al mercado una nueva <strong>Gama Rental <\/strong><strong>de 22-550 kVA<\/strong> <strong>de grupos insonorizados<\/strong> utilizando motores<strong> que cumplen <\/strong>con las actuales y exigentes normativas de emisiones de gases STAGE IIIA; motores de reconocido prestigio como<strong> <strong>Kohler<\/strong>,\u00a0<strong>Volvo Penta<\/strong> y\u00a0<strong>FPT-Iveco<\/strong><\/strong>. Los equipos de la nueva Gama Rental tienen un escape superior de aire, un panel de control a prueba de agua, patines de arrastre reforzados, y se caracterizan por su resistencia al fuego y por un dise\u00f1o que facilita las tareas de mantenimiento y limpieza; todo ello pensado, adem\u00e1s,\u00a0 para que los equipos trabajen a su m\u00e1xima potencia en condiciones climatol\u00f3gicas severas. Otra novedad es un modelo de <strong>contenedor superinsonorizado<\/strong> que, a diferencia de los de serie, integra dos m\u00f3dulos silenciosos externos, uno de admisi\u00f3n y otro de expulsi\u00f3n, con los que ha conseguido disminuir todav\u00eda m\u00e1s las emisiones sonoras de sus equipos: de <strong>75 dB(A) @ 7m de presi\u00f3n sonora<\/strong>\u00a0que presentan los modelos est\u00e1ndar en condiciones normales\u00a0<strong>a los 70 dB(A) @ 7m<\/strong><strong>.<\/strong><\/p>\n<figure id=\"attachment_4055\" aria-describedby=\"caption-attachment-4055\" style=\"width: 580px\" class=\"wp-caption aligncenter\"><img decoding=\"async\" class=\"wp-image-4055 size-full lazyload\" title=\"Grupo electr\u00f3geno de la Gama Pesada en un contenedor super-insonorizado\" data-src=\"\/wp-content\/uploads\/2015\/06\/4_25-aniversario-inmesol-power-solutions.jpg\" alt=\"Grupo electr\u00f3geno de la Gama Pesada en un contenedor super-insonorizado\" width=\"580\" height=\"360\" src=\"data:image\/svg+xml;base64,PHN2ZyB3aWR0aD0iMSIgaGVpZ2h0PSIxIiB4bWxucz0iaHR0cDovL3d3dy53My5vcmcvMjAwMC9zdmciPjwvc3ZnPg==\" style=\"--smush-placeholder-width: 580px; --smush-placeholder-aspect-ratio: 580\/360;\" \/><figcaption id=\"caption-attachment-4055\" class=\"wp-caption-text\">Grupo electr\u00f3geno de la Gama Pesada en un contenedor super-insonorizado<\/figcaption><\/figure>\n<p style=\"text-align: justify;\"><strong>Los nuevos modelos son fruto de meses de investigaci\u00f3n<\/strong> enfocados a seguir siendo l\u00edderes en <strong>equipos punteros que, a su vez, sean respetuosos con el medioambiente<\/strong>; un compromiso que define la pol\u00edtica de empresa de Inmesol desde sus inicios y que traslada a todas las fases de su fabricaci\u00f3n, transporte y vida operativa: los grupos integran los motores m\u00e1s modernos en bajas emisiones, los alternadores se montan con la m\u00e1xima eficiencia, los chasis y las carrocer\u00edas se fabrican con chapa decapada, se trabaja con l\u00e1minas de metal precortadas para reducir los transportes desde la f\u00e1brica y los desechos a reciclar, se mecanizan las chapas mediante punzonado y plegado de las l\u00e1minas de acero en perfiles optimizando la soldadura mediante robots; en la l\u00ednea de montaje, la mayor parte del trabajo se realiza a mano; durante el proceso de pintura,\u00a0 se utiliza un sistema controlado de recubrimiento con polvo que reduce el impacto ambiental durante el secado de diluciones y l\u00edquidos, y constantemente se optimiza el dise\u00f1o de los grupos electr\u00f3genos y de los palets para optimizar el espacio en los camiones y contenedores durante su transporte.<\/p>\n<figure id=\"attachment_4050\" aria-describedby=\"caption-attachment-4050\" style=\"width: 580px\" class=\"wp-caption aligncenter\"><img decoding=\"async\" class=\"wp-image-4050 size-full lazyload\" title=\"Infograf\u00eda que muestra c\u00f3mo optimizamos la capacidad de carga de los contenedores de grupos electr\u00f3genos Inmesol\" data-src=\"\/wp-content\/uploads\/2015\/06\/5_25-aniversario-inmesol-power-solutions.jpg\" alt=\"Infograf\u00eda que muestra c\u00f3mo optimizamos la capacidad de carga de los contenedores de grupos electr\u00f3genos Inmesol\" width=\"580\" height=\"360\" src=\"data:image\/svg+xml;base64,PHN2ZyB3aWR0aD0iMSIgaGVpZ2h0PSIxIiB4bWxucz0iaHR0cDovL3d3dy53My5vcmcvMjAwMC9zdmciPjwvc3ZnPg==\" style=\"--smush-placeholder-width: 580px; --smush-placeholder-aspect-ratio: 580\/360;\" \/><figcaption id=\"caption-attachment-4050\" class=\"wp-caption-text\">Infograf\u00eda que muestra c\u00f3mo optimizamos la capacidad de carga de los contenedores de grupos electr\u00f3genos Inmesol<\/figcaption><\/figure>\n<p style=\"text-align: justify;\">Asimismo, entre las \u00faltimas novedades presentadas por la empresa, tambi\u00e9n destacan los <strong>modelos que permiten monitorizar y controlar a distancia los equipos desde cualquier lugar del mundo a trav\u00e9s de los dispositivos m\u00f3viles<\/strong> (tabletas y tel\u00e9fonos m\u00f3viles, adem\u00e1s de ordenadores); una tecnolog\u00eda que simplifica enormemente las labores de mantenimiento del personal que est\u00e1 a cargo de los equipos y que les permite visualizar en cualquier momento, y en tiempo real, el panel de control e interactuar con \u00e9l remotamente con la misma eficacia que si estuvieran en el mismo emplazamiento, pero ahorrando costes en desplazamientos y un tiempo significativo.<\/p>\n<h3>Torres de iluminaci\u00f3n transportables inteligentes y ecol\u00f3gicas<\/h3>\n<p style=\"text-align: justify;\">Otra l\u00ednea de negocio de la empresa es la fabricaci\u00f3n \u00a0y comercializaci\u00f3n de <strong>torres de iluminaci\u00f3n dise\u00f1adas para poder ser transportadas con celeridad por carreteras y autopistas en situaciones de emergencia en las que se necesita aumentar la iluminaci\u00f3n en una zona determinada o contar con un\u00a0 aporte de energ\u00eda el\u00e9ctrica adicional<\/strong>. Entre los diversos modelos desarrollados destaca el <strong>Kit m\u00f3vil<\/strong> compuesto por una torre y un grupo electr\u00f3geno preparado para ser enganchado y remolcado cumpliendo todas las normativas al respecto (un modelo que adquiri\u00f3 este a\u00f1o el nuevo Aeropuerto Internacional de Bangkok). Las torres son ecol\u00f3gicas: utilizan l\u00e1mparas led (m\u00e1s resistentes que las tradicionales) que reducen sustancialmente el consumo di\u00e9sel del grupo, por lo que el generador, al margen de alimentar los focos, puede utilizarse para alimentar otras cargas auxiliares.<\/p>\n<p style=\"text-align: justify;\">Hace seis meses, la empresa lanz\u00f3 al mercado otro <strong>modelo con iluminaci\u00f3n led que en lugar de tener como fuente de suministro de energ\u00eda un grupo electr\u00f3geno, est\u00e1 dise\u00f1ado para poder conectarse indistintamente tanto a la red el\u00e9ctrica como a un grupo externo<\/strong>. Las torres llevan integrado un reloj de 220 V para\u00a0<strong>programar la hora<\/strong>\u00a0de encendido,\u00a0 un\u00a0<strong>rel\u00e9 crepuscular<\/strong>\u00a0(sensor de luz) que\u00a0<strong>activa los focos al anochecer y los apaga al amanecer<\/strong>, as\u00ed como un\u00a0<strong>detector de movimiento<\/strong>\u00a0que los enciende si se produce cualquier movimiento alrededor de la torre\u00a0<strong>en un \u00e1ngulo de 280\u00ba<\/strong><strong>\u00a0<\/strong>. Asimismo, el modelo est\u00e1 pensado para que las torres se puedan conectar entre s\u00ed y funcionar en serie. Para facilitar su transporte y manipulaci\u00f3n, el dise\u00f1o incorpora ruedas y manillar, y permite desmontar las l\u00e1mparas sin dificultad.\u00a0 Las torres \u201caut\u00f3nomas\u201d, como otros productos que desarrolla la empresa,\u00a0 responden a una demanda de muchos de sus clientes.<\/p>\n<h3>La excelencia que los llev\u00f3 a los Juegos Ol\u00edmpicos de Sochi<\/h3>\n<p style=\"text-align: justify;\"><strong>Los grupos electr\u00f3genos Inmesol est\u00e1n fabricados con materiales de gran calidad<\/strong>: el acero de las carrocer\u00edas y chasis, por ejemplo, es DD11 seg\u00fan EN10111.2008, y la estructura es de acero al carbono laminado de calidad DD11 seg\u00fan EN10111.2008. Las uniones por soldadura se realizan con tecnolog\u00eda MIG-MAG robotizada y la pintura Qualicoat\u00a0 que recubre los equipos evita su corrosi\u00f3n en ambientes salinos y h\u00famedos.<\/p>\n<p style=\"text-align: justify;\"><strong>Otro componente clave de los grupos electr\u00f3genos Inmesol son las centralitas de control<\/strong>, que se mejoran constantemente con los nuevos avances tecnol\u00f3gicos disponibles para facilitar el chequeo de los equipos, programar eventos y alarmas y \u201cblindarlos\u201d ante cualquier eventualidad: integran funciones para la protecci\u00f3n del motor y la vigilancia autom\u00e1tica de las anomal\u00edas que se puedan presentar relacionadas con la corriente, voltaje, frecuencia, velocidad, presi\u00f3n y nivel del aceite, estado del motor, nivel del combustible y del refrigerante, etc., del mismo modo que permiten configurar alarmas para la temperatura y nivel del aceite, para el nivel del refrigerante o para bloquear el equipo cuando se dan ciertos par\u00e1metros.<\/p>\n<p style=\"text-align: justify;\">Los equipos tambi\u00e9n est\u00e1n dise\u00f1ados para poder ser remolcados y alzados con seguridad y estabilidad, e Inmesol dispone de <strong>kits m\u00f3viles<\/strong> homologados para transportar los grupos por carretera o hacerlos circular, por ejemplo, por recintos de obras.<\/p>\n<p style=\"text-align: justify;\">Todas estas caracter\u00edsticas, sumadas a sus <strong>punteras l\u00edneas de producci\u00f3n<\/strong> (robotizadas y, en algunos casos, triplicadas), a sus <strong>exigentes procesos de control de calidad<\/strong> y al <strong>excelente servicio t\u00e9cnico de posventa<\/strong>, han hecho que empresas de todo el mundo conf\u00eden en la tecnolog\u00eda Inmesol. Su maquinaria suministra energ\u00eda en obras p\u00fablicas, hoteles, puertos mar\u00edtimos, instalaciones militares, hospitales, macroconciertos, minas, aeropuertos, etc., tanto como fuente de energ\u00eda principal cuando no existe red el\u00e9ctrica en el lugar, como para actuar en emergencia al m\u00e1ximo rendimiento cuando se produce un fallo en la red.<\/p>\n<p style=\"text-align: justify;\">Un claro ejemplo del recorrido que ha efectuado la empresa en estos 25 a\u00f1os de actividad es la confianza que las empresas contratistas responsables de la construcci\u00f3n de las nuevas infraestructuras de los <strong>Juegos Ol\u00edmpicos de Sochi<\/strong> depositaron en ella como <strong>proveedor de grupos electr\u00f3genos<\/strong>: sus equipos suministraron energ\u00eda durante la fase de obras de El Parque Ol\u00edmpico y se instalaron en el <strong>Centro de Patinaje Oval Ol\u00edmpico y en el Centro de Datos de la organizaci\u00f3n como grupos de emergencia. \u201cEl camino de Inmesol es un camino trazado con el compromiso por la excelencia, un compromiso que est\u00e1 presente en todas las personas que integran la empresa y que se manifiesta en su actitud y capacidad para aportar valor a los proyectos y hacerlos progresar\u201d, afirma Jos\u00e9 Luis Solano al comentar este y otros proyectos recientes, como los que han consolidado a Inmesol desde 2013 como l\u00edder en segmentos de mercado de gran crecimiento como el de las Telecomunicaciones.<\/strong><\/p>\n<figure id=\"attachment_4060\" aria-describedby=\"caption-attachment-4060\" style=\"width: 640px\" class=\"wp-caption aligncenter\"><img decoding=\"async\" class=\"wp-image-4060 size-full lazyload\" title=\"Centro de Patinaje Oval Ol\u00edmpico Sochi 2014\" data-src=\"\/wp-content\/uploads\/2015\/06\/6_25-aniversario-inmesol-power-solutions.jpg\" alt=\"Centro de Patinaje Oval Ol\u00edmpico Sochi 2014\" width=\"640\" height=\"357\" src=\"data:image\/svg+xml;base64,PHN2ZyB3aWR0aD0iMSIgaGVpZ2h0PSIxIiB4bWxucz0iaHR0cDovL3d3dy53My5vcmcvMjAwMC9zdmciPjwvc3ZnPg==\" style=\"--smush-placeholder-width: 640px; --smush-placeholder-aspect-ratio: 640\/357;\" \/><figcaption id=\"caption-attachment-4060\" class=\"wp-caption-text\">Centro de Patinaje Oval Ol\u00edmpico Sochi 2014- Fotograf\u00eda: p\u00e1gina web del Comit\u00e9 Organizador de los Juegos<\/figcaption><\/figure>\n<h3>Las claves del crecimiento: innovaci\u00f3n, capital humano y exportaci\u00f3n<\/h3>\n<p style=\"text-align: justify;\">Para su presidente fundador, Inmesol es el resultado de su visi\u00f3n de la vida y el trabajo, cuyos paradigmas conforman su cultura empresarial. En lugar de instalarse en las zonas de confort, permanentemente se plantean nuevos retos. Esta capacidad para abordar desaf\u00edos y su vocaci\u00f3n de servicio impregnan toda la organizaci\u00f3n. La formaci\u00f3n continua del personal y la investigaci\u00f3n \u00a0se traducen en una gran capacidad para innovar y en un excelente asesoramiento t\u00e9cnico a los clientes. \u201cEl capital humano de Inmesol es nuestro mayor activo, trabajamos para hacer crecer los proyectos de nuestros clientes\u201d, asegura el director financiero de la empresa, Jes\u00fas Fern\u00e1ndez Cano. Esta filosof\u00eda que act\u00faa como motor interno es precisamente la que les ha abierto las puertas de los mercados internacionales y la que les ha permitido crecer en tiempos de crisis. <strong>En los \u00faltimos cinco a\u00f1os, Inmesol ha incrementado su producci\u00f3n un 100 %<\/strong>, <strong>su red de distribuidores\/clientes en un 50 %<\/strong> y actualmente <strong>exporta el 96 % de su producci\u00f3n<\/strong>. \u201cEn los \u00faltimos tres a\u00f1os <strong>hemos ampliado la plantilla de ingenieros t\u00e9cnicos un 100 %<\/strong> para reforzar el servicio posventa\u201d, agrega Cano. Con una <strong>s\u00f3lida presencia en los pa\u00edses de Oriente Medio, \u00c1frica, Europa y Sudam\u00e9rica<\/strong>, <strong>su objetivo para los pr\u00f3ximos cinco a\u00f1os es expandir su red de distribuci\u00f3n a m\u00e1s de 120 pa\u00edses<\/strong> manteniendo la competitividad.<\/p>\n<figure id=\"attachment_4049\" aria-describedby=\"caption-attachment-4049\" style=\"width: 600px\" class=\"wp-caption aligncenter\"><img decoding=\"async\" class=\"wp-image-4049 size-full lazyload\" title=\"Grupos electr\u00f3genos que se exportan\" data-src=\"\/wp-content\/uploads\/2015\/06\/7_25-aniversario-inmesol-power-solutions.jpg\" alt=\"Grupos electr\u00f3genos que se exportan\" width=\"600\" height=\"350\" src=\"data:image\/svg+xml;base64,PHN2ZyB3aWR0aD0iMSIgaGVpZ2h0PSIxIiB4bWxucz0iaHR0cDovL3d3dy53My5vcmcvMjAwMC9zdmciPjwvc3ZnPg==\" style=\"--smush-placeholder-width: 600px; --smush-placeholder-aspect-ratio: 600\/350;\" \/><figcaption id=\"caption-attachment-4049\" class=\"wp-caption-text\">Grupos electr\u00f3genos que se exportan<\/figcaption><\/figure>\n<h3>Una empresa socialmente comprometida<\/h3>\n<p style=\"text-align: justify;\">Desde hace cinco a\u00f1os, Inmesol patrocina el equipo T\u00e1nden-Murcia de ciclismo, medallista de los Juegos Paral\u00edmpicos. El af\u00e1n de superaci\u00f3n del deportista de \u00e9lite Miguel \u00c1ngel Clemente, quien sufre una enfermedad degenerativa de la retina, es un valor con el que la empresa se siente identificada, motivo por el que le apoya financiando los costes de sus entrenamientos diarios y de las concentraciones y competiciones a las que se presenta; actividades que requieren un gu\u00eda, un entrenador y un equipo m\u00e9dico. El T\u00e1ndem-Murcia ha sido Medalla de bronce en las Olimpiadas de Londres 2012, Medalla de plata en el Campeonato del Mundo de Pista de Los \u00c1ngeles y Medalla de oro en el Campeonato de Espa\u00f1a de Ciclismo Adaptado en la prueba de Fondo en Carretera (2010) y en el Campeonato de Espa\u00f1a de Ciclismo Adaptado en la modalidad de Contrarreloj (2012).<\/p>\n<h3>Comunicaci\u00f3n corporativa en las plataformas digitales<\/h3>\n<p style=\"text-align: justify;\">La empresa es consciente del inmenso potencial de Internet en una sociedad globalizada y de la necesidad de establecer y cuidar la comunicaci\u00f3n con sus clientes y <em>prospects<\/em> aprovechando los recursos digitales. Por este motivo, su <strong>estrategia de comunicaci\u00f3n<\/strong> incluye desde hace tres a\u00f1os una activa generaci\u00f3n de informaci\u00f3n en seis idiomas tanto en su p\u00e1gina web como en su blog corporativo, y una actividad constante en las redes sociales, as\u00ed como el env\u00edo de puntuales boletines informativos a sus clientes para hacerles part\u00edcipes de las novedades que genera la empresa y acercarles las noticias m\u00e1s destacables del sector de la energ\u00eda, la investigaci\u00f3n y la tecnolog\u00eda (<strong>www.inmesol.es<\/strong>).<\/p>\n<p style=\"text-align: justify;\">Revistas de reconocido prestigio en medio oriente han hecho eco de la celebraci\u00f3n del INMESOL, tales como \u201cTechnical Review\u201d en las p\u00e1gs. 36, 37 y 38:<\/p>\n","protected":false},"excerpt":{"rendered":"<p>Inmesol, una empresa que actualmente est\u00e1 presente en m\u00e1s de 80 pa\u00edses de los cinco continentes con una amplia gama de equipos que integran la tecnolog\u00eda m\u00e1s innovadora para los mercados m\u00e1s exigentes, y que crece a un ritmo anual del 25%.<\/p>\n","protected":false},"author":2,"featured_media":4053,"comment_status":"closed","ping_status":"closed","sticky":false,"template":"","format":"standard","meta":{"inline_featured_image":false,"footnotes":""},"categories":[17,32],"tags":[],"categorias-smart-power-":[],"paises-":[],"class_list":["post-4056","post","type-post","status-publish","format-standard","has-post-thumbnail","hentry","category-corporativo","category-espanol"],"_links":{"self":[{"href":"https:\/\/www.inmesol.com\/en\/wp-json\/wp\/v2\/posts\/4056","targetHints":{"allow":["GET"]}}],"collection":[{"href":"https:\/\/www.inmesol.com\/en\/wp-json\/wp\/v2\/posts"}],"about":[{"href":"https:\/\/www.inmesol.com\/en\/wp-json\/wp\/v2\/types\/post"}],"author":[{"embeddable":true,"href":"https:\/\/www.inmesol.com\/en\/wp-json\/wp\/v2\/users\/2"}],"replies":[{"embeddable":true,"href":"https:\/\/www.inmesol.com\/en\/wp-json\/wp\/v2\/comments?post=4056"}],"version-history":[{"count":0,"href":"https:\/\/www.inmesol.com\/en\/wp-json\/wp\/v2\/posts\/4056\/revisions"}],"wp:featuredmedia":[{"embeddable":true,"href":"https:\/\/www.inmesol.com\/en\/wp-json\/"}],"wp:attachment":[{"href":"https:\/\/www.inmesol.com\/en\/wp-json\/wp\/v2\/media?parent=4056"}],"wp:term":[{"taxonomy":"category","embeddable":true,"href":"https:\/\/www.inmesol.com\/en\/wp-json\/wp\/v2\/categories?post=4056"},{"taxonomy":"post_tag","embeddable":true,"href":"https:\/\/www.inmesol.com\/en\/wp-json\/wp\/v2\/tags?post=4056"},{"taxonomy":"categorias-smart-power-","embeddable":true,"href":"https:\/\/www.inmesol.com\/en\/wp-json\/wp\/v2\/categorias-smart-power-?post=4056"},{"taxonomy":"paises-","embeddable":true,"href":"https:\/\/www.inmesol.com\/en\/wp-json\/wp\/v2\/paises-?post=4056"}],"curies":[{"name":"wp","href":"https:\/\/api.w.org\/{rel}","templated":true}]}}