{"id":4587,"date":"2015-12-10T10:38:11","date_gmt":"2015-12-10T09:38:11","guid":{"rendered":"http:\/\/www.inmesol.es\/blog\/?p=4587"},"modified":"2025-01-09T12:00:29","modified_gmt":"2025-01-09T12:00:29","slug":"nuestro-distribuidor-global-assitance-participa-en-las-jornadas-mineras-y-petroliferas-de-mali-jmp-en-su-sexta-edicion","status":"publish","type":"post","link":"https:\/\/www.inmesol.com\/en\/blog\/nuestro-distribuidor-global-assitance-participa-en-las-jornadas-mineras-y-petroliferas-de-mali-jmp-en-su-sexta-edicion\/","title":{"rendered":"Nuestro distribuidor Global Assitance, participa en las Jornadas Mineras y Petrol\u00edferas de Mali, JMP, en su sexta edici\u00f3n"},"content":{"rendered":"<p><strong>Mali<\/strong> es uno de los principales pa\u00edses <strong>productores de oro<\/strong> con importantes reservas de \u00c1frica, por lo que este evento, http:\/\/fr.jmpmali.com\/,\u00a0 se ha convertido en uno de los m\u00e1s relevantes de la econom\u00eda maliense. Donde se producen operaciones <strong>de intercambio y cooperaci\u00f3n<\/strong> entre las distintas compa\u00f1\u00edas del <strong>sector minero y petrol\u00edfero<\/strong>.<\/p>\n<p>Este a\u00f1o han sido celebradas durante los d\u00edas 17, 18 y 19 de Noviembre, en el <strong>Centro Internacional de Conferencias de Bamako<\/strong>, en Mali.<\/p>\n<p><strong><em>\u201cEl aumento de la contribuci\u00f3n de la miner\u00eda a la econom\u00eda en Mali\u201d<\/em><\/strong> fue el tema elegido como argumento principal y entorno a \u00e9l, 58 oradores, entre los que se encontraban importantes <strong>personalidades del Gobierno de la Rep\u00fablica de Mali<\/strong>, expusieron sus ponencias.<\/p>\n<p>La calidad de los ponentes llam\u00f3 poderosamente la atenci\u00f3n entre los asistentes quienes escuchaban con atenci\u00f3n sus <strong>recomendaciones y conclusiones<\/strong>.<\/p>\n<figure id=\"attachment_4583\" aria-describedby=\"caption-attachment-4583\" style=\"width: 620px\" class=\"wp-caption aligncenter\"><img fetchpriority=\"high\" decoding=\"async\" class=\"wp-image-4583 size-full\" title=\"Ponentes y participantes en su intervenci\u00f3n en la sexta edici\u00f3n de JMP\" src=\"\/wp-content\/uploads\/2015\/12\/nuestro-distribuidor-global-assitance-participa-en-las-jornadas-mineras-y-petroliferas-de-mali-jmp-en-su-sexta-edicion.jpg\" alt=\"Ponentes y participantes en su intervenci\u00f3n en la sexta edici\u00f3n de JMP\" width=\"620\" height=\"450\" \/><figcaption id=\"caption-attachment-4583\" class=\"wp-caption-text\">Ponentes y participantes en su intervenci\u00f3n en la sexta edici\u00f3n de JMP<\/figcaption><\/figure>\n<p>La participaci\u00f3n en JMP super\u00f3 los <strong>900 asistentes<\/strong>, de los cuales adem\u00e1s de <strong>Mali y el continente africano<\/strong>, muchos de ellos ven\u00edan de <strong>Europa, Asia y Am\u00e9rica del Norte<\/strong>.<\/p>\n<p>El n\u00famero de <strong>expositores<\/strong> aument\u00f3 hasta <strong>68<\/strong>, los cuales presentaron sus <strong>productos<\/strong> m\u00e1s novedosos y servicios, en las diferentes salas de exposiciones habilitadas para ello.<\/p>\n<p>Uno de estos expositores, ha sido nuestro\u00a0importador y distribuidor <strong>Global Assistance<\/strong>, que est\u00e1 realizando un extraordinario trabajo de promoci\u00f3n de la marca <strong>INMESOL<\/strong> como una\u00a0<strong>marca espa\u00f1ola de referencia<\/strong>, que ofrece grupos electr\u00f3genos de <strong>2,5 a<\/strong><strong> 2500 kVA<\/strong> con la calidad, robustez y la perfecta adaptabilidad que la <strong>industria minera<\/strong> demanda.<\/p>\n<figure id=\"attachment_4585\" aria-describedby=\"caption-attachment-4585\" style=\"width: 640px\" class=\"wp-caption aligncenter\"><img decoding=\"async\" class=\"wp-image-4585 size-full lazyload\" title=\"Stand de Global Assistance en la sala expositora del evento JMP\" data-src=\"\/wp-content\/uploads\/2015\/12\/1_nuestro-distribuidor-global-assitance-participa-en-las-jornadas-mineras-y-petroliferas-de-mali-jmp-en-su-sexta-edicion.jpg\" alt=\"Stand de Global Assistance en la sala expositora del evento JMP\" width=\"640\" height=\"450\" src=\"data:image\/svg+xml;base64,PHN2ZyB3aWR0aD0iMSIgaGVpZ2h0PSIxIiB4bWxucz0iaHR0cDovL3d3dy53My5vcmcvMjAwMC9zdmciPjwvc3ZnPg==\" style=\"--smush-placeholder-width: 640px; --smush-placeholder-aspect-ratio: 640\/450;\" \/><figcaption id=\"caption-attachment-4585\" class=\"wp-caption-text\">Stand de Global Assistance en la sala expositora del evento JMP<\/figcaption><\/figure>\n<p>El <strong>balance<\/strong> sobre el importante evento ha sido m\u00e1s que satisfactorio, destacando el gran inter\u00e9s que despertaron los grupos electr\u00f3genos presentados, adem\u00e1s de recoger las necesidades que actualmente se demanda dentro del sector minero maliense; el gran potencial de Mali en el sector de la miner\u00eda origina grandes plantas y por ende demandan grupos electr\u00f3genos del orden de entre <strong><a href=\"http:\/\/www.inmesol.es\/grupos-electrogenos\/gamas-grupos-electrogenos-inmesol\/gama-pesada.asp\" target=\"_blank\" rel=\"noopener\">800 y 1000 kVA<\/a><\/strong><strong>.<\/strong><\/p>\n<p>As\u00ed mismo, se recibieron numerosas peticiones de <strong>cotizaci\u00f3n<\/strong> de grupos electr\u00f3genos por parte de <strong>empresas petrol\u00edferas<\/strong> para sus <strong>estaciones de servicio<\/strong>.<\/p>\n<ul>\n<li><strong><u>Los grupos electr\u00f3genos en el sector de la miner\u00eda<\/u><\/strong><\/li>\n<\/ul>\n<p>Los grupos electr\u00f3genos forman una parte fundamental en el sector de la miner\u00eda para aportar energ\u00eda el\u00e9ctrica necesaria a la <strong>maquinaria e infraestructura de la explotaci\u00f3n minera<\/strong>, tanto en la extracci\u00f3n como en el procesado industrial de minerales.<\/p>\n<p><strong>INMESOL<\/strong> conoce bien los requerimientos de los equipos que van a ser usados en este tipo de instalaciones y proporciona <strong>\u00f3ptimas soluciones<\/strong> a las empresas mineras con sus particulares condiciones de trabajo.<\/p>\n<figure id=\"attachment_4586\" aria-describedby=\"caption-attachment-4586\" style=\"width: 640px\" class=\"wp-caption aligncenter\"><img decoding=\"async\" class=\"wp-image-4586 size-full lazyload\" title=\"Grupos electr\u00f3genos IP-014, IP-0 50 e IP-066\" data-src=\"\/wp-content\/uploads\/2015\/12\/2_nuestro-distribuidor-global-assitance-participa-en-las-jornadas-mineras-y-petroliferas-de-mali-jmp-en-su-sexta-edicion.jpg\" alt=\"Grupos electr\u00f3genos IP-014, IP-0 50 e IP-066\" width=\"640\" height=\"368\" src=\"data:image\/svg+xml;base64,PHN2ZyB3aWR0aD0iMSIgaGVpZ2h0PSIxIiB4bWxucz0iaHR0cDovL3d3dy53My5vcmcvMjAwMC9zdmciPjwvc3ZnPg==\" style=\"--smush-placeholder-width: 640px; --smush-placeholder-aspect-ratio: 640\/368;\" \/><figcaption id=\"caption-attachment-4586\" class=\"wp-caption-text\">Grupos electr\u00f3genos IP-014, IP-0 50 e IP-066<\/figcaption><\/figure>\n<h4><strong>Datos de contacto del distribuidor Inmesol en Mali<\/strong>:<\/h4>\n<p><strong>GLOBAL ASSISTANCE<\/strong><\/p>\n<p>Faso Kanu, rue 895 porte 78 &#8211; \u00a0Bamako &#8211; R\u00e9publique du Mali<\/p>\n<p>T\u00e9l\u00a0: +223 20 28 10 57<\/p>\n<p>+223\u00a076 45 11 11<\/p>\n<p>+223\u00a066 79 00 01<\/p>\n","protected":false},"excerpt":{"rendered":"<p>Este a\u00f1o han sido celebradas durante los d\u00edas 17, 18 y 19 de Noviembre, en el Centro Internacional de Conferencias de Bamako, en Mali.<\/p>\n","protected":false},"author":2,"featured_media":4584,"comment_status":"open","ping_status":"closed","sticky":false,"template":"","format":"standard","meta":{"inline_featured_image":false,"footnotes":""},"categories":[19,26,32],"tags":[],"categorias-smart-power-":[],"paises-":[],"class_list":["post-4587","post","type-post","status-publish","format-standard","has-post-thumbnail","hentry","category-ferias-eventos","category-distribuidores","category-espanol"],"_links":{"self":[{"href":"https:\/\/www.inmesol.com\/en\/wp-json\/wp\/v2\/posts\/4587","targetHints":{"allow":["GET"]}}],"collection":[{"href":"https:\/\/www.inmesol.com\/en\/wp-json\/wp\/v2\/posts"}],"about":[{"href":"https:\/\/www.inmesol.com\/en\/wp-json\/wp\/v2\/types\/post"}],"author":[{"embeddable":true,"href":"https:\/\/www.inmesol.com\/en\/wp-json\/wp\/v2\/users\/2"}],"replies":[{"embeddable":true,"href":"https:\/\/www.inmesol.com\/en\/wp-json\/wp\/v2\/comments?post=4587"}],"version-history":[{"count":0,"href":"https:\/\/www.inmesol.com\/en\/wp-json\/wp\/v2\/posts\/4587\/revisions"}],"wp:featuredmedia":[{"embeddable":true,"href":"https:\/\/www.inmesol.com\/en\/wp-json\/"}],"wp:attachment":[{"href":"https:\/\/www.inmesol.com\/en\/wp-json\/wp\/v2\/media?parent=4587"}],"wp:term":[{"taxonomy":"category","embeddable":true,"href":"https:\/\/www.inmesol.com\/en\/wp-json\/wp\/v2\/categories?post=4587"},{"taxonomy":"post_tag","embeddable":true,"href":"https:\/\/www.inmesol.com\/en\/wp-json\/wp\/v2\/tags?post=4587"},{"taxonomy":"categorias-smart-power-","embeddable":true,"href":"https:\/\/www.inmesol.com\/en\/wp-json\/wp\/v2\/categorias-smart-power-?post=4587"},{"taxonomy":"paises-","embeddable":true,"href":"https:\/\/www.inmesol.com\/en\/wp-json\/wp\/v2\/paises-?post=4587"}],"curies":[{"name":"wp","href":"https:\/\/api.w.org\/{rel}","templated":true}]}}