{"id":4660,"date":"2016-02-10T10:37:57","date_gmt":"2016-02-10T09:37:57","guid":{"rendered":"http:\/\/www.inmesol.es\/blog\/?p=4660"},"modified":"2025-01-09T12:04:51","modified_gmt":"2025-01-09T12:04:51","slug":"se-acerca-la-fecha-del-evento-mas-importante-del-mundo-del-sector-de-la-energia-mee-e-inmesol-no-faltara-a-la-cita","status":"publish","type":"post","link":"https:\/\/www.inmesol.com\/en\/blog\/se-acerca-la-fecha-del-evento-mas-importante-del-mundo-del-sector-de-la-energia-mee-e-inmesol-no-faltara-a-la-cita\/","title":{"rendered":"Se acerca la fecha del evento m\u00e1s importante del sector de la energ\u00eda, MEE. Grupos electr\u00f3genos INMESOL no faltar\u00e1 a la cita"},"content":{"rendered":"<p style=\"text-align: center;\"><img fetchpriority=\"high\" decoding=\"async\" class=\"aligncenter size-full wp-image-4654\" src=\"\/wp-content\/uploads\/2016\/02\/se-acerca-la-fecha-del-evento-mas-importante-del-mundo-del-sector-de-la-energia-mee-e-inmesol-no-faltara-a-la-cita.jpg\" alt=\"Middle East Electricity 2016\" width=\"600\" height=\"100\" title=\"\" srcset=\"https:\/\/www.inmesol.com\/wp-content\/uploads\/2016\/02\/se-acerca-la-fecha-del-evento-mas-importante-del-mundo-del-sector-de-la-energia-mee-e-inmesol-no-faltara-a-la-cita.jpg 600w, https:\/\/www.inmesol.com\/wp-content\/uploads\/2016\/02\/se-acerca-la-fecha-del-evento-mas-importante-del-mundo-del-sector-de-la-energia-mee-e-inmesol-no-faltara-a-la-cita-300x50.jpg 300w\" sizes=\"(max-width: 600px) 100vw, 600px\"><\/p>\n<p style=\"text-align: left;\">Del <strong>1 al 3 de Marzo<\/strong>, en el <strong>World Trade Centre de Dub\u00e1i <\/strong><strong>(Emiratos \u00c1rabes Unidos)<\/strong>, miles de profesionales se dar\u00e1n cita en el evento m\u00e1s grande del mundo sobre el <strong>sector energ\u00e9tico<\/strong> que abarca todo lo relacionado con la <strong>generaci\u00f3n, transmisi\u00f3n y distribuci\u00f3n<\/strong> de energ\u00eda.<\/p>\n<p style=\"text-align: left;\"><strong>MEE<\/strong> es un encuentro internacional donde cada a\u00f1o el n\u00famero de expositores aumenta progresivamente, superando la pasada edici\u00f3n los 1550, hecho que confirma la relevancia de <strong>Feria.<\/strong> Se trata de un escaparate \u00fanico donde los expositores muestran las \u00faltimas <strong>novedades<\/strong> de sus productos y servicios a miles de visitantes; alrededor de 22000 visitantes \u00fanicos de 126 pa\u00edses diferentes asistieron el a\u00f1o pasado.<\/p>\n<p style=\"text-align: left;\"><strong>Inmesol lleva participando 6 a\u00f1os consecutivos como empresa expositora en este importante evento.<\/strong><\/p>\n<figure id=\"attachment_4657\" aria-describedby=\"caption-attachment-4657\" style=\"width: 640px\" class=\"wp-caption aligncenter\"><img decoding=\"async\" class=\"size-full wp-image-4657 lazyload\" data-src=\"\/wp-content\/uploads\/2016\/02\/1_se-acerca-la-fecha-del-evento-mas-importante-del-mundo-del-sector-de-la-energia-mee-e-inmesol-no-faltara-a-la-cita.jpg\" alt=\"Estand de Inmesol en la pasada edici\u00f3n de la Middle East Electricity\" width=\"640\" height=\"450\" title=\"\" src=\"data:image\/svg+xml;base64,PHN2ZyB3aWR0aD0iMSIgaGVpZ2h0PSIxIiB4bWxucz0iaHR0cDovL3d3dy53My5vcmcvMjAwMC9zdmciPjwvc3ZnPg==\" style=\"--smush-placeholder-width: 640px; --smush-placeholder-aspect-ratio: 640\/450;\" data-srcset=\"https:\/\/www.inmesol.com\/wp-content\/uploads\/2016\/02\/1_se-acerca-la-fecha-del-evento-mas-importante-del-mundo-del-sector-de-la-energia-mee-e-inmesol-no-faltara-a-la-cita.jpg 640w, https:\/\/www.inmesol.com\/wp-content\/uploads\/2016\/02\/1_se-acerca-la-fecha-del-evento-mas-importante-del-mundo-del-sector-de-la-energia-mee-e-inmesol-no-faltara-a-la-cita-300x211.jpg 300w\" data-sizes=\"auto\" data-original-sizes=\"(max-width: 640px) 100vw, 640px\"><figcaption id=\"caption-attachment-4657\" class=\"wp-caption-text\">Estand de Inmesol en la pasada edici\u00f3n de la Middle East Electricity<\/figcaption><\/figure>\n<p style=\"text-align: left;\">A lo largo de este tiempo, esta constante <strong>presencia<\/strong> ha originado un continuo crecimiento de\u00a0 relaciones comerciales que se han ido consolidando con empresas distribuidoras de <strong>material el\u00e9ctrico e industrial<\/strong>, empresas de <strong>ingenier\u00eda, Trading y Rental. <\/strong>Hoy en d\u00eda <strong>Inmesol <\/strong>tiene presencia en <strong>todos los pa\u00edses de Oriente Medio<\/strong> con la colaboraci\u00f3n de grandes distribuidores que est\u00e1n afianzando <strong>la marca Inmesol como sin\u00f3nimo de excelencia en la fabricaci\u00f3n de grupos electr\u00f3genos.<\/strong><\/p>\n<figure id=\"attachment_4656\" aria-describedby=\"caption-attachment-4656\" style=\"width: 640px\" class=\"wp-caption aligncenter\"><img decoding=\"async\" class=\"size-full wp-image-4656 lazyload\" data-src=\"\/wp-content\/uploads\/2016\/02\/2_se-acerca-la-fecha-del-evento-mas-importante-del-mundo-del-sector-de-la-energia-mee-e-inmesol-no-faltara-a-la-cita.jpg\" alt=\"Visitantes al stand de Inmesol la pasada edici\u00f3n\" width=\"640\" height=\"450\" title=\"\" src=\"data:image\/svg+xml;base64,PHN2ZyB3aWR0aD0iMSIgaGVpZ2h0PSIxIiB4bWxucz0iaHR0cDovL3d3dy53My5vcmcvMjAwMC9zdmciPjwvc3ZnPg==\" style=\"--smush-placeholder-width: 640px; --smush-placeholder-aspect-ratio: 640\/450;\" data-srcset=\"https:\/\/www.inmesol.com\/wp-content\/uploads\/2016\/02\/2_se-acerca-la-fecha-del-evento-mas-importante-del-mundo-del-sector-de-la-energia-mee-e-inmesol-no-faltara-a-la-cita.jpg 640w, https:\/\/www.inmesol.com\/wp-content\/uploads\/2016\/02\/2_se-acerca-la-fecha-del-evento-mas-importante-del-mundo-del-sector-de-la-energia-mee-e-inmesol-no-faltara-a-la-cita-300x211.jpg 300w\" data-sizes=\"auto\" data-original-sizes=\"(max-width: 640px) 100vw, 640px\"><figcaption id=\"caption-attachment-4656\" class=\"wp-caption-text\">Visitantes al stand de Inmesol la pasada edici\u00f3n<\/figcaption><\/figure>\n<p>En nuestro estand se expondr\u00e1n cuatro equipos pertenecientes a diferentes gamas y distintas motorizaciones:<\/p>\n<ul>\n<li>Grupo electr\u00f3geno de la gama <strong>Rental<\/strong> de 66 Kva LTP, insonoro con motor <strong>FPT-IVECO<\/strong>, modelo <strong>IIR-066<\/strong> (ficha t\u00e9cnica).<\/li>\n<li>Grupo electr\u00f3geno\u00a0<strong>abierto<\/strong> de la gama de <strong>Emergencia<\/strong> con motor <strong>Kohler<\/strong> de 22 kva LTP, modelo <strong>AK-022<\/strong> (ficha t\u00e9cnica).<\/li>\n<li>Grupo electr\u00f3geno\u00a0<strong>insonoro <\/strong>de la gama <strong>Industrial<\/strong> 22 kVA LTP con motor <strong>Perkins<\/strong>, cuadro auto sin conmutador, modelo <strong>IP-022<\/strong>.<\/li>\n<li>Grupo electr\u00f3geno\u00a0<strong>insonoro <\/strong>de 110 Kva LTP con motor <strong>Volvo<\/strong>, cuadro auto sin conmutador, modelo <strong>IV-165<\/strong> (ficha t\u00e9cnica).<\/li>\n<\/ul>\n<figure id=\"attachment_4651\" aria-describedby=\"caption-attachment-4651\" style=\"width: 450px\" class=\"wp-caption aligncenter\"><img decoding=\"async\" class=\"wp-image-4651 size-full lazyload\" title=\"Grupo electr\u00f3geno de la gama Rental\" data-src=\"\/wp-content\/uploads\/2016\/02\/3_se-acerca-la-fecha-del-evento-mas-importante-del-mundo-del-sector-de-la-energia-mee-e-inmesol-no-faltara-a-la-cita.jpg\" alt=\"Grupo electr\u00f3geno modelo IIR-066\" width=\"450\" height=\"350\" src=\"data:image\/svg+xml;base64,PHN2ZyB3aWR0aD0iMSIgaGVpZ2h0PSIxIiB4bWxucz0iaHR0cDovL3d3dy53My5vcmcvMjAwMC9zdmciPjwvc3ZnPg==\" style=\"--smush-placeholder-width: 450px; --smush-placeholder-aspect-ratio: 450\/350;\" data-srcset=\"https:\/\/www.inmesol.com\/wp-content\/uploads\/2016\/02\/3_se-acerca-la-fecha-del-evento-mas-importante-del-mundo-del-sector-de-la-energia-mee-e-inmesol-no-faltara-a-la-cita.jpg 450w, https:\/\/www.inmesol.com\/wp-content\/uploads\/2016\/02\/3_se-acerca-la-fecha-del-evento-mas-importante-del-mundo-del-sector-de-la-energia-mee-e-inmesol-no-faltara-a-la-cita-300x233.jpg 300w\" data-sizes=\"auto\" data-original-sizes=\"(max-width: 450px) 100vw, 450px\" \/><figcaption id=\"caption-attachment-4651\" class=\"wp-caption-text\">Grupo electr\u00f3geno de la gama Rental con motor FPT-IVECO modelo IIR-066<\/figcaption><\/figure>\n<figure id=\"attachment_4659\" aria-describedby=\"caption-attachment-4659\" style=\"width: 450px\" class=\"wp-caption aligncenter\"><img decoding=\"async\" class=\"wp-image-4659 size-full lazyload\" title=\"Grupo electr\u00f3geno abierto gama de Emergencia\" data-src=\"\/wp-content\/uploads\/2016\/02\/4_se-acerca-la-fecha-del-evento-mas-importante-del-mundo-del-sector-de-la-energia-mee-e-inmesol-no-faltara-a-la-cita.jpg\" alt=\"Grupo electr\u00f3geno abierto modelo IK-022\" width=\"450\" height=\"350\" src=\"data:image\/svg+xml;base64,PHN2ZyB3aWR0aD0iMSIgaGVpZ2h0PSIxIiB4bWxucz0iaHR0cDovL3d3dy53My5vcmcvMjAwMC9zdmciPjwvc3ZnPg==\" style=\"--smush-placeholder-width: 450px; --smush-placeholder-aspect-ratio: 450\/350;\" data-srcset=\"https:\/\/www.inmesol.com\/wp-content\/uploads\/2016\/02\/4_se-acerca-la-fecha-del-evento-mas-importante-del-mundo-del-sector-de-la-energia-mee-e-inmesol-no-faltara-a-la-cita.jpg 450w, https:\/\/www.inmesol.com\/wp-content\/uploads\/2016\/02\/4_se-acerca-la-fecha-del-evento-mas-importante-del-mundo-del-sector-de-la-energia-mee-e-inmesol-no-faltara-a-la-cita-300x233.jpg 300w\" data-sizes=\"auto\" data-original-sizes=\"(max-width: 450px) 100vw, 450px\" \/><figcaption id=\"caption-attachment-4659\" class=\"wp-caption-text\">Grupo electr\u00f3geno abierto de la gama de Emergencia con motor Kohler modelo IK-022<\/figcaption><\/figure>\n<figure id=\"attachment_4653\" aria-describedby=\"caption-attachment-4653\" style=\"width: 450px\" class=\"wp-caption aligncenter\"><img decoding=\"async\" class=\"wp-image-4653 size-full lazyload\" title=\"Grupo electr\u00f3geno modelo IP-022\" data-src=\"\/wp-content\/uploads\/2016\/02\/5_se-acerca-la-fecha-del-evento-mas-importante-del-mundo-del-sector-de-la-energia-mee-e-inmesol-no-faltara-a-la-cita.jpg\" alt=\"Grupo electr\u00f3geno insonorizado gama Industrial\" width=\"450\" height=\"350\" src=\"data:image\/svg+xml;base64,PHN2ZyB3aWR0aD0iMSIgaGVpZ2h0PSIxIiB4bWxucz0iaHR0cDovL3d3dy53My5vcmcvMjAwMC9zdmciPjwvc3ZnPg==\" style=\"--smush-placeholder-width: 450px; --smush-placeholder-aspect-ratio: 450\/350;\" data-srcset=\"https:\/\/www.inmesol.com\/wp-content\/uploads\/2016\/02\/5_se-acerca-la-fecha-del-evento-mas-importante-del-mundo-del-sector-de-la-energia-mee-e-inmesol-no-faltara-a-la-cita.jpg 450w, https:\/\/www.inmesol.com\/wp-content\/uploads\/2016\/02\/5_se-acerca-la-fecha-del-evento-mas-importante-del-mundo-del-sector-de-la-energia-mee-e-inmesol-no-faltara-a-la-cita-300x233.jpg 300w\" data-sizes=\"auto\" data-original-sizes=\"(max-width: 450px) 100vw, 450px\" \/><figcaption id=\"caption-attachment-4653\" class=\"wp-caption-text\">Grupo electr\u00f3geno insonorizado de la gama Industrial modelo IP-022<\/figcaption><\/figure>\n<figure id=\"attachment_4652\" aria-describedby=\"caption-attachment-4652\" style=\"width: 450px\" class=\"wp-caption aligncenter\"><img decoding=\"async\" class=\"wp-image-4652 size-full lazyload\" title=\"Grupo electr\u00f3geno modelo IV-110\" data-src=\"\/wp-content\/uploads\/2016\/02\/6_se-acerca-la-fecha-del-evento-mas-importante-del-mundo-del-sector-de-la-energia-mee-e-inmesol-no-faltara-a-la-cita.jpg\" alt=\"Grupo electr\u00f3geno insonorizado gama Emergencia\" width=\"450\" height=\"350\" src=\"data:image\/svg+xml;base64,PHN2ZyB3aWR0aD0iMSIgaGVpZ2h0PSIxIiB4bWxucz0iaHR0cDovL3d3dy53My5vcmcvMjAwMC9zdmciPjwvc3ZnPg==\" style=\"--smush-placeholder-width: 450px; --smush-placeholder-aspect-ratio: 450\/350;\" data-srcset=\"https:\/\/www.inmesol.com\/wp-content\/uploads\/2016\/02\/6_se-acerca-la-fecha-del-evento-mas-importante-del-mundo-del-sector-de-la-energia-mee-e-inmesol-no-faltara-a-la-cita.jpg 450w, https:\/\/www.inmesol.com\/wp-content\/uploads\/2016\/02\/6_se-acerca-la-fecha-del-evento-mas-importante-del-mundo-del-sector-de-la-energia-mee-e-inmesol-no-faltara-a-la-cita-300x233.jpg 300w\" data-sizes=\"auto\" data-original-sizes=\"(max-width: 450px) 100vw, 450px\" \/><figcaption id=\"caption-attachment-4652\" class=\"wp-caption-text\">Grupo electr\u00f3geno insonorizado de la gama Emergencia modelo IV-110<\/figcaption><\/figure>\n<p>Les invitamos a <strong>visitarnos<\/strong> en la Middle East Electricity en el estand <strong>S2A60<\/strong> y ampliarle toda la informaci\u00f3n sobre los equipos presentados \u00f3 cualquier otro de nuestra gama de productos.<\/p>\n<figure id=\"attachment_4655\" aria-describedby=\"caption-attachment-4655\" style=\"width: 580px\" class=\"wp-caption aligncenter\"><img decoding=\"async\" class=\"size-full wp-image-4655 lazyload\" data-src=\"\/wp-content\/uploads\/2016\/02\/7_se-acerca-la-fecha-del-evento-mas-importante-del-mundo-del-sector-de-la-energia-mee-e-inmesol-no-faltara-a-la-cita.jpg\" alt=\"Situaci\u00f3n del estand de INMESOL dentro del recinto World Trade Centre de Dub\u00e1i\" width=\"580\" height=\"475\" title=\"\" src=\"data:image\/svg+xml;base64,PHN2ZyB3aWR0aD0iMSIgaGVpZ2h0PSIxIiB4bWxucz0iaHR0cDovL3d3dy53My5vcmcvMjAwMC9zdmciPjwvc3ZnPg==\" style=\"--smush-placeholder-width: 580px; --smush-placeholder-aspect-ratio: 580\/475;\" data-srcset=\"https:\/\/www.inmesol.com\/wp-content\/uploads\/2016\/02\/7_se-acerca-la-fecha-del-evento-mas-importante-del-mundo-del-sector-de-la-energia-mee-e-inmesol-no-faltara-a-la-cita.jpg 580w, https:\/\/www.inmesol.com\/wp-content\/uploads\/2016\/02\/7_se-acerca-la-fecha-del-evento-mas-importante-del-mundo-del-sector-de-la-energia-mee-e-inmesol-no-faltara-a-la-cita-300x246.jpg 300w\" data-sizes=\"auto\" data-original-sizes=\"(max-width: 580px) 100vw, 580px\"><figcaption id=\"caption-attachment-4655\" class=\"wp-caption-text\">Situaci\u00f3n del estand de INMESOL dentro del recinto World Trade Centre de Dub\u00e1i<\/figcaption><\/figure>\n<h4><u>Informaci\u00f3n de utilidad:<\/u><\/h4>\n<p>Fechas: del 1 al 3 de marzo de 2016.<\/p>\n<p>Lugar: World Trade Centre de Dub\u00e1i (Emiratos \u00c1rabes Unidos).<\/p>\n<p>Estand de Inmesol: S2A60.<\/p>\n<p>Persona de contacto de Inmesol en la feria: Jalil Azdem, m\u00e1nager del \u00c1rea de Oriente Medio y Asia.<\/p>\n<p>Tel\u00e9fono de contacto: +34 681245651<\/p>\n<p>Registro online<\/p>\n<p>P\u00e1gina Web de La Middle East Electricity<\/p>\n","protected":false},"excerpt":{"rendered":"<p>Del 1 al 3 de Marzo, en el World Trade Centre de Dub\u00e1i (Emiratos \u00c1rabes Unidos), miles de profesionales se dar\u00e1n cita en el evento m\u00e1s grande del mundo sobre el sector energ\u00e9tico que abarca todo lo relacionado con la generaci\u00f3n, transmisi\u00f3n y distribuci\u00f3n de energ\u00eda.<\/p>\n","protected":false},"author":2,"featured_media":4658,"comment_status":"open","ping_status":"closed","sticky":false,"template":"","format":"standard","meta":{"inline_featured_image":false,"footnotes":""},"categories":[32,19],"tags":[],"categorias-smart-power-":[],"paises-":[],"class_list":["post-4660","post","type-post","status-publish","format-standard","has-post-thumbnail","hentry","category-espanol","category-ferias-eventos"],"_links":{"self":[{"href":"https:\/\/www.inmesol.com\/en\/wp-json\/wp\/v2\/posts\/4660","targetHints":{"allow":["GET"]}}],"collection":[{"href":"https:\/\/www.inmesol.com\/en\/wp-json\/wp\/v2\/posts"}],"about":[{"href":"https:\/\/www.inmesol.com\/en\/wp-json\/wp\/v2\/types\/post"}],"author":[{"embeddable":true,"href":"https:\/\/www.inmesol.com\/en\/wp-json\/wp\/v2\/users\/2"}],"replies":[{"embeddable":true,"href":"https:\/\/www.inmesol.com\/en\/wp-json\/wp\/v2\/comments?post=4660"}],"version-history":[{"count":0,"href":"https:\/\/www.inmesol.com\/en\/wp-json\/wp\/v2\/posts\/4660\/revisions"}],"wp:featuredmedia":[{"embeddable":true,"href":"https:\/\/www.inmesol.com\/en\/wp-json\/"}],"wp:attachment":[{"href":"https:\/\/www.inmesol.com\/en\/wp-json\/wp\/v2\/media?parent=4660"}],"wp:term":[{"taxonomy":"category","embeddable":true,"href":"https:\/\/www.inmesol.com\/en\/wp-json\/wp\/v2\/categories?post=4660"},{"taxonomy":"post_tag","embeddable":true,"href":"https:\/\/www.inmesol.com\/en\/wp-json\/wp\/v2\/tags?post=4660"},{"taxonomy":"categorias-smart-power-","embeddable":true,"href":"https:\/\/www.inmesol.com\/en\/wp-json\/wp\/v2\/categorias-smart-power-?post=4660"},{"taxonomy":"paises-","embeddable":true,"href":"https:\/\/www.inmesol.com\/en\/wp-json\/wp\/v2\/paises-?post=4660"}],"curies":[{"name":"wp","href":"https:\/\/api.w.org\/{rel}","templated":true}]}}