{"id":4672,"date":"2016-02-16T09:31:46","date_gmt":"2016-02-16T08:31:46","guid":{"rendered":"http:\/\/www.inmesol.es\/blog\/?p=4672"},"modified":"2023-06-21T14:16:46","modified_gmt":"2023-06-21T14:16:46","slug":"grupos-electrogenos-en-paralelo-potencia-y-eficacia-integradas-en-un-unico-sistema","status":"publish","type":"post","link":"https:\/\/www.inmesol.com\/en\/blog\/grupos-electrogenos-en-paralelo-potencia-y-eficacia-integradas-en-un-unico-sistema\/","title":{"rendered":"Grupos electr\u00f3genos en paralelo: potencia y eficacia integradas en un \u00fanico sistema"},"content":{"rendered":"<p>Este sistema de grupos electr\u00f3genos en paralelo, ha sido proyectado para un <strong>Hospital<\/strong> ubicado en la <strong>Rep\u00fablica Dominicana<\/strong>, una zona donde existe <strong>red el\u00e9ctrica <\/strong>con puntas de demanda de energ\u00eda que excede de la que esta puede ofrecer.<\/p>\n<p>Se tratan de dos grupos electr\u00f3genos insonorizados con motor Diesel MTU, de <strong>900 KVA LTP<\/strong>, modelos <strong>IT-865, a 60 HZ.<\/strong><\/p>\n<figure id=\"attachment_4668\" aria-describedby=\"caption-attachment-4668\" style=\"width: 640px\" class=\"wp-caption aligncenter\"><img fetchpriority=\"high\" decoding=\"async\" class=\"wp-image-4668 size-full\" src=\"\/wp-content\/uploads\/2016\/02\/grupos-electrogenos-en-paralelo-potencia-y-eficacia-integradas-en-un-unico-sistema.jpg\" alt=\"Grupos electr\u00f3genos paralelos y sincronizados con la red\" width=\"640\" height=\"450\" title=\"\" srcset=\"https:\/\/www.inmesol.com\/wp-content\/uploads\/2016\/02\/grupos-electrogenos-en-paralelo-potencia-y-eficacia-integradas-en-un-unico-sistema.jpg 640w, https:\/\/www.inmesol.com\/wp-content\/uploads\/2016\/02\/grupos-electrogenos-en-paralelo-potencia-y-eficacia-integradas-en-un-unico-sistema-300x211.jpg 300w\" sizes=\"(max-width: 640px) 100vw, 640px\"><figcaption id=\"caption-attachment-4668\" class=\"wp-caption-text\">Dos grupos electr\u00f3genos INMESOL paralelos en Isla modelos IT-865 y sincronizados con la red<\/figcaption><\/figure>\n<p>Cada grupo electr\u00f3geno cuenta con un cuadro de <strong>sincronizaci\u00f3n en isla con la centralita DSE 8610 <\/strong>&nbsp;(para sincronizar ambos grupos entre s\u00ed) integrados en la carrocer\u00eda de los grupos, m\u00e1s un cuadro compartido externo de <strong>conmutaci\u00f3n<\/strong> entre los grupos y la red, que tambi\u00e9n permite el funcionamiento <strong>sincronizado<\/strong> de estos dos <strong>grupos con la red. Este \u00faltimo se compone de la centralita de control DSE 8660, y dos magnetot\u00e9rmicos motorizados de 2500A, que realizan la conmutaci\u00f3n. <\/strong><\/p>\n<figure id=\"attachment_4671\" aria-describedby=\"caption-attachment-4671\" style=\"width: 640px\" class=\"wp-caption aligncenter\"><img decoding=\"async\" class=\"size-full wp-image-4671 lazyload\" data-src=\"\/wp-content\/uploads\/2016\/02\/1_grupos-electrogenos-en-paralelo-potencia-y-eficacia-integradas-en-un-unico-sistema.jpg\" alt=\"Cuadro de conmutaci\u00f3n de 2500 A, que permite el funcionamiento sincronizado entre los dos grupos con la red\" width=\"640\" height=\"450\" title=\"\" src=\"data:image\/svg+xml;base64,PHN2ZyB3aWR0aD0iMSIgaGVpZ2h0PSIxIiB4bWxucz0iaHR0cDovL3d3dy53My5vcmcvMjAwMC9zdmciPjwvc3ZnPg==\" style=\"--smush-placeholder-width: 640px; --smush-placeholder-aspect-ratio: 640\/450;\" data-srcset=\"https:\/\/www.inmesol.com\/wp-content\/uploads\/2016\/02\/1_grupos-electrogenos-en-paralelo-potencia-y-eficacia-integradas-en-un-unico-sistema.jpg 640w, https:\/\/www.inmesol.com\/wp-content\/uploads\/2016\/02\/1_grupos-electrogenos-en-paralelo-potencia-y-eficacia-integradas-en-un-unico-sistema-300x211.jpg 300w\" data-sizes=\"auto\" data-original-sizes=\"(max-width: 640px) 100vw, 640px\"><figcaption id=\"caption-attachment-4671\" class=\"wp-caption-text\">Cuadro de conmutaci\u00f3n de 2500 A, que permite el funcionamiento sincronizado entre los dos grupos con la red<\/figcaption><\/figure>\n<p>Con este sistema los grupos electr\u00f3genos pueden trabajar de <strong>dos<\/strong> modos diferentes:<\/p>\n<h3>Como reserva en caso de fallo de red:<\/h3>\n<p>En esta configuraci\u00f3n los <strong>grupos<\/strong> est\u00e1n <strong>parados<\/strong> cuando la <strong>red<\/strong> est\u00e1 <strong>disponible<\/strong> dentro de sus par\u00e1metros aceptables.<\/p>\n<p>En caso de que se produzca un <strong>fallo<\/strong> de \u00e9sta, ambos grupos <strong>arrancan<\/strong> simult\u00e1neamente, se sincronizan y <strong>asumen la carga<\/strong>. En funci\u00f3n del nivel de carga demandado por la instalaci\u00f3n en cada momento, ambos grupos seguir\u00e1n suministrando potencia o uno de ellos parar\u00e1 y ser\u00e1 el otro el que asuma toda la carga, hasta que el consumo suba por encima de cierto umbral (programable), momento en que el segundo grupo volver\u00e1 a arrancar, sincronizar con el primero y asumir carga.<\/p>\n<p>Cuando vuelve el <strong>suministro de red <\/strong>y alcance unos par\u00e1metros aceptables de tensi\u00f3n y frecuencia, los grupos se <strong>sincronizar\u00e1n con la red<\/strong>, y la carga se transferir\u00e1 a \u00e9sta sin que la instalaci\u00f3n sufra <strong>ning\u00fan micro-corte <\/strong>de suministro. Tras un tiempo prudencial de enfriamiento, los grupos parar\u00e1n y quedar\u00e1n listos para entrar en funcionamiento cuando la red vuelva a fallar.<\/p>\n<figure id=\"attachment_4670\" aria-describedby=\"caption-attachment-4670\" style=\"width: 640px\" class=\"wp-caption aligncenter\"><img decoding=\"async\" class=\"wp-image-4670 size-full lazyload\" data-src=\"\/wp-content\/uploads\/2016\/02\/2_grupos-electrogenos-en-paralelo-potencia-y-eficacia-integradas-en-un-unico-sistema.jpg\" alt=\"Infograf\u00eda de varios grupos electr\u00f3genos en paralelo y en emergencia con la red\" width=\"640\" height=\"260\" title=\"\" src=\"data:image\/svg+xml;base64,PHN2ZyB3aWR0aD0iMSIgaGVpZ2h0PSIxIiB4bWxucz0iaHR0cDovL3d3dy53My5vcmcvMjAwMC9zdmciPjwvc3ZnPg==\" style=\"--smush-placeholder-width: 640px; --smush-placeholder-aspect-ratio: 640\/260;\" data-srcset=\"https:\/\/www.inmesol.com\/wp-content\/uploads\/2016\/02\/2_grupos-electrogenos-en-paralelo-potencia-y-eficacia-integradas-en-un-unico-sistema.jpg 640w, https:\/\/www.inmesol.com\/wp-content\/uploads\/2016\/02\/2_grupos-electrogenos-en-paralelo-potencia-y-eficacia-integradas-en-un-unico-sistema-300x122.jpg 300w\" data-sizes=\"auto\" data-original-sizes=\"(max-width: 640px) 100vw, 640px\"><figcaption id=\"caption-attachment-4670\" class=\"wp-caption-text\">Infograf\u00eda del funcionamiento de varios grupos en paralelo y en emergencia con la red<\/figcaption><\/figure>\n<h3>Para absorber excesos de potencia consumida:<\/h3>\n<p>En esta configuraci\u00f3n, cuando la instalaci\u00f3n comience a <strong>consumir <\/strong>m\u00e1s potencia de la que hay disponible desde la red, los grupos arrancar\u00e1n simult\u00e1neamente, se sincronizan entre <strong>ellos y con la red<\/strong>, y pasar\u00e1n a suministrar potencia a la instalaci\u00f3n conjuntamente con la red. Dentro de esta configuraci\u00f3n a su vez existen dos modalidades de funcionamiento:<\/p>\n<ul>\n<li>Las centralitas de los grupos electr\u00f3genos se pueden programar para que \u00e9stos aporten la parte de la potencia que la red no puede suministrar, modalidad conocida como <strong>\u201cpeak-shaving\u201d<\/strong>, fluctuando de esta manera la potencia aportada por los grupos seg\u00fan evolucione el consumo de la instalaci\u00f3n, y consumiendo desde la red su potencia m\u00e1xima disponible o contratada.<\/li>\n<li>Por otro lado, las centralitas de los grupos se pueden programar para que los grupos aporten una potencia fija (ajustable), y que las fluctuaciones de la demanda de potencia por parte de la instalaci\u00f3n sean suministradas desde la red. Esta modalidad se conoce como <strong>\u201cbase-load\u201d<\/strong>.<\/li>\n<\/ul>\n<p>&nbsp;<\/p>\n","protected":false},"excerpt":{"rendered":"<p>Este sistema ha sido proyectado para un Hospital ubicado en la Rep\u00fablica Dominicana, una zona donde existe red el\u00e9ctrica con puntas de demanda de energ\u00eda que excede de la que esta puede ofrecer.<\/p>\n","protected":false},"author":2,"featured_media":4669,"comment_status":"open","ping_status":"closed","sticky":false,"template":"","format":"standard","meta":{"inline_featured_image":false,"footnotes":""},"categories":[21,32,58],"tags":[],"categorias-smart-power-":[],"paises-":[61],"class_list":["post-4672","post","type-post","status-publish","format-standard","has-post-thumbnail","hentry","category-grupos-electrogenos","category-espanol","category-casos-de-exito","paises--america"],"_links":{"self":[{"href":"https:\/\/www.inmesol.com\/en\/wp-json\/wp\/v2\/posts\/4672","targetHints":{"allow":["GET"]}}],"collection":[{"href":"https:\/\/www.inmesol.com\/en\/wp-json\/wp\/v2\/posts"}],"about":[{"href":"https:\/\/www.inmesol.com\/en\/wp-json\/wp\/v2\/types\/post"}],"author":[{"embeddable":true,"href":"https:\/\/www.inmesol.com\/en\/wp-json\/wp\/v2\/users\/2"}],"replies":[{"embeddable":true,"href":"https:\/\/www.inmesol.com\/en\/wp-json\/wp\/v2\/comments?post=4672"}],"version-history":[{"count":0,"href":"https:\/\/www.inmesol.com\/en\/wp-json\/wp\/v2\/posts\/4672\/revisions"}],"wp:featuredmedia":[{"embeddable":true,"href":"https:\/\/www.inmesol.com\/en\/wp-json\/"}],"wp:attachment":[{"href":"https:\/\/www.inmesol.com\/en\/wp-json\/wp\/v2\/media?parent=4672"}],"wp:term":[{"taxonomy":"category","embeddable":true,"href":"https:\/\/www.inmesol.com\/en\/wp-json\/wp\/v2\/categories?post=4672"},{"taxonomy":"post_tag","embeddable":true,"href":"https:\/\/www.inmesol.com\/en\/wp-json\/wp\/v2\/tags?post=4672"},{"taxonomy":"categorias-smart-power-","embeddable":true,"href":"https:\/\/www.inmesol.com\/en\/wp-json\/wp\/v2\/categorias-smart-power-?post=4672"},{"taxonomy":"paises-","embeddable":true,"href":"https:\/\/www.inmesol.com\/en\/wp-json\/wp\/v2\/paises-?post=4672"}],"curies":[{"name":"wp","href":"https:\/\/api.w.org\/{rel}","templated":true}]}}