{"id":5629,"date":"2017-07-06T08:00:19","date_gmt":"2017-07-06T06:00:19","guid":{"rendered":"http:\/\/www.inmesol.es\/blog\/?p=5629"},"modified":"2025-01-09T16:31:57","modified_gmt":"2025-01-09T16:31:57","slug":"generadores-inmesol-centro-espacial-europeo-kourou","status":"publish","type":"post","link":"https:\/\/www.inmesol.com\/en\/blog\/generadores-inmesol-centro-espacial-europeo-kourou\/","title":{"rendered":"Generadores INMESOL en el CENTRO ESPACIAL EUROPEO DE KOUROU"},"content":{"rendered":"<h4 style=\"text-align: center;\">Para la construcci\u00f3n de <strong>la <u>plataforma de lanzamiento<\/u> <\/strong>del<strong> <u>cohete Ariane 6<\/u>.<\/strong><\/h4>\n<p>Recientemente ha sido instalado un <strong>grupo electr\u00f3geno INMESOL modelo IV-440<\/strong> en la <strong>central de hormig\u00f3n<\/strong> ubicada en el <strong>Centro Espacial Guayan\u00e9s,<\/strong> <strong>en Kourou, Guayana francesa<\/strong>, para la construcci\u00f3n de la <strong>nueva plataforma de lanzamiento del Ariane 6<\/strong>.<\/p>\n<figure id=\"attachment_5623\" aria-describedby=\"caption-attachment-5623\" style=\"width: 640px\" class=\"wp-caption aligncenter\"><img fetchpriority=\"high\" decoding=\"async\" class=\"size-full wp-image-5623\" src=\"\/wp-content\/uploads\/2017\/07\/generadores-inmesol-centro-espacial-europeo-kourou.jpg\" alt=\"Grupo electr\u00f3geno de 440 kVA LTP en la central de hormig\u00f3n ubicada en el Centro Espacial Guayan\u00e9s\" width=\"640\" height=\"450\" title=\"\" srcset=\"https:\/\/www.inmesol.com\/wp-content\/uploads\/2017\/07\/generadores-inmesol-centro-espacial-europeo-kourou.jpg 640w, https:\/\/www.inmesol.com\/wp-content\/uploads\/2017\/07\/generadores-inmesol-centro-espacial-europeo-kourou-300x211.jpg 300w\" sizes=\"(max-width: 640px) 100vw, 640px\"><figcaption id=\"caption-attachment-5623\" class=\"wp-caption-text\">Grupo electr\u00f3geno de 440 kVA LTP en la central de hormig\u00f3n ubicada en el Centro Espacial Guayan\u00e9s<\/figcaption><\/figure>\n<p>Se trata de un potente grupo electr\u00f3geno en <strong>emergencia <\/strong>que <strong>asegura el suministro de energ\u00eda<\/strong> en caso de <strong>fallo de la red<\/strong> y evita una posible interrupci\u00f3n en los trabajos de construcci\u00f3n de la <strong>nueva plataforma<\/strong> desde donde se <strong>lanzar\u00e1 <\/strong>el cohete espacial europeo <strong>Ariane 6<\/strong>. Est\u00e1 previsto que este <strong>primer lanzamiento<\/strong> se realice en <strong>2020<\/strong>.<\/p>\n<p>La lanzadera espacial <strong>Ariane 6, <\/strong>desarrollada por la <strong>Agencia Espacial Europea <\/strong>(ESA), se est\u00e1 fabricando <strong>en Par\u00eds<\/strong> y desde aqu\u00ed se trasladar\u00e1 en barco hasta el <strong>Centro Espacial Europeo de Kourou.<\/strong> Cuando culmine su fabricaci\u00f3n se convertir\u00e1 en el miembro m\u00e1s nuevo de la\u00a0familia de veh\u00edculos de lanzamiento <strong>Ariane<\/strong>. Su dise\u00f1o final fue seleccionado en la reuni\u00f3n de la ESA a nivel ministerial en diciembre de 2014.<\/p>\n<figure id=\"attachment_5625\" aria-describedby=\"caption-attachment-5625\" style=\"width: 640px\" class=\"wp-caption aligncenter\"><img decoding=\"async\" class=\"size-full wp-image-5625 lazyload\" data-src=\"\/wp-content\/uploads\/2017\/07\/1_generadores-inmesol-centro-espacial-europeo-kourou.jpg\" alt=\"Infograf\u00eda del dise\u00f1o del Ariane 6\" width=\"640\" height=\"350\" title=\"\" src=\"data:image\/svg+xml;base64,PHN2ZyB3aWR0aD0iMSIgaGVpZ2h0PSIxIiB4bWxucz0iaHR0cDovL3d3dy53My5vcmcvMjAwMC9zdmciPjwvc3ZnPg==\" style=\"--smush-placeholder-width: 640px; --smush-placeholder-aspect-ratio: 640\/350;\" data-srcset=\"https:\/\/www.inmesol.com\/wp-content\/uploads\/2017\/07\/1_generadores-inmesol-centro-espacial-europeo-kourou.jpg 640w, https:\/\/www.inmesol.com\/wp-content\/uploads\/2017\/07\/1_generadores-inmesol-centro-espacial-europeo-kourou-300x164.jpg 300w\" data-sizes=\"auto\" data-original-sizes=\"(max-width: 640px) 100vw, 640px\"><figcaption id=\"caption-attachment-5625\" class=\"wp-caption-text\">Infograf\u00eda del dise\u00f1o del Ariane 6<\/figcaption><\/figure>\n<p>Para este nuevo proyecto, se pretende del\u00a0<strong>Ariane 6<\/strong>\u00a0proporcionar un <strong>acceso garantizado<\/strong> <strong>al espacio para Europa<\/strong> <strong>a un precio m\u00e1s competitivo <\/strong>que el de sus predecesores. Para ello el <strong>costo del lanzamiento<\/strong> se ha <strong>reducido a la mitad<\/strong> y en su construcci\u00f3n se ha <strong>reutilizado la tecnolog\u00eda de los fiables motores del\u00a0Ariane 5. <\/strong><\/p>\n<p>El <strong>Centro Espacial Europeo de Kourou<\/strong> \u00f3 <strong>Centro Espacial Guayan\u00e9s<\/strong>, con una extensi\u00f3n de 850 km2, es el centro utilizado por la <strong>Agencia Espacial Europea<\/strong> para el lanzamiento de sus cohetes espaciales.<\/p>\n<figure id=\"attachment_5622\" aria-describedby=\"caption-attachment-5622\" style=\"width: 640px\" class=\"wp-caption aligncenter\"><img decoding=\"async\" class=\"size-full wp-image-5622 lazyload\" data-src=\"\/wp-content\/uploads\/2017\/07\/2_generadores-inmesol-centro-espacial-europeo-kourou.jpg\" alt=\"Centro Espacial Europeo de Kourou o Centro Espacial Guayan\u00e9s\" width=\"640\" height=\"450\" title=\"\" src=\"data:image\/svg+xml;base64,PHN2ZyB3aWR0aD0iMSIgaGVpZ2h0PSIxIiB4bWxucz0iaHR0cDovL3d3dy53My5vcmcvMjAwMC9zdmciPjwvc3ZnPg==\" style=\"--smush-placeholder-width: 640px; --smush-placeholder-aspect-ratio: 640\/450;\" data-srcset=\"https:\/\/www.inmesol.com\/wp-content\/uploads\/2017\/07\/2_generadores-inmesol-centro-espacial-europeo-kourou.jpg 640w, https:\/\/www.inmesol.com\/wp-content\/uploads\/2017\/07\/2_generadores-inmesol-centro-espacial-europeo-kourou-300x211.jpg 300w\" data-sizes=\"auto\" data-original-sizes=\"(max-width: 640px) 100vw, 640px\"><figcaption id=\"caption-attachment-5622\" class=\"wp-caption-text\">Centro Espacial Europeo de Kourou o Centro Espacial Guayan\u00e9s<\/figcaption><\/figure>\n<p>Por su localizaci\u00f3n resulta un <strong>enclave \u00f3ptimo<\/strong> para este tipo de operaciones; localizado a 500 km del ecuador y una latitud de 5\u00ba3\u00b4, la rotaci\u00f3n de la tierra <strong>imprime<\/strong> gran <strong>velocidad inercial al cohete<\/strong>, cuando la trayectoria est\u00e1 dirigida hacia el este, por lo que la puesta en \u00f3rbita requiere <strong>menos combustible<\/strong>, que si el lanzamiento se hiciera desde otros enclaves.<\/p>\n<figure id=\"attachment_5621\" aria-describedby=\"caption-attachment-5621\" style=\"width: 640px\" class=\"wp-caption aligncenter\"><img decoding=\"async\" class=\"size-full wp-image-5621 lazyload\" data-src=\"\/wp-content\/uploads\/2017\/07\/3_generadores-inmesol-centro-espacial-europeo-kourou.jpg\" alt=\"Mapa situaci\u00f3n del centro Espacial Europeo de Kourou o Centro Espacial Guayan\u00e9s\" width=\"640\" height=\"350\" title=\"\" src=\"data:image\/svg+xml;base64,PHN2ZyB3aWR0aD0iMSIgaGVpZ2h0PSIxIiB4bWxucz0iaHR0cDovL3d3dy53My5vcmcvMjAwMC9zdmciPjwvc3ZnPg==\" style=\"--smush-placeholder-width: 640px; --smush-placeholder-aspect-ratio: 640\/350;\" data-srcset=\"https:\/\/www.inmesol.com\/wp-content\/uploads\/2017\/07\/3_generadores-inmesol-centro-espacial-europeo-kourou.jpg 640w, https:\/\/www.inmesol.com\/wp-content\/uploads\/2017\/07\/3_generadores-inmesol-centro-espacial-europeo-kourou-300x164.jpg 300w\" data-sizes=\"auto\" data-original-sizes=\"(max-width: 640px) 100vw, 640px\"><figcaption id=\"caption-attachment-5621\" class=\"wp-caption-text\">Mapa situaci\u00f3n del centro Espacial Europeo de Kourou o Centro Espacial Guayan\u00e9s<\/figcaption><\/figure>\n<p>El centro tiene 4 plataformas de lanzamiento:<\/p>\n<ul>\n<li><strong>Zona de Lanzamiento Vega (B)<\/strong>: Anteriormente conocida como<strong>ELA-1<\/strong>, fue la primera plataforma de lanzamiento del cohete Ariane (se usaron para los modelos\u00a0Ariane 1,\u00a0Ariane 2\u00a0y\u00a0Ariane 3, desmantelados en 1989).<br \/>\nLa plataforma est\u00e1 siendo adaptada para su uso con los lanzadores\u00a0<strong>Vega.<\/strong><\/li>\n<\/ul>\n<ul>\n<li><strong>ZL2 (C): <\/strong>Anteriormente conocida como<strong>ELA-2<\/strong>, fue usada para lanzar el\u00a0<strong>Ariane<\/strong><strong> 4<\/strong>\u00a0hasta 2003. (Desmantelado en 2011).<\/li>\n<li><strong>Zona de Lanzamiento Ariane (D)<\/strong>: Anteriormente conocida como<strong>ELA-3<\/strong>, en la actualidad sigue activa para el\u00a0<strong>Ariane 5<\/strong>.<\/li>\n<li><strong>Zona de Lanzamiento Soyuz (F)<\/strong>: Tambi\u00e9n conocida comoELS\u00a0(Ensemble de Lancement <strong>Soyouz<\/strong>). Esta instalaci\u00f3n se utiliza para los lanzamientos de cohetes\u00a0Soyuz-ST, de fabricaci\u00f3n rusa,\u00a0desde octubre de 2011.<\/li>\n<\/ul>\n<figure id=\"attachment_5626\" aria-describedby=\"caption-attachment-5626\" style=\"width: 580px\" class=\"wp-caption aligncenter\"><img decoding=\"async\" class=\"size-full wp-image-5626 lazyload\" data-src=\"\/wp-content\/uploads\/2017\/07\/4_generadores-inmesol-centro-espacial-europeo-kourou.jpg\" alt=\"Mapa situaci\u00f3n de las torres de lanzamiento. Imagen: WikipediaMapa situaci\u00f3n de las torres de lanzamiento. Imagen: Wikipedia\" width=\"580\" height=\"540\" title=\"\" src=\"data:image\/svg+xml;base64,PHN2ZyB3aWR0aD0iMSIgaGVpZ2h0PSIxIiB4bWxucz0iaHR0cDovL3d3dy53My5vcmcvMjAwMC9zdmciPjwvc3ZnPg==\" style=\"--smush-placeholder-width: 580px; --smush-placeholder-aspect-ratio: 580\/540;\" data-srcset=\"https:\/\/www.inmesol.com\/wp-content\/uploads\/2017\/07\/4_generadores-inmesol-centro-espacial-europeo-kourou.jpg 580w, https:\/\/www.inmesol.com\/wp-content\/uploads\/2017\/07\/4_generadores-inmesol-centro-espacial-europeo-kourou-300x279.jpg 300w\" data-sizes=\"auto\" data-original-sizes=\"(max-width: 580px) 100vw, 580px\"><figcaption id=\"caption-attachment-5626\" class=\"wp-caption-text\">Mapa situaci\u00f3n de las torres de lanzamiento. Imagen: Wikipedia<\/figcaption><\/figure>\n","protected":false},"excerpt":{"rendered":"<p>Recientemente ha sido instalado un grupo electr\u00f3geno INMESOL modelo IV-440 en la central de hormig\u00f3n ubicada en el Centro Espacial Guayan\u00e9s, en Kourou, Guayana francesa, para la construcci\u00f3n de la nueva plataforma de lanzamiento del Ariane 6.<\/p>\n","protected":false},"author":2,"featured_media":5624,"comment_status":"open","ping_status":"closed","sticky":false,"template":"","format":"standard","meta":{"inline_featured_image":false,"footnotes":""},"categories":[21,32,58],"tags":[],"categorias-smart-power-":[],"paises-":[61],"class_list":["post-5629","post","type-post","status-publish","format-standard","has-post-thumbnail","hentry","category-grupos-electrogenos","category-espanol","category-casos-de-exito","paises--america"],"_links":{"self":[{"href":"https:\/\/www.inmesol.com\/en\/wp-json\/wp\/v2\/posts\/5629","targetHints":{"allow":["GET"]}}],"collection":[{"href":"https:\/\/www.inmesol.com\/en\/wp-json\/wp\/v2\/posts"}],"about":[{"href":"https:\/\/www.inmesol.com\/en\/wp-json\/wp\/v2\/types\/post"}],"author":[{"embeddable":true,"href":"https:\/\/www.inmesol.com\/en\/wp-json\/wp\/v2\/users\/2"}],"replies":[{"embeddable":true,"href":"https:\/\/www.inmesol.com\/en\/wp-json\/wp\/v2\/comments?post=5629"}],"version-history":[{"count":0,"href":"https:\/\/www.inmesol.com\/en\/wp-json\/wp\/v2\/posts\/5629\/revisions"}],"wp:featuredmedia":[{"embeddable":true,"href":"https:\/\/www.inmesol.com\/en\/wp-json\/"}],"wp:attachment":[{"href":"https:\/\/www.inmesol.com\/en\/wp-json\/wp\/v2\/media?parent=5629"}],"wp:term":[{"taxonomy":"category","embeddable":true,"href":"https:\/\/www.inmesol.com\/en\/wp-json\/wp\/v2\/categories?post=5629"},{"taxonomy":"post_tag","embeddable":true,"href":"https:\/\/www.inmesol.com\/en\/wp-json\/wp\/v2\/tags?post=5629"},{"taxonomy":"categorias-smart-power-","embeddable":true,"href":"https:\/\/www.inmesol.com\/en\/wp-json\/wp\/v2\/categorias-smart-power-?post=5629"},{"taxonomy":"paises-","embeddable":true,"href":"https:\/\/www.inmesol.com\/en\/wp-json\/wp\/v2\/paises-?post=5629"}],"curies":[{"name":"wp","href":"https:\/\/api.w.org\/{rel}","templated":true}]}}