{"id":5661,"date":"2017-08-08T14:13:21","date_gmt":"2017-08-08T12:13:21","guid":{"rendered":"http:\/\/www.inmesol.es\/blog\/?p=5661"},"modified":"2025-01-09T16:29:43","modified_gmt":"2025-01-09T16:29:43","slug":"energia-inmesol-la-sede-central-la-comision-europea-berlaymont-bruselas","status":"publish","type":"post","link":"https:\/\/www.inmesol.com\/en\/blog\/energia-inmesol-la-sede-central-la-comision-europea-berlaymont-bruselas\/","title":{"rendered":"Energ\u00eda INMESOL en la sede central de la Comisi\u00f3n Europea &#8211; Berlaymont, Bruselas"},"content":{"rendered":"<p>La <strong>Comisi\u00f3n Europea<\/strong> ha escogido un <strong>grupo electr\u00f3geno<\/strong> <strong>en emergencia INMESOL<\/strong> modelo <strong>II-110<\/strong>, provisto de especificaciones t\u00e9cnicas particulares para suministrar <strong>energ\u00eda de emergencia<\/strong> en caso de fallo de red el\u00e9ctrica en el emblem\u00e1tico edificio gubernamental de <strong>Bruselas<\/strong>.<\/p>\n<figure id=\"attachment_5660\" aria-describedby=\"caption-attachment-5660\" style=\"width: 640px\" class=\"wp-caption aligncenter\"><img fetchpriority=\"high\" decoding=\"async\" class=\"size-full wp-image-5660\" src=\"\/wp-content\/uploads\/2017\/08\/energia-inmesol-la-sede-central-la-comision-europea-berlaymont-bruselas.jpg\" alt=\"Grupo electr\u00f3geno en emergencia INMESOL modelo II-110, elev\u00e1ndose hasta el tejado del Berlaymont\" width=\"640\" height=\"450\" title=\"\" srcset=\"https:\/\/www.inmesol.com\/wp-content\/uploads\/2017\/08\/energia-inmesol-la-sede-central-la-comision-europea-berlaymont-bruselas.jpg 640w, https:\/\/www.inmesol.com\/wp-content\/uploads\/2017\/08\/energia-inmesol-la-sede-central-la-comision-europea-berlaymont-bruselas-300x211.jpg 300w\" sizes=\"(max-width: 640px) 100vw, 640px\"><figcaption id=\"caption-attachment-5660\" class=\"wp-caption-text\">Grupo electr\u00f3geno en emergencia INMESOL modelo II-110, elev\u00e1ndose hasta el tejado del Berlaymont<\/figcaption><\/figure>\n<p>Se trata de un generador de 110 KVA de potencia LTP, insonorizado, con tecnolog\u00eda DSE 7410 que permite su control a distancia mediante dos medios de comunicaci\u00f3n diferentes (RS 232 y RS 485) de forma <strong>simult\u00e1nea<\/strong>. As\u00ed mismo, este m\u00f3dulo DSE 7410 controla los par\u00e1metros y alarmas del motor y del alternador.<\/p>\n<figure id=\"attachment_5659\" aria-describedby=\"caption-attachment-5659\" style=\"width: 580px\" class=\"wp-caption aligncenter\"><img decoding=\"async\" class=\"size-full wp-image-5659 lazyload\" data-src=\"\/wp-content\/uploads\/2017\/08\/1_energia-inmesol-la-sede-central-la-comision-europea-berlaymont-bruselas.jpg\" alt=\"Grupo electr\u00f3geno en emergencia INMESOL modelo II-110\" width=\"580\" height=\"450\" title=\"\" src=\"data:image\/svg+xml;base64,PHN2ZyB3aWR0aD0iMSIgaGVpZ2h0PSIxIiB4bWxucz0iaHR0cDovL3d3dy53My5vcmcvMjAwMC9zdmciPjwvc3ZnPg==\" style=\"--smush-placeholder-width: 580px; --smush-placeholder-aspect-ratio: 580\/450;\" data-srcset=\"https:\/\/www.inmesol.com\/wp-content\/uploads\/2017\/08\/1_energia-inmesol-la-sede-central-la-comision-europea-berlaymont-bruselas.jpg 580w, https:\/\/www.inmesol.com\/wp-content\/uploads\/2017\/08\/1_energia-inmesol-la-sede-central-la-comision-europea-berlaymont-bruselas-300x233.jpg 300w\" data-sizes=\"auto\" data-original-sizes=\"(max-width: 580px) 100vw, 580px\"><figcaption id=\"caption-attachment-5659\" class=\"wp-caption-text\">Grupo electr\u00f3geno en emergencia INMESOL modelo II-110<\/figcaption><\/figure>\n<p>La <strong>salida de potencia<\/strong> est\u00e1 habilitada para la conexi\u00f3n de forma independiente de la <strong>carga <\/strong>que alimenta el grupo y de un <strong>banco de carga<\/strong> externo para las habituales <strong>pruebas<\/strong> de potencia <strong>peri\u00f3dicas<\/strong> que se realizan en los equipos de emergencia \u00f3 respaldo.<\/p>\n<p>La funci\u00f3n de <strong>vigilancia de la red<\/strong> es realizada por un cuadro <strong>ATS<\/strong> con centralita <strong>DSE 335<\/strong> que detecta cuando se produce <strong>fallo en la red el\u00e9ctrica<\/strong> y env\u00eda una se\u00f1al de <strong>arranque al motor<\/strong> del grupo electr\u00f3geno. Una vez arrancado y listo, la centralita DSE335 maniobra para permitir el <strong>cambio de suministro el\u00e9ctrico<\/strong> (que alimenta a la carga de la instalaci\u00f3n) entre la red y el generador y <strong>viceversa cuando la red se restablece<\/strong>.<\/p>\n<figure id=\"attachment_5658\" aria-describedby=\"caption-attachment-5658\" style=\"width: 350px\" class=\"wp-caption aligncenter\"><img decoding=\"async\" class=\"size-full wp-image-5658 lazyload\" data-src=\"\/wp-content\/uploads\/2017\/08\/2_energia-inmesol-la-sede-central-la-comision-europea-berlaymont-bruselas.jpg\" alt=\"Cuadro ATS con DSE 335\" width=\"350\" height=\"450\" title=\"\" src=\"data:image\/svg+xml;base64,PHN2ZyB3aWR0aD0iMSIgaGVpZ2h0PSIxIiB4bWxucz0iaHR0cDovL3d3dy53My5vcmcvMjAwMC9zdmciPjwvc3ZnPg==\" style=\"--smush-placeholder-width: 350px; --smush-placeholder-aspect-ratio: 350\/450;\" data-srcset=\"https:\/\/www.inmesol.com\/wp-content\/uploads\/2017\/08\/2_energia-inmesol-la-sede-central-la-comision-europea-berlaymont-bruselas.jpg 350w, https:\/\/www.inmesol.com\/wp-content\/uploads\/2017\/08\/2_energia-inmesol-la-sede-central-la-comision-europea-berlaymont-bruselas-233x300.jpg 233w\" data-sizes=\"auto\" data-original-sizes=\"(max-width: 350px) 100vw, 350px\"><figcaption id=\"caption-attachment-5658\" class=\"wp-caption-text\">Cuadro ATS con DSE 335<\/figcaption><\/figure>\n<p>Por su potencia, configuraci\u00f3n de dispositivos y elementos de comunicaci\u00f3n con sistemas externos, este generador resulta muy apropiado para alimentar cargas relacionadas con los <strong>sistemas de seguridad del edificio<\/strong>; alarmas de incendio y temperatura, c\u00e1maras de vigilancia, puertas el\u00e9ctricas, iluminaci\u00f3n de emergencia, etc.<\/p>\n<p>El grupo electr\u00f3geno se ha instalado en la terraza del edificio.<\/p>\n<figure id=\"attachment_5657\" aria-describedby=\"caption-attachment-5657\" style=\"width: 640px\" class=\"wp-caption aligncenter\"><img decoding=\"async\" class=\"size-full wp-image-5657 lazyload\" data-src=\"\/wp-content\/uploads\/2017\/08\/3_energia-inmesol-la-sede-central-la-comision-europea-berlaymont-bruselas.jpg\" alt=\"Imagen pertenece a la Uni\u00f3n Europea. Vista a\u00e9rea del edifico Berlaymont\" width=\"640\" height=\"450\" title=\"\" src=\"data:image\/svg+xml;base64,PHN2ZyB3aWR0aD0iMSIgaGVpZ2h0PSIxIiB4bWxucz0iaHR0cDovL3d3dy53My5vcmcvMjAwMC9zdmciPjwvc3ZnPg==\" style=\"--smush-placeholder-width: 640px; --smush-placeholder-aspect-ratio: 640\/450;\" data-srcset=\"https:\/\/www.inmesol.com\/wp-content\/uploads\/2017\/08\/3_energia-inmesol-la-sede-central-la-comision-europea-berlaymont-bruselas.jpg 640w, https:\/\/www.inmesol.com\/wp-content\/uploads\/2017\/08\/3_energia-inmesol-la-sede-central-la-comision-europea-berlaymont-bruselas-300x211.jpg 300w\" data-sizes=\"auto\" data-original-sizes=\"(max-width: 640px) 100vw, 640px\"><figcaption id=\"caption-attachment-5657\" class=\"wp-caption-text\">Imagen pertenece a la Uni\u00f3n Europea. Vista a\u00e9rea del edifico Berlaymont<\/figcaption><\/figure>\n<p>El edificio <strong>Berlaymont<\/strong>, se encuentra ubicado en la plaza <strong>Schuman<\/strong>, conocida como \u201c<strong>barrio europeo<\/strong>\u201d y fue <strong>construido en los a\u00f1os 60<\/strong>, para acoger la <strong>sede de la comisi\u00f3n europea<\/strong>. En 1994 fue desalojado para ser reconstruido debido al contenido de <strong>asbesto <\/strong>en su construcci\u00f3n original. En <strong>2004 volvi\u00f3 a estar operativo<\/strong> para la comisi\u00f3n europea.<\/p>\n<p>Se trata de un edificio imponente de <strong>14 plantas<\/strong> en forma de aspas asim\u00e9tricas. Alberga la <strong>sede del presidente de la Comisi\u00f3n Europea y sus comisarios, <\/strong>numerosos departamentos y <strong>oficinas<\/strong> de la Comisi\u00f3n Europea, <strong>salas de prensa y televisi\u00f3n<\/strong>, salas de <strong>reuniones<\/strong>, y un gran n\u00famero de estancias para usos varios, incluyendo un restaurante.<\/p>\n<p>La Comisi\u00f3n Europea es una instituci\u00f3n que representa y defiende <strong>los intereses de la Uni\u00f3n Europea<\/strong> en su conjunto. Compuesta por 28 comisarios, uno por cada Estado miembro y un presidente, actualmente el ex primer ministro luxemburgu\u00e9s <strong>Jean-Claude Juncker<\/strong>, se encarga principalmente de:<\/p>\n<ul>\n<li><strong>Proponer<\/strong> legislaci\u00f3n al Parlamento y al Consejo<\/li>\n<li><strong>Gestionar y aplicar<\/strong> las pol\u00edticas de la UE y el presupuesto.<\/li>\n<li><strong>Garantizar<\/strong> que se cumple la legislaci\u00f3n europea (junto con el Tribunal de Justicia).<\/li>\n<li><strong>Representar<\/strong> a la UE en la escena internacional<\/li>\n<\/ul>\n<p>El siguiente <strong>video<\/strong> se grab\u00f3 hace algunos a\u00f1os con la <strong>anterior comisi\u00f3n<\/strong>, pero ilustra de forma muy aproximada las actividades realizadas un d\u00eda cualquiera en el Berlaymont.<\/p>\n<div class=\"video-responsive\"><\/div>\n","protected":false},"excerpt":{"rendered":"<p>La Comisi\u00f3n Europea ha escogido un grupo electr\u00f3geno en emergencia INMESOL modelo II-110, provisto de especificaciones t\u00e9cnicas particulares para suministrar energ\u00eda de emergencia en caso de fallo de red el\u00e9ctrica en el emblem\u00e1tico edificio gubernamental de Bruselas.<\/p>\n","protected":false},"author":2,"featured_media":5656,"comment_status":"open","ping_status":"closed","sticky":false,"template":"","format":"standard","meta":{"inline_featured_image":false,"footnotes":""},"categories":[21,32,58],"tags":[],"categorias-smart-power-":[],"paises-":[12],"class_list":["post-5661","post","type-post","status-publish","format-standard","has-post-thumbnail","hentry","category-grupos-electrogenos","category-espanol","category-casos-de-exito","paises--europa"],"_links":{"self":[{"href":"https:\/\/www.inmesol.com\/en\/wp-json\/wp\/v2\/posts\/5661","targetHints":{"allow":["GET"]}}],"collection":[{"href":"https:\/\/www.inmesol.com\/en\/wp-json\/wp\/v2\/posts"}],"about":[{"href":"https:\/\/www.inmesol.com\/en\/wp-json\/wp\/v2\/types\/post"}],"author":[{"embeddable":true,"href":"https:\/\/www.inmesol.com\/en\/wp-json\/wp\/v2\/users\/2"}],"replies":[{"embeddable":true,"href":"https:\/\/www.inmesol.com\/en\/wp-json\/wp\/v2\/comments?post=5661"}],"version-history":[{"count":0,"href":"https:\/\/www.inmesol.com\/en\/wp-json\/wp\/v2\/posts\/5661\/revisions"}],"wp:featuredmedia":[{"embeddable":true,"href":"https:\/\/www.inmesol.com\/en\/wp-json\/"}],"wp:attachment":[{"href":"https:\/\/www.inmesol.com\/en\/wp-json\/wp\/v2\/media?parent=5661"}],"wp:term":[{"taxonomy":"category","embeddable":true,"href":"https:\/\/www.inmesol.com\/en\/wp-json\/wp\/v2\/categories?post=5661"},{"taxonomy":"post_tag","embeddable":true,"href":"https:\/\/www.inmesol.com\/en\/wp-json\/wp\/v2\/tags?post=5661"},{"taxonomy":"categorias-smart-power-","embeddable":true,"href":"https:\/\/www.inmesol.com\/en\/wp-json\/wp\/v2\/categorias-smart-power-?post=5661"},{"taxonomy":"paises-","embeddable":true,"href":"https:\/\/www.inmesol.com\/en\/wp-json\/wp\/v2\/paises-?post=5661"}],"curies":[{"name":"wp","href":"https:\/\/api.w.org\/{rel}","templated":true}]}}