{"id":5739,"date":"2017-11-21T12:15:17","date_gmt":"2017-11-21T11:15:17","guid":{"rendered":"http:\/\/www.inmesol.es\/blog\/?p=5739"},"modified":"2023-06-21T10:12:14","modified_gmt":"2023-06-21T10:12:14","slug":"inmesol-energy-engineering-forum-2017","status":"publish","type":"post","link":"https:\/\/www.inmesol.com\/en\/blog\/inmesol-energy-engineering-forum-2017\/","title":{"rendered":"INMESOL en ENERGY ENGINEERING FORUM 2017"},"content":{"rendered":"<h4 style=\"text-align: center;\"><strong>Expondr\u00e1 varios casos de \u00e9xito de soluciones energ\u00e9ticas en pa\u00edses emergentes<\/strong><\/h4>\n<p><strong>Energy Engineering Forum, <\/strong>es un evento donde se tratan asuntos relacionados con las posibilidades que tiene el <strong>sector energ\u00e9tico de Espa\u00f1a<\/strong> de llevar a cabo <strong>proyectos en pa\u00edses emergentes<\/strong>.<\/p>\n<p><img fetchpriority=\"high\" decoding=\"async\" class=\"aligncenter size-full wp-image-5736\" src=\"\/wp-content\/uploads\/2017\/11\/inmesol-energy-engineering-forum-2017.jpg\" alt=\"SENERGY ENGINEERING FORUM 2017\" width=\"640\" height=\"80\" title=\"\" srcset=\"https:\/\/www.inmesol.com\/wp-content\/uploads\/2017\/11\/inmesol-energy-engineering-forum-2017.jpg 640w, https:\/\/www.inmesol.com\/wp-content\/uploads\/2017\/11\/inmesol-energy-engineering-forum-2017-300x38.jpg 300w\" sizes=\"(max-width: 640px) 100vw, 640px\"><\/p>\n<p>Este a\u00f1o se celebra su <strong>cuarta edici\u00f3n<\/strong> y la fecha escogida es el <strong>30 de Noviembre<\/strong>, en el <strong>Hotel Ilunion Pio XII, de Madrid<\/strong>.<\/p>\n<p>Y es que, tras el <strong>inter\u00e9s<\/strong> suscitado en pasadas ediciones, as\u00ed como la <strong>actualidad <\/strong>y el <strong>potencial <\/strong>que revierte el <strong>contenido tratado<\/strong>, animan nuevamente a los organizadores <strong>Energ\u00e9tica XXI Conferencias<\/strong>, a reunir a <strong>fabricantes y\/o distribuidores de equipos y tecnolog\u00edas<\/strong> relacionadas con la <strong>generaci\u00f3n de energ\u00eda,<\/strong> con <strong>ingenier\u00edas y empresas de promoci\u00f3n-desarrollo de proyectos energ\u00e9ticos<\/strong>.<\/p>\n<p><strong>INMESOL<\/strong>, con un importarte <strong>volumen de negocio<\/strong> que va en <strong>aumento<\/strong> a\u00f1o tras a\u00f1o en pa\u00edses de <strong>Am\u00e9rica Latina y Oriente Medio<\/strong>, est\u00e1 adquiriendo una dilatada experiencia en atender y ofrecer \u00f3ptimas <strong>soluciones <\/strong>a los diferentes requerimientos de cada mercado.<\/p>\n<figure id=\"attachment_5738\" aria-describedby=\"caption-attachment-5738\" style=\"width: 500px\" class=\"wp-caption aligncenter\"><img decoding=\"async\" class=\"size-full wp-image-5738 lazyload\" data-src=\"\/wp-content\/uploads\/2017\/11\/1_inmesol-energy-engineering-forum-2017.jpg\" alt=\"Grupo electr\u00f3geno en emergencia INMESOL reci\u00e9n llegado al Centro Espacial Guayan\u00e9s\" width=\"500\" height=\"630\" title=\"\" src=\"data:image\/svg+xml;base64,PHN2ZyB3aWR0aD0iMSIgaGVpZ2h0PSIxIiB4bWxucz0iaHR0cDovL3d3dy53My5vcmcvMjAwMC9zdmciPjwvc3ZnPg==\" style=\"--smush-placeholder-width: 500px; --smush-placeholder-aspect-ratio: 500\/630;\" data-srcset=\"https:\/\/www.inmesol.com\/wp-content\/uploads\/2017\/11\/1_inmesol-energy-engineering-forum-2017.jpg 500w, https:\/\/www.inmesol.com\/wp-content\/uploads\/2017\/11\/1_inmesol-energy-engineering-forum-2017-238x300.jpg 238w\" data-sizes=\"auto\" data-original-sizes=\"(max-width: 500px) 100vw, 500px\"><figcaption id=\"caption-attachment-5738\" class=\"wp-caption-text\">Grupo electr\u00f3geno en emergencia INMESOL reci\u00e9n llegado al Centro Espacial Guayan\u00e9s<\/figcaption><\/figure>\n<p><strong>Sergio Frutos<\/strong>, <strong>Ingeniero de soporte t\u00e9cnico de ventas de INMESOL<\/strong>, participar\u00e1 como <strong>ponente<\/strong> en este encuentro. Expondr\u00e1 varios <strong>casos de estas aplicaciones singulares de grupos electr\u00f3genos<\/strong> en algunos de los <strong>pa\u00edses emergentes<\/strong> donde Inmesol exporta.<\/p>\n<figure id=\"attachment_5735\" aria-describedby=\"caption-attachment-5735\" style=\"width: 300px\" class=\"wp-caption aligncenter\"><img decoding=\"async\" class=\"size-full wp-image-5735 lazyload\" data-src=\"\/wp-content\/uploads\/2017\/11\/2_inmesol-energy-engineering-forum-2017.jpg\" alt=\"Sergio Frutos, Soporte t\u00e9cnico de ventas de INMESOL\" width=\"300\" height=\"375\" title=\"\" src=\"data:image\/svg+xml;base64,PHN2ZyB3aWR0aD0iMSIgaGVpZ2h0PSIxIiB4bWxucz0iaHR0cDovL3d3dy53My5vcmcvMjAwMC9zdmciPjwvc3ZnPg==\" style=\"--smush-placeholder-width: 300px; --smush-placeholder-aspect-ratio: 300\/375;\" data-srcset=\"https:\/\/www.inmesol.com\/wp-content\/uploads\/2017\/11\/2_inmesol-energy-engineering-forum-2017.jpg 300w, https:\/\/www.inmesol.com\/wp-content\/uploads\/2017\/11\/2_inmesol-energy-engineering-forum-2017-240x300.jpg 240w\" data-sizes=\"auto\" data-original-sizes=\"(max-width: 300px) 100vw, 300px\"><figcaption id=\"caption-attachment-5735\" class=\"wp-caption-text\">Sergio Frutos, Soporte t\u00e9cnico de ventas de INMESOL<\/figcaption><\/figure>\n<h4><strong>DATOS DE INTER\u00c9S:<\/strong><\/h4>\n<p><strong><u>T\u00edtulo:<\/u><\/strong> Energy Engineering Forum: proyectos energ\u00e9ticos en pa\u00edses emergentes (EEF2017)<\/p>\n<p><strong><u>Fecha y hora:<\/u><\/strong>\u00a030 de noviembre. 09:15-14:30 h.<\/p>\n<p><strong><u>Lugar:<\/u><\/strong> Hotel Ilunion P\u00edo XII (Avda. P\u00edo XII, 77. Madrid)<\/p>\n<p><strong><u>Inscripci\u00f3n:<\/u><\/strong> 181,50\u20ac (150 \u20ac + 21% IVA) \/ persona<\/p>\n<p><strong><u>Programa<\/u><\/strong><\/p>\n<p>http:\/\/www.energetica21.com\/conferencias\/eef2017\/programa<\/p>\n<p><strong><u>Inscripci\u00f3n de asistentes<\/u><\/strong><\/p>\n<p><strong>INMESOL<\/strong> anima a que asistan todas aquellas personas interesadas al evento con la posibilidad de obtener un <strong>descuento del 20%<\/strong> indicando el c\u00f3digo <strong>PROMOINMESOL <\/strong>en el formulario de registro.<\/p>\n<p>Acceso al formulario de registro <u>http:\/\/www.energetica21.com\/conferencias\/eef2017\/registro<\/u><\/p>\n","protected":false},"excerpt":{"rendered":"<p>Energy Engineering Forum, es un evento donde se tratan asuntos relacionados con las posibilidades que tiene el sector energ\u00e9tico de Espa\u00f1a de llevar a cabo proyectos en pa\u00edses emergentes.<\/p>\n","protected":false},"author":2,"featured_media":5742,"comment_status":"open","ping_status":"closed","sticky":false,"template":"","format":"standard","meta":{"inline_featured_image":false,"footnotes":""},"categories":[19,32],"tags":[],"categorias-smart-power-":[],"paises-":[],"class_list":["post-5739","post","type-post","status-publish","format-standard","has-post-thumbnail","hentry","category-ferias-eventos","category-espanol"],"_links":{"self":[{"href":"https:\/\/www.inmesol.com\/en\/wp-json\/wp\/v2\/posts\/5739","targetHints":{"allow":["GET"]}}],"collection":[{"href":"https:\/\/www.inmesol.com\/en\/wp-json\/wp\/v2\/posts"}],"about":[{"href":"https:\/\/www.inmesol.com\/en\/wp-json\/wp\/v2\/types\/post"}],"author":[{"embeddable":true,"href":"https:\/\/www.inmesol.com\/en\/wp-json\/wp\/v2\/users\/2"}],"replies":[{"embeddable":true,"href":"https:\/\/www.inmesol.com\/en\/wp-json\/wp\/v2\/comments?post=5739"}],"version-history":[{"count":0,"href":"https:\/\/www.inmesol.com\/en\/wp-json\/wp\/v2\/posts\/5739\/revisions"}],"wp:featuredmedia":[{"embeddable":true,"href":"https:\/\/www.inmesol.com\/en\/wp-json\/wp\/v2\/media\/5742"}],"wp:attachment":[{"href":"https:\/\/www.inmesol.com\/en\/wp-json\/wp\/v2\/media?parent=5739"}],"wp:term":[{"taxonomy":"category","embeddable":true,"href":"https:\/\/www.inmesol.com\/en\/wp-json\/wp\/v2\/categories?post=5739"},{"taxonomy":"post_tag","embeddable":true,"href":"https:\/\/www.inmesol.com\/en\/wp-json\/wp\/v2\/tags?post=5739"},{"taxonomy":"categorias-smart-power-","embeddable":true,"href":"https:\/\/www.inmesol.com\/en\/wp-json\/wp\/v2\/categorias-smart-power-?post=5739"},{"taxonomy":"paises-","embeddable":true,"href":"https:\/\/www.inmesol.com\/en\/wp-json\/wp\/v2\/paises-?post=5739"}],"curies":[{"name":"wp","href":"https:\/\/api.w.org\/{rel}","templated":true}]}}