{"id":5821,"date":"2018-01-24T13:20:02","date_gmt":"2018-01-24T12:20:02","guid":{"rendered":"http:\/\/www.inmesol.es\/blog\/?p=5821"},"modified":"2025-01-09T12:10:25","modified_gmt":"2025-01-09T12:10:25","slug":"energia-emergencia-inmesol-una-torre-agua-ubicada-la-baja-austria","status":"publish","type":"post","link":"https:\/\/www.inmesol.com\/en\/blog\/energia-emergencia-inmesol-una-torre-agua-ubicada-la-baja-austria\/","title":{"rendered":"Energ\u00eda de EMERGENCIA INMESOL en una torre de agua ubicada en la Baja Austria"},"content":{"rendered":"<p>Austria es un pa\u00eds rico en <strong>recursos h\u00eddricos<\/strong> y utilizan sistemas de <strong>distribuci\u00f3n del agua<\/strong> con la <strong>tecnolog\u00eda m\u00e1s moderna<\/strong> del mercado.<\/p>\n<figure id=\"attachment_5820\" aria-describedby=\"caption-attachment-5820\" style=\"width: 640px\" class=\"wp-caption aligncenter\"><img fetchpriority=\"high\" decoding=\"async\" class=\"size-full wp-image-5820\" src=\"\/wp-content\/uploads\/2018\/01\/energia-emergencia-inmesol-una-torre-agua-ubicada-la-baja-austria.jpg\" alt=\"Foto de Paul Gilmore. Piburger See, Austria\" width=\"640\" height=\"450\" title=\"\" srcset=\"https:\/\/www.inmesol.com\/wp-content\/uploads\/2018\/01\/energia-emergencia-inmesol-una-torre-agua-ubicada-la-baja-austria.jpg 640w, https:\/\/www.inmesol.com\/wp-content\/uploads\/2018\/01\/energia-emergencia-inmesol-una-torre-agua-ubicada-la-baja-austria-300x211.jpg 300w\" sizes=\"(max-width: 640px) 100vw, 640px\"><figcaption id=\"caption-attachment-5820\" class=\"wp-caption-text\">Foto de Paul Gilmore. Piburger See, Austria<\/figcaption><\/figure>\n<p>A pesar de que el relieve del pa\u00eds es fundamentalmente monta\u00f1oso debido a la extensi\u00f3n que ocupan los Alpes orientales, los estados de Viena, Baja Austria y Burgenland son pr\u00e1cticamente <strong>llanos<\/strong>.<\/p>\n<p>La ausencia de elevaciones naturales de terreno provoca la necesidad de construir <strong>torres de agua<\/strong> para\u00a0 almacenar grandes cantidades de la misma a una altura suficiente para <strong>presurizar los sistemas de distribuci\u00f3n.<\/strong><\/p>\n<figure id=\"attachment_5828\" aria-describedby=\"caption-attachment-5828\" style=\"width: 640px\" class=\"wp-caption aligncenter\"><img decoding=\"async\" class=\"size-full wp-image-5828 lazyload\" data-src=\"\/wp-content\/uploads\/2018\/01\/1_energia-emergencia-inmesol-una-torre-agua-ubicada-la-baja-austria.jpg\" alt=\"Foto de Igor Ovsyannykov. Torre de agua masiva\" width=\"640\" height=\"450\" title=\"\" src=\"data:image\/svg+xml;base64,PHN2ZyB3aWR0aD0iMSIgaGVpZ2h0PSIxIiB4bWxucz0iaHR0cDovL3d3dy53My5vcmcvMjAwMC9zdmciPjwvc3ZnPg==\" style=\"--smush-placeholder-width: 640px; --smush-placeholder-aspect-ratio: 640\/450;\" data-srcset=\"https:\/\/www.inmesol.com\/wp-content\/uploads\/2018\/01\/1_energia-emergencia-inmesol-una-torre-agua-ubicada-la-baja-austria.jpg 640w, https:\/\/www.inmesol.com\/wp-content\/uploads\/2018\/01\/1_energia-emergencia-inmesol-una-torre-agua-ubicada-la-baja-austria-300x211.jpg 300w\" data-sizes=\"auto\" data-original-sizes=\"(max-width: 640px) 100vw, 640px\"><figcaption id=\"caption-attachment-5828\" class=\"wp-caption-text\">Foto de Igor Ovsyannykov. Torre de agua masiva<\/figcaption><\/figure>\n<p>Estos gigantescos dep\u00f3sitos de <strong>agua<\/strong> mantienen una presi\u00f3n constante en los sistemas de distribuci\u00f3n, tanto para fines de consumo dom\u00e9stico (agua potable), fines de consumo industrial, o bien, para almacenar agua de emergencia destinada a la protecci\u00f3n contra incendios (agua no potable).<\/p>\n<p>Al ser dep\u00f3sitos <strong>elevados<\/strong>, las torres pueden suministrar agua incluso durante los <strong>cortes de suministro<\/strong> el\u00e9ctrico, ya que disponen de <strong>energ\u00eda potencial<\/strong> producida por la elevaci\u00f3n del agua que se utiliza para empujar esta por los sistemas de distribuci\u00f3n tanto dom\u00e9sticos como industriales;\u00a0sin embargo, el suministro no puede durar mucho tiempo sin energ\u00eda, ya que normalmente se requiere una <strong>bomba para rellenar<\/strong> la torre.<\/p>\n<p>La torre tambi\u00e9n sirve como un dep\u00f3sito que ayuda a proporcionar agua durante los <strong>tiempos pico<\/strong> de uso que suele ser en las <strong>horas del d\u00eda<\/strong>.\u00a0El nivel de agua en la torre generalmente\u00a0cae\u00a0durante estas horas pico, y luego una bomba lo llena durante la noche.<\/p>\n<p>Por esta raz\u00f3n, se hace necesario el uso de un <strong>grupo electr\u00f3geno de emergencia<\/strong> que asegure el suministro de energ\u00eda el\u00e9ctrica a las bombas que rellenan la torre de agua.<\/p>\n<p>Recientemente se ha instalado un generador modelo II-066, en una torre de agua ubicada en la <strong>Baja Austria.<\/strong><\/p>\n<figure id=\"attachment_5818\" aria-describedby=\"caption-attachment-5818\" style=\"width: 640px\" class=\"wp-caption aligncenter\"><img decoding=\"async\" class=\"size-full wp-image-5818 lazyload\" data-src=\"\/wp-content\/uploads\/2018\/01\/2_energia-emergencia-inmesol-una-torre-agua-ubicada-la-baja-austria.jpg\" alt=\"Grupo electr\u00f3geno INMESOL modelo II-066 llegando para ser instalado junto a la Torre de Agua\" width=\"640\" height=\"450\" title=\"\" src=\"data:image\/svg+xml;base64,PHN2ZyB3aWR0aD0iMSIgaGVpZ2h0PSIxIiB4bWxucz0iaHR0cDovL3d3dy53My5vcmcvMjAwMC9zdmciPjwvc3ZnPg==\" style=\"--smush-placeholder-width: 640px; --smush-placeholder-aspect-ratio: 640\/450;\" data-srcset=\"https:\/\/www.inmesol.com\/wp-content\/uploads\/2018\/01\/2_energia-emergencia-inmesol-una-torre-agua-ubicada-la-baja-austria.jpg 640w, https:\/\/www.inmesol.com\/wp-content\/uploads\/2018\/01\/2_energia-emergencia-inmesol-una-torre-agua-ubicada-la-baja-austria-300x211.jpg 300w\" data-sizes=\"auto\" data-original-sizes=\"(max-width: 640px) 100vw, 640px\"><figcaption id=\"caption-attachment-5818\" class=\"wp-caption-text\">Grupo electr\u00f3geno INMESOL modelo II-066 llegando para ser instalado junto a la Torre de Agua<\/figcaption><\/figure>\n<p>El nivel de conciencia con el <strong>cuidado del Medio Ambiente<\/strong> que caracteriza a esta regi\u00f3n, se refleja en la elecci\u00f3n del generador escogido para esta aplicaci\u00f3n;<\/p>\n<ul>\n<li>Generador con <strong>alto nivel de insonorizaci\u00f3n<\/strong> y un <strong>silencioso extra<\/strong> que reducen considerablemente las emisiones sonoras.<\/li>\n<li>Motor <strong>STAGE 3A<\/strong>, que asegura un m\u00ednimo impacto ambiental por emisiones de gases.<\/li>\n<li>Cuadro de sincronismo <strong>paralelo con la red<\/strong>, de manera que cuando esta se restituye ante un fallo, no se aprecia un corte de suministro entre el generador y la red el\u00e9ctrica.<\/li>\n<\/ul>\n","protected":false},"excerpt":{"rendered":"<p>Recientemente se ha instalado un generador modelo II-066, en una torre de agua ubicada en la Baja Austria.<\/p>\n","protected":false},"author":2,"featured_media":5831,"comment_status":"open","ping_status":"closed","sticky":false,"template":"","format":"standard","meta":{"inline_featured_image":false,"footnotes":""},"categories":[32,21],"tags":[23],"categorias-smart-power-":[],"paises-":[],"class_list":["post-5821","post","type-post","status-publish","format-standard","has-post-thumbnail","hentry","category-espanol","category-grupos-electrogenos","tag-grupos-electrogenos-de-emergencia"],"_links":{"self":[{"href":"https:\/\/www.inmesol.com\/en\/wp-json\/wp\/v2\/posts\/5821","targetHints":{"allow":["GET"]}}],"collection":[{"href":"https:\/\/www.inmesol.com\/en\/wp-json\/wp\/v2\/posts"}],"about":[{"href":"https:\/\/www.inmesol.com\/en\/wp-json\/wp\/v2\/types\/post"}],"author":[{"embeddable":true,"href":"https:\/\/www.inmesol.com\/en\/wp-json\/wp\/v2\/users\/2"}],"replies":[{"embeddable":true,"href":"https:\/\/www.inmesol.com\/en\/wp-json\/wp\/v2\/comments?post=5821"}],"version-history":[{"count":0,"href":"https:\/\/www.inmesol.com\/en\/wp-json\/wp\/v2\/posts\/5821\/revisions"}],"wp:featuredmedia":[{"embeddable":true,"href":"https:\/\/www.inmesol.com\/en\/wp-json\/"}],"wp:attachment":[{"href":"https:\/\/www.inmesol.com\/en\/wp-json\/wp\/v2\/media?parent=5821"}],"wp:term":[{"taxonomy":"category","embeddable":true,"href":"https:\/\/www.inmesol.com\/en\/wp-json\/wp\/v2\/categories?post=5821"},{"taxonomy":"post_tag","embeddable":true,"href":"https:\/\/www.inmesol.com\/en\/wp-json\/wp\/v2\/tags?post=5821"},{"taxonomy":"categorias-smart-power-","embeddable":true,"href":"https:\/\/www.inmesol.com\/en\/wp-json\/wp\/v2\/categorias-smart-power-?post=5821"},{"taxonomy":"paises-","embeddable":true,"href":"https:\/\/www.inmesol.com\/en\/wp-json\/wp\/v2\/paises-?post=5821"}],"curies":[{"name":"wp","href":"https:\/\/api.w.org\/{rel}","templated":true}]}}