{"id":5834,"date":"2018-01-29T13:10:08","date_gmt":"2018-01-29T12:10:08","guid":{"rendered":"http:\/\/www.inmesol.es\/blog\/?p=5834"},"modified":"2023-06-21T10:12:08","modified_gmt":"2023-06-21T10:12:08","slug":"nuevo-diseno-la-carroceria-abatible-inmesol","status":"publish","type":"post","link":"https:\/\/www.inmesol.com\/en\/blog\/nuevo-diseno-la-carroceria-abatible-inmesol\/","title":{"rendered":"Nuevo dise\u00f1o de la carrocer\u00eda abatible INMESOL"},"content":{"rendered":"<h4 style=\"text-align: center;\"><strong>Ahora m\u00e1s robusta y silenciosa<\/strong><\/h4>\n<p>Ya est\u00e1n en proceso de fabricaci\u00f3n las primeras unidades de la <strong>nueva carrocer\u00eda abatible<\/strong> para grupos electr\u00f3genos de potencias PRP comprendidas entre <strong>8 y 15 kVA<\/strong>, tanto para la Gama<strong> Industrial<\/strong> como la Gama de <strong>Emergencia<\/strong><strong>.<\/strong><\/p>\n<figure id=\"attachment_5833\" aria-describedby=\"caption-attachment-5833\" style=\"width: 640px\" class=\"wp-caption aligncenter\"><img fetchpriority=\"high\" decoding=\"async\" class=\"size-full wp-image-5833\" src=\"\/wp-content\/uploads\/2018\/01\/nuevo-diseno-la-carroceria-abatible-inmesol.jpg\" alt=\"Infograf\u00eda de la nueva carrocer\u00eda abatible\" width=\"640\" height=\"450\" title=\"\" srcset=\"https:\/\/www.inmesol.com\/wp-content\/uploads\/2018\/01\/nuevo-diseno-la-carroceria-abatible-inmesol.jpg 640w, https:\/\/www.inmesol.com\/wp-content\/uploads\/2018\/01\/nuevo-diseno-la-carroceria-abatible-inmesol-300x211.jpg 300w\" sizes=\"(max-width: 640px) 100vw, 640px\"><figcaption id=\"caption-attachment-5833\" class=\"wp-caption-text\">Infograf\u00eda de la nueva carrocer\u00eda abatible<\/figcaption><\/figure>\n<p>El nuevo dise\u00f1o proporciona al generador un aspecto <strong>m\u00e1s robusto<\/strong> y una <strong>mayor insonorizaci\u00f3n<\/strong> que la de su dise\u00f1o anterior, con nuevas trampas de sonido que evitan que este salga al exterior y consiguiendo una interesante reducci\u00f3n de las emisiones ac\u00fasticas.<\/p>\n<p>El <a href=\"http:\/\/www.gensetcomponents.com\/epages\/GeneratorParts.sf\/es_ES\/?ObjectPath=\/Shops\/GeneratorParts\/Categories\/Cuadros_Electricos\" target=\"_blank\" rel=\"noopener\">cuadro el\u00e9ctrico<\/a>, la <a href=\"http:\/\/www.gensetcomponents.com\/epages\/GeneratorParts.sf\/es_ES\/?ObjectPath=\/Shops\/GeneratorParts\/Categories\/Centralitas\/Deep_Sea_Electronics_DSE\" target=\"_blank\" rel=\"noopener\">centralita DSE<\/a> y las bases de salida, tanto en versi\u00f3n monof\u00e1sica como en versi\u00f3n trif\u00e1sica, permanecen como en el modelo antecesor.<\/p>\n<p>La carrocer\u00eda abatible ofrece la <strong>ventaja<\/strong> en el uso habitual del generador, de acceder de forma sencilla al motor y alternador albergados dentro de ella, lo que <strong>facilita enormemente las <a href=\"http:\/\/www.inmesol.es\/blog\/el-mantenimiento-de-los-grupos-electrogenos\" target=\"_blank\" rel=\"noopener\">labores de mantenimiento<\/a> y <\/strong>\u00a0cambiar filtros u otros <a href=\"http:\/\/www.gensetcomponents.com\/\" target=\"_blank\" rel=\"noopener\">recambios de estos grupos electr\u00f3genos<\/a>.<\/p>\n<p>&nbsp;<\/p>\n","protected":false},"excerpt":{"rendered":"<p>Ya est\u00e1n en proceso de fabricaci\u00f3n las primeras unidades de la nueva carrocer\u00eda abatible para grupos electr\u00f3genos de potencias PRP comprendidas entre 8 y 15 kVA, tanto para la Gama Industrial como la Gama de Emergencia.<\/p>\n","protected":false},"author":2,"featured_media":5832,"comment_status":"open","ping_status":"closed","sticky":false,"template":"","format":"standard","meta":{"inline_featured_image":false,"footnotes":""},"categories":[21,32],"tags":[],"categorias-smart-power-":[],"paises-":[],"class_list":["post-5834","post","type-post","status-publish","format-standard","has-post-thumbnail","hentry","category-grupos-electrogenos","category-espanol"],"_links":{"self":[{"href":"https:\/\/www.inmesol.com\/en\/wp-json\/wp\/v2\/posts\/5834","targetHints":{"allow":["GET"]}}],"collection":[{"href":"https:\/\/www.inmesol.com\/en\/wp-json\/wp\/v2\/posts"}],"about":[{"href":"https:\/\/www.inmesol.com\/en\/wp-json\/wp\/v2\/types\/post"}],"author":[{"embeddable":true,"href":"https:\/\/www.inmesol.com\/en\/wp-json\/wp\/v2\/users\/2"}],"replies":[{"embeddable":true,"href":"https:\/\/www.inmesol.com\/en\/wp-json\/wp\/v2\/comments?post=5834"}],"version-history":[{"count":0,"href":"https:\/\/www.inmesol.com\/en\/wp-json\/wp\/v2\/posts\/5834\/revisions"}],"wp:featuredmedia":[{"embeddable":true,"href":"https:\/\/www.inmesol.com\/en\/wp-json\/"}],"wp:attachment":[{"href":"https:\/\/www.inmesol.com\/en\/wp-json\/wp\/v2\/media?parent=5834"}],"wp:term":[{"taxonomy":"category","embeddable":true,"href":"https:\/\/www.inmesol.com\/en\/wp-json\/wp\/v2\/categories?post=5834"},{"taxonomy":"post_tag","embeddable":true,"href":"https:\/\/www.inmesol.com\/en\/wp-json\/wp\/v2\/tags?post=5834"},{"taxonomy":"categorias-smart-power-","embeddable":true,"href":"https:\/\/www.inmesol.com\/en\/wp-json\/wp\/v2\/categorias-smart-power-?post=5834"},{"taxonomy":"paises-","embeddable":true,"href":"https:\/\/www.inmesol.com\/en\/wp-json\/wp\/v2\/paises-?post=5834"}],"curies":[{"name":"wp","href":"https:\/\/api.w.org\/{rel}","templated":true}]}}