{"id":5867,"date":"2018-09-26T10:40:13","date_gmt":"2018-09-26T08:40:13","guid":{"rendered":"http:\/\/www.inmesol.es\/blog\/?p=5867"},"modified":"2026-01-20T10:47:01","modified_gmt":"2026-01-20T10:47:01","slug":"los-trabajadores-del-grupo-solano-ya-lucen-su-nueva-equipacion-ciclista-para-la-temporada-2018-2019","status":"publish","type":"post","link":"https:\/\/www.inmesol.com\/en\/blog\/los-trabajadores-del-grupo-solano-ya-lucen-su-nueva-equipacion-ciclista-para-la-temporada-2018-2019\/","title":{"rendered":"Los trabajadores del Grupo Solano ya lucen su nueva equipaci\u00f3n ciclista para la temporada 2018-2019"},"content":{"rendered":"<p>El pasado domingo 23 de septiembre, se produjo la <strong>entrega<\/strong> de la nueva <strong>equipaci\u00f3n<\/strong> que va a lucir a lo largo de esta temporada 2018-2019 el equipo ciclista del <strong>GRUPO SOLANO<\/strong>, formado por <strong>trabajadores<\/strong> de las empresas que forman parte del grupo: <strong>INMESOL, SOLANO HORIZONTE y TORPEDO DESARROLLOS S.L.<\/strong><\/p>\n<figure id=\"attachment_5868\" aria-describedby=\"caption-attachment-5868\" style=\"width: 750px\" class=\"wp-caption aligncenter\"><img fetchpriority=\"high\" decoding=\"async\" class=\"wp-image-5868 size-full\" src=\"\/wp-content\/uploads\/2018\/09\/los-trabajadores-del-grupo-solano-ya-lucen-su-nueva-equipacion-ciclista-para-la-temporada-2018-2019.jpg\" alt=\"Equipo ciclista de Inmesol\" width=\"750\" height=\"563\" title=\"\" srcset=\"https:\/\/www.inmesol.com\/wp-content\/uploads\/2018\/09\/los-trabajadores-del-grupo-solano-ya-lucen-su-nueva-equipacion-ciclista-para-la-temporada-2018-2019.jpg 750w, https:\/\/www.inmesol.com\/wp-content\/uploads\/2018\/09\/los-trabajadores-del-grupo-solano-ya-lucen-su-nueva-equipacion-ciclista-para-la-temporada-2018-2019-300x225.jpg 300w\" sizes=\"(max-width: 750px) 100vw, 750px\"><figcaption id=\"caption-attachment-5868\" class=\"wp-caption-text\"><em>Miembros del equipo ciclista del Grupo Solano<\/em><\/figcaption><\/figure>\n<p>El <strong>Grupo Solano<\/strong>, conoce bien la importancia del <strong>trabajo en equipo<\/strong> y en este sentido siempre ha favorecido y promovido los <strong>deportes<\/strong> que han practicado <strong>sus trabajadores<\/strong>. En esta ocasi\u00f3n, se ha formado un numeroso y s\u00f3lido equipo ciclista que no solo comparten actividades a nivel laboral, sino tambi\u00e9n aficiones comunes, <strong>fortaleciendo<\/strong> las relaciones positivas entre ellos.<\/p>\n","protected":false},"excerpt":{"rendered":"<p>Entrega de la nueva equipaci\u00f3n que va a lucir a lo largo de esta temporada 2018-2019 el equipo ciclista del GRUPO SOLANO, formado por trabajadores de las empresas que forman parte del grupo: INMESOL, SOLANO HORIZONTE y TORPEDO DESARROLLOS S.L  <\/p>\n","protected":false},"author":2,"featured_media":5870,"comment_status":"closed","ping_status":"closed","sticky":false,"template":"","format":"standard","meta":{"inline_featured_image":false,"footnotes":""},"categories":[17,32],"tags":[],"categorias-smart-power-":[],"paises-":[],"class_list":["post-5867","post","type-post","status-publish","format-standard","has-post-thumbnail","hentry","category-corporativo","category-espanol"],"_links":{"self":[{"href":"https:\/\/www.inmesol.com\/en\/wp-json\/wp\/v2\/posts\/5867","targetHints":{"allow":["GET"]}}],"collection":[{"href":"https:\/\/www.inmesol.com\/en\/wp-json\/wp\/v2\/posts"}],"about":[{"href":"https:\/\/www.inmesol.com\/en\/wp-json\/wp\/v2\/types\/post"}],"author":[{"embeddable":true,"href":"https:\/\/www.inmesol.com\/en\/wp-json\/wp\/v2\/users\/2"}],"replies":[{"embeddable":true,"href":"https:\/\/www.inmesol.com\/en\/wp-json\/wp\/v2\/comments?post=5867"}],"version-history":[{"count":0,"href":"https:\/\/www.inmesol.com\/en\/wp-json\/wp\/v2\/posts\/5867\/revisions"}],"wp:featuredmedia":[{"embeddable":true,"href":"https:\/\/www.inmesol.com\/en\/wp-json\/"}],"wp:attachment":[{"href":"https:\/\/www.inmesol.com\/en\/wp-json\/wp\/v2\/media?parent=5867"}],"wp:term":[{"taxonomy":"category","embeddable":true,"href":"https:\/\/www.inmesol.com\/en\/wp-json\/wp\/v2\/categories?post=5867"},{"taxonomy":"post_tag","embeddable":true,"href":"https:\/\/www.inmesol.com\/en\/wp-json\/wp\/v2\/tags?post=5867"},{"taxonomy":"categorias-smart-power-","embeddable":true,"href":"https:\/\/www.inmesol.com\/en\/wp-json\/wp\/v2\/categorias-smart-power-?post=5867"},{"taxonomy":"paises-","embeddable":true,"href":"https:\/\/www.inmesol.com\/en\/wp-json\/wp\/v2\/paises-?post=5867"}],"curies":[{"name":"wp","href":"https:\/\/api.w.org\/{rel}","templated":true}]}}