{"id":8146,"date":"2014-01-29T20:05:42","date_gmt":"2014-01-29T19:05:42","guid":{"rendered":"http:\/\/www.inmesol.fr\/blog\/?p=977"},"modified":"2025-01-09T19:10:48","modified_gmt":"2025-01-09T19:10:48","slug":"la-ixe-edition-du-mobile-world-congress-se-tient-le-mois-prochain-a-barcelone","status":"publish","type":"post","link":"https:\/\/www.inmesol.com\/en\/blog\/la-ixe-edition-du-mobile-world-congress-se-tient-le-mois-prochain-a-barcelone\/","title":{"rendered":"La IXe \u00e9dition du Mobile World Congress se tient le mois prochain \u00e0 Barcelone"},"content":{"rendered":"<div id=\"entradilla\">\n<h2 class=\"bullet\">1 800 exposants, dont Microsoft, IBM, Sony, Samsung, LG et Google<\/h2>\n<h2 class=\"bullet\">Le congr\u00e8s injectera 356 millions d\u2019euros \u00e0 la ville<\/h2>\n<h2 class=\"bullet\">Le fondateur de Facebook sera l\u2019un des conf\u00e9renciers-vedette<\/h2>\n<h2 class=\"bullet\">Quelque 75 000 assistants sont attendus<\/h2>\n<\/div>\n<p style=\"text-align: center;\"><img fetchpriority=\"high\" decoding=\"async\" class=\" wp-image-2022 aligncenter\" src=\"\/wp-content\/uploads\/2014\/01\/la-ixe-edition-du-mobile-world-congress-se-tient-le-mois-prochain-a-barcelone.jpg\" alt=\"MWC-2014-1\" width=\"480\" height=\"191\" title=\"\" srcset=\"https:\/\/www.inmesol.com\/wp-content\/uploads\/2014\/01\/la-ixe-edition-du-mobile-world-congress-se-tient-le-mois-prochain-a-barcelone.jpg 600w, https:\/\/www.inmesol.com\/wp-content\/uploads\/2014\/01\/la-ixe-edition-du-mobile-world-congress-se-tient-le-mois-prochain-a-barcelone-300x120.jpg 300w\" sizes=\"(max-width: 480px) 100vw, 480px\"><\/p>\n<p><strong>Du 24 au 27 f\u00e9vrier<\/strong>, le <strong>Mobile World Congress<\/strong> (<a href=\"https:\/\/www.mwcbarcelona.com\/\" target=\"_blank\" rel=\"noopener\">MWC<\/a>) se tiendra \u00e0 Barcelone (Espagne). Il s\u2019agit de la rencontre la plus importante du secteur des communications mobiles sans fils.<\/p>\n<p>Plus de <strong>1\u00a0800 exposants<\/strong>participeront \u00e0 cette neuvi\u00e8me \u00e9dition.Comme chaque ann\u00e9e, le congr\u00e8s sera le cadre de rencontre des leaders de l\u2019industrie avec les repr\u00e9sentant d\u2019autres segments du secteur des TIC et avec les d\u00e9veloppeurs. C\u2019est aussi \u00e0 cette occasion que se produira la plus grande concentration de pr\u00e9sentations <strong>des derni\u00e8res avanc\u00e9es en mati\u00e8re de t\u00e9l\u00e9phonie mobile.<\/strong><\/p>\n<p><strong><img decoding=\"async\" class=\"alignnone size-full wp-image-2023 lazyload\" data-src=\"\/wp-content\/uploads\/2014\/01\/1_la-ixe-edition-du-mobile-world-congress-se-tient-le-mois-prochain-a-barcelone.jpg\" alt=\"MWC-2014-2\" width=\"746\" height=\"390\" title=\"\" src=\"data:image\/svg+xml;base64,PHN2ZyB3aWR0aD0iMSIgaGVpZ2h0PSIxIiB4bWxucz0iaHR0cDovL3d3dy53My5vcmcvMjAwMC9zdmciPjwvc3ZnPg==\" style=\"--smush-placeholder-width: 746px; --smush-placeholder-aspect-ratio: 746\/390;\" data-srcset=\"https:\/\/www.inmesol.com\/wp-content\/uploads\/2014\/01\/1_la-ixe-edition-du-mobile-world-congress-se-tient-le-mois-prochain-a-barcelone.jpg 746w, https:\/\/www.inmesol.com\/wp-content\/uploads\/2014\/01\/1_la-ixe-edition-du-mobile-world-congress-se-tient-le-mois-prochain-a-barcelone-300x157.jpg 300w\" data-sizes=\"auto\" data-original-sizes=\"(max-width: 746px) 100vw, 746px\"><\/strong><\/p>\n<h3>Le fondateur de Facebook sera le conf\u00e9rencier vedette du WMC<\/h3>\n<p>Ing\u00e9nieurs, scientifiques, investisseurs et hauts responsables se retrouveront sur les <strong>98\u00a0000 m\u00e8tres carr\u00e9s<\/strong> du site de <span style=\"text-decoration: underline;\">Fira Barcelona<\/span> \u00e0 L\u2019Hospitalet. Le congr\u00e8s donnera lieu \u00e0 <strong>44 s\u00e9ances<\/strong> auxquelles participeront <strong>les leaders des principales compagnies de l\u2019univers du mobile<\/strong>, comme <strong>AT&amp;T<\/strong>, <strong>IBM<\/strong>, <strong>Isis<\/strong>, <strong>Raspberry Pi Foundation<\/strong> et <strong>Viacom<\/strong>.<\/p>\n<p>Parmi les <strong>240 orateurs<\/strong> attendus, plusieurs cr\u00e9eront l\u2019\u00e9v\u00e9nement, comme Virginia Rometty<strong> pr\u00e9sidente d\u2019IBM<\/strong>, Jan Koum,<strong> directeur g\u00e9n\u00e9ral de Whatsapp<\/strong>, et Mark Zuckerberg,<strong> fondateur et pr\u00e9sident de Facebook<\/strong>. Par ailleurs, <span style=\"text-decoration: underline;\">80 ministres et chefs d\u2019\u00c9tat<\/span> on confirm\u00e9 leur assistance \u00e0 l\u2019\u00e9v\u00e9nement.<\/p>\n<h3>Les conf\u00e9rences les plus marquantes seront transmises en direct sur Internet<\/h3>\n<p><img decoding=\"async\" class=\"alignleft size-full wp-image-2024 lazyload\" data-src=\"\/wp-content\/uploads\/2014\/01\/2_la-ixe-edition-du-mobile-world-congress-se-tient-le-mois-prochain-a-barcelone.jpg\" alt=\"MWC-2014-3\" width=\"262\" height=\"208\" title=\"\" src=\"data:image\/svg+xml;base64,PHN2ZyB3aWR0aD0iMSIgaGVpZ2h0PSIxIiB4bWxucz0iaHR0cDovL3d3dy53My5vcmcvMjAwMC9zdmciPjwvc3ZnPg==\" style=\"--smush-placeholder-width: 262px; --smush-placeholder-aspect-ratio: 262\/208;\"><\/p>\n<p>Les organisateurs ont fait savoir au moyen d\u2019une note de presse que les interventions les plus marquantes du Mobile World Congress seront transmises en direct sur Internet <strong>pour les visiteurs du sal\u00f3n et pour les internautes <\/strong>via le portail <a href=\"http:\/\/www.mobileworldlive.com\/\" target=\"_blank\" rel=\"noopener\">Mobile World Live<\/a>.<\/p>\n<p>Programme des <strong>conf\u00e9rences les plus attendues<\/strong>.<\/p>\n<h3>Quelles sont les nouveaut\u00e9s qui seront pr\u00e9sent\u00e9es\u00a0?<\/h3>\n<p>Pour les experts, tout comme la grande nouveaut\u00e9 de l\u2019an dernier avait \u00e9t\u00e9 la bande large 4G ayant recours \u00e0 la norme LTE, cet an-ci la surprise du congr\u00e8s nous viendra des <strong>dispositifs portables connect\u00e9s \u00e0 Internet et con\u00e7us pour am\u00e9liorer notre vie quotidienne <\/strong>sous forme de bracelets, lunettes, montres, etc.<\/p>\n<p>On s\u2019attend aussi \u00e0 ce que le MWC soit le th\u00e9\u00e2tre de la pr\u00e9sentation du tr\u00e8s attendu <strong>Galaxy S5<\/strong>, le nouveau \u00ab\u00a0smartphone\u00a0\u00bb de Samsung, qui incorporera un <strong>scanner de l\u2019iris des yeux<\/strong> et qui pourrait fonctionner en synchronisation avec la derni\u00e8re \u00ab\u00a0smartwatch\u00a0\u00bb de la compagnie.<\/p>\n<h3>Impact \u00e9conomique<\/h3>\n<p>D\u2019apr\u00e8s un rapport ind\u00e9pendant command\u00e9 par GMA \u2013 la principale association de l\u2019industrie mobile et la responsable de l\u2019organisation du congr\u00e8s\u00a0\u2013 le Mobile World Congress aura cet an-ci <strong>un impact \u00e9conomique de 356 millions d\u2019euros<\/strong>.<\/p>\n<h3>Exposition \u00ab\u00a0La ville connect\u00e9e\u00a0\u00bb<\/h3>\n<p>La rencontre sera l\u2019occasion de d\u00e9couvrir une exposition qui montre <strong>comment la technologie mobile peut nous \u00eatre d\u2019une grande utilit\u00e9 gr\u00e2ce aux applications d\u00e9velopp\u00e9es <\/strong>pour la maison, pour la sant\u00e9, pour nos voitures, pour l\u2019\u00e9ducation, pour les ventes, etc.<\/p>\n<p><img decoding=\"async\" class=\"alignnone size-full wp-image-2025 lazyload\" data-src=\"\/wp-content\/uploads\/2014\/01\/3_la-ixe-edition-du-mobile-world-congress-se-tient-le-mois-prochain-a-barcelone.jpg\" alt=\"MWC-2014-4\" width=\"711\" height=\"477\" title=\"\" src=\"data:image\/svg+xml;base64,PHN2ZyB3aWR0aD0iMSIgaGVpZ2h0PSIxIiB4bWxucz0iaHR0cDovL3d3dy53My5vcmcvMjAwMC9zdmciPjwvc3ZnPg==\" style=\"--smush-placeholder-width: 711px; --smush-placeholder-aspect-ratio: 711\/477;\" data-srcset=\"https:\/\/www.inmesol.com\/wp-content\/uploads\/2014\/01\/3_la-ixe-edition-du-mobile-world-congress-se-tient-le-mois-prochain-a-barcelone.jpg 711w, https:\/\/www.inmesol.com\/wp-content\/uploads\/2014\/01\/3_la-ixe-edition-du-mobile-world-congress-se-tient-le-mois-prochain-a-barcelone-300x201.jpg 300w\" data-sizes=\"auto\" data-original-sizes=\"(max-width: 711px) 100vw, 711px\"><\/p>\n<p>La \u00ab\u00a0Ville connect\u00e9e\u00a0\u00bb a \u00e9t\u00e9 mont\u00e9e en collaboration avec <span style=\"text-decoration: underline;\">AT&amp;T, Deutsche Telekom, KT Corp. et Vodafone et des compagnies telles qu\u2019Accenture, Ericsson, General Motors, Huawei, Samsung et Synchronoss Technologies<\/span>.<\/p>\n<h3>\u00ab\u00a0The Mobile World Hub\u00a0\u00bb et autres \u00e9v\u00e9nements parall\u00e8les<\/h3>\n<p>Ce centre est le <strong>si\u00e8ge<\/strong> de la Mobile World Capital et de <strong>GSMA<\/strong> \u00e0 Barcelone. C\u2019est aussi un <span style=\"text-decoration: underline;\">point de rencontre entre l\u2019industrie des TIC et les entreprises et organisations d\u2019autres secteurs d\u2019activit\u00e9<\/span>.<\/p>\n<p>Il vise \u00e0 renforcer la position de <strong>Barcelone comme hub global de solutions mobiles<\/strong> susceptibles de g\u00e9n\u00e9rer des opportunit\u00e9s commerciales, des services de pointe et une meilleure qualit\u00e9 de vie de ses habitants, et de promouvoir l\u2019apprentissage.<\/p>\n<p>La Mobile World Capital organise \u00ab\u00a0<strong>Dans 4 ans\u00a0\u00bb<\/strong>, une manifestation portant sur <strong>l\u2019innovation et les entrepreneurs en technologie mobile <\/strong>qui se d\u00e9roulera parall\u00e8lement au congr\u00e8s, du 24 au 26 f\u00e9vrier au si\u00e8ge de Fira Montjuic, \u00e0 l\u2019aide de s\u00e9ances, d\u2019ateliers, de d\u00e9bats et de r\u00e9unions avec des experts.<\/p>\n<p>De m\u00eame, pour la septi\u00e8me ann\u00e9e cons\u00e9cutive et pr\u00e9sent\u00e9e par la Wireless Industry Partnership et la GSMA, la <strong>WIPJam<\/strong> est de retour, pour organiser un DEVCON et un HACKATHON de quatre jours (plus d\u2019informations sur \u00a0http:\/\/www.mobileworldcongress.com\/featured-programmes\/<\/p>\n<p>[youtube height=&#8221;360&#8243; width=&#8221;640&#8243;]https:\/\/www.youtube.com\/watch?v=rj87m9RGybU&amp;feature=player_embedded#![\/youtube]<\/p>\n<h3>La technologie mobile appliqu\u00e9e aux groupes \u00e9lectrog\u00e8nes \u00e0 commande \u00e0 distance d\u2019Inmesol<\/h3>\n<p>Gr\u00e2ce aux progr\u00e8s technologiques des communications sans fils, Inmesol a pu mettre au point des <strong>groupes \u00e9lectrog\u00e8nes contr\u00f4lables \u00e0 distance<\/strong>, <strong>de n\u2019importe quel point du monde et \u00e0 l\u2019aide de n\u2019importe quel dispositif mobile<\/strong>.<\/p>\n<p>Le <strong>syst\u00e8me DSEWenNet<\/strong> permet en outre de contr\u00f4ler <strong>simultan\u00e9ment plusieurs groupes \u00e9lectrog\u00e8nes<\/strong> et ce, en temps r\u00e9el (<a href=\"http:\/\/www.inmesol.es\/blog\/innovador-sistema-de-control-remoto\" target=\"_blank\" rel=\"noopener\">en savoir plus<\/a>).<\/p>\n<p style=\"text-align: center;\"><img decoding=\"async\" class=\"aligncenter wp-image-2019 lazyload\" data-src=\"\/wp-content\/uploads\/2014\/01\/4_la-ixe-edition-du-mobile-world-congress-se-tient-le-mois-prochain-a-barcelone.jpg\" alt=\"MWC-2014-5\" width=\"474\" height=\"416\" title=\"\" src=\"data:image\/svg+xml;base64,PHN2ZyB3aWR0aD0iMSIgaGVpZ2h0PSIxIiB4bWxucz0iaHR0cDovL3d3dy53My5vcmcvMjAwMC9zdmciPjwvc3ZnPg==\" style=\"--smush-placeholder-width: 474px; --smush-placeholder-aspect-ratio: 474\/416;\" data-srcset=\"https:\/\/www.inmesol.com\/wp-content\/uploads\/2014\/01\/4_la-ixe-edition-du-mobile-world-congress-se-tient-le-mois-prochain-a-barcelone.jpg 527w, https:\/\/www.inmesol.com\/wp-content\/uploads\/2014\/01\/4_la-ixe-edition-du-mobile-world-congress-se-tient-le-mois-prochain-a-barcelone-300x263.jpg 300w\" data-sizes=\"auto\" data-original-sizes=\"(max-width: 474px) 100vw, 474px\"><\/p>\n<p><strong>Lieu\u00a0:<\/strong><\/p>\n<p>Fira-Gran V\u00eda \u00e0 <a title=\"Hospitalet de Llobregat\" href=\"http:\/\/es.wikipedia.org\/wiki\/Hospitalet_de_Llobregat\" target=\"_blank\" rel=\"noopener\">Hospitalet de Llobregat<\/a> et Fira Montjuic \u00e0 Barcelone.<\/p>\n<p><strong>Dates\u00a0:<\/strong><\/p>\n<p>Du 24 au 27 f\u00e9vrier.<\/p>\n<p><strong>Information utile aux voyageurs\u00a0:<\/strong><\/p>\n<p>Guide de voyage de PCMag pour le MW13.<\/p>\n","protected":false},"excerpt":{"rendered":"<p>Plus de 1 800 exposantsparticiperont \u00e0 cette neuvi\u00e8me \u00e9dition.Comme chaque ann\u00e9e, le congr\u00e8s sera le cadre de rencontre des leaders de l\u2019industrie avec les repr\u00e9sentant d\u2019autres segments du secteur des TIC et avec les d\u00e9veloppeurs. C\u2019est aussi \u00e0 cette occasion que se produira la plus grande concentration de pr\u00e9sentations des derni\u00e8res avanc\u00e9es en mati\u00e8re de t\u00e9l\u00e9phonie mobile.<\/p>\n","protected":false},"author":2,"featured_media":970,"comment_status":"closed","ping_status":"open","sticky":false,"template":"","format":"standard","meta":{"inline_featured_image":false,"footnotes":""},"categories":[34,51],"tags":[],"categorias-smart-power-":[],"paises-":[],"class_list":["post-8146","post","type-post","status-publish","format-standard","has-post-thumbnail","hentry","category-frances","category-science-et-technologie"],"_links":{"self":[{"href":"https:\/\/www.inmesol.com\/en\/wp-json\/wp\/v2\/posts\/8146","targetHints":{"allow":["GET"]}}],"collection":[{"href":"https:\/\/www.inmesol.com\/en\/wp-json\/wp\/v2\/posts"}],"about":[{"href":"https:\/\/www.inmesol.com\/en\/wp-json\/wp\/v2\/types\/post"}],"author":[{"embeddable":true,"href":"https:\/\/www.inmesol.com\/en\/wp-json\/wp\/v2\/users\/2"}],"replies":[{"embeddable":true,"href":"https:\/\/www.inmesol.com\/en\/wp-json\/wp\/v2\/comments?post=8146"}],"version-history":[{"count":0,"href":"https:\/\/www.inmesol.com\/en\/wp-json\/wp\/v2\/posts\/8146\/revisions"}],"wp:featuredmedia":[{"embeddable":true,"href":"https:\/\/www.inmesol.com\/en\/wp-json\/wp\/v2\/media\/970"}],"wp:attachment":[{"href":"https:\/\/www.inmesol.com\/en\/wp-json\/wp\/v2\/media?parent=8146"}],"wp:term":[{"taxonomy":"category","embeddable":true,"href":"https:\/\/www.inmesol.com\/en\/wp-json\/wp\/v2\/categories?post=8146"},{"taxonomy":"post_tag","embeddable":true,"href":"https:\/\/www.inmesol.com\/en\/wp-json\/wp\/v2\/tags?post=8146"},{"taxonomy":"categorias-smart-power-","embeddable":true,"href":"https:\/\/www.inmesol.com\/en\/wp-json\/wp\/v2\/categorias-smart-power-?post=8146"},{"taxonomy":"paises-","embeddable":true,"href":"https:\/\/www.inmesol.com\/en\/wp-json\/wp\/v2\/paises-?post=8146"}],"curies":[{"name":"wp","href":"https:\/\/api.w.org\/{rel}","templated":true}]}}