{"id":8500,"date":"2015-05-21T08:34:31","date_gmt":"2015-05-21T06:34:31","guid":{"rendered":"http:\/\/www.inmesol.fr\/blog\/?p=2411"},"modified":"2023-06-21T10:15:25","modified_gmt":"2023-06-21T10:15:25","slug":"inmesol-remporte-prestigieux-entreps-awards-2015","status":"publish","type":"post","link":"https:\/\/www.inmesol.com\/en\/blog\/inmesol-remporte-prestigieux-entreps-awards-2015\/","title":{"rendered":"Inmesol remporte les prestigieux Entreps Awards 2015"},"content":{"rendered":"<ul>\n<li>Le Conseil international des Chefs d\u2019entreprise et Entrepreneurs nous remet le prix Entreps \u00c9nergie 2015<\/li>\n<li>LinkedIn, Inditex, TVE et Starbucks font partie des 30 laur\u00e9ats d\u00e9sign\u00e9s par le jury<\/li>\n<\/ul>\n<p>&nbsp;<\/p>\n<p style=\"text-align: justify;\"><strong>Le Conseil international des Chefs d\u2019entreprise et Entrepreneurs, <\/strong><a href=\"http:\/\/www.entreps.org\/\" target=\"_blank\" rel=\"noopener\"><strong>Entreps<\/strong><\/a><strong>, a r\u00e9compens\u00e9 Inmesol avec le prix Entreps \u00c9nergie 2015<\/strong> \u00ab&nbsp;pour avoir permis \u00e0 des PME et \u00e0 des ind\u00e9pendants qui travaillent dans des endroits recul\u00e9s d\u2019avoir acc\u00e8s \u00e0 l\u2019\u00e9nergie, sans limites g\u00e9ographiques&nbsp;\u00bb selon les mots de son pr\u00e9sident, Joaqu\u00edn Boston. Notre directeur commercial, Ram\u00f3n Solano Pastor, est venu recevoir le prix \u00e0 l\u2019occasion du gala qui s\u2019est tenu le 15 avril dernier \u00e0 Madrid au Palacio de Linares (Casa de Am\u00e9rica).<\/p>\n<figure id=\"attachment_2410\" aria-describedby=\"caption-attachment-2410\" style=\"width: 640px\" class=\"wp-caption aligncenter\"><img fetchpriority=\"high\" decoding=\"async\" class=\"size-full wp-image-2410 \" title=\"Ram\u00f3n Solano, directeur commercial d\u2019Inmesol, re\u00e7oit le prix Entreps Energie 2015\" src=\"\/wp-content\/uploads\/2015\/05\/inmesol-remporte-prestigieux-entreps-awards-2015.jpg\" alt=\"Ram\u00f3n Solano, directeur commercial d\u2019Inmesol, re\u00e7oit le prix Entreps Energie 2015\" width=\"640\" height=\"450\" srcset=\"https:\/\/www.inmesol.com\/wp-content\/uploads\/2015\/05\/inmesol-remporte-prestigieux-entreps-awards-2015.jpg 640w, https:\/\/www.inmesol.com\/wp-content\/uploads\/2015\/05\/inmesol-remporte-prestigieux-entreps-awards-2015-300x211.jpg 300w\" sizes=\"(max-width: 640px) 100vw, 640px\"><figcaption id=\"caption-attachment-2410\" class=\"wp-caption-text\"><em>Ram\u00f3n Solano, directeur commercial d\u2019Inmesol, re\u00e7oit le prix Entreps Energie 2015.<\/em><\/figcaption><\/figure>\n<p style=\"text-align: justify;\"><strong>Entreps, <\/strong>organisation \u00e0 but non lucratif si\u00e9geant \u00e0 Bruxelles (Belgique), <strong>a pour mission de promouvoir des mesures de soutien aux chefs d\u2019entreprise et entrepreneurs, de cr\u00e9er des synergies entre eux et d\u2019encourager l\u2019esprit d\u2019entrepreneuriat dans le monde<\/strong>. Forte de 400&nbsp;000 membres et surnomm\u00e9e les \u00ab&nbsp;Nations unies des chefs d\u2019entreprise&nbsp;\u00bb, <strong>elle r\u00e9compense<\/strong> depuis cinq ans <strong>avec les Entreps Awards les meilleures initiatives entrepreneuriales nationales et internationales destin\u00e9es \u00e0 g\u00e9n\u00e9rer des opportunit\u00e9s d\u2019affaires et d\u2019emploi<\/strong>.<\/p>\n<p style=\"text-align: justify;\">Cette ann\u00e9e, un jury compos\u00e9 de Chambres de Commerce, d\u2019institutions et de chefs d\u2019entreprise de 50 pays a octroy\u00e9 les prix suivants aux professionnels ind\u00e9pendants, aux institutions et aux entreprises que voil\u00e0&nbsp;: <strong>INDITEX <\/strong>(Entreps Impact), <strong>LinkedIn <\/strong>(Entreps Link), <strong>Dubai Airport Freezone <\/strong>(Entreps InterContinental), <strong>YPD Young Potential Development <\/strong>(Entreps Educaci\u00f3n), <strong>InterNations <\/strong>(Entreps Foreigners), <strong>Bizbaze <\/strong>(Entreps Business by Artificial Intelligence), <strong>Ayuntamiento de O Grove <\/strong>(Entreps Verde y Azul), <strong>Global Shapers <\/strong>Madrid (Entreps Transformadores), <strong>Profiles International <\/strong>(Entreps Business DNA), <strong>Agora News <\/strong>(Entreps Business Streaming)&nbsp;; <strong>IESE Business School, IE Business School, ESADE Business School <\/strong>(Entreps Business School)&nbsp;; <strong>ATA Association des Travailleurs ind\u00e9pendants d\u2019Espagne <\/strong>(Entreps Lobby), <strong>Plan Ahead Events <\/strong>(Entreps Franchise), <strong>Inmesol Power Solutions <\/strong>(Entreps Energy), <strong>GEM Global Entrepreneurship Monitor <\/strong>(Entreps Monitor), <strong>Pizzer\u00eda D\u2019Oro <\/strong>(Entreps Low Cost), <strong>el Tren m\u00e1s Largo del Mundo <\/strong>(Entreps Shipping), <strong>BeYourCar <\/strong>(Entreps App), <strong>Madrid Emprende &#8211; Ville de Madrid <\/strong>(Entreps P\u00fablico), <strong>CEAL Ib\u00e9rico &#8211; Conseil entrepreneurial d\u2019Am\u00e9rique latine <\/strong>(Entreps Alliance), <strong>ACN Association des Centres d\u2019affaire d\u2019Espagne <\/strong>(Entreps Business Center), <strong>Yuzz \u2013 Banco Santander <\/strong>(Entreps Tecnolog\u00eda), <strong>Fran Carrillo <\/strong>(Entreps Oratoria), <strong>Emprende RTVE \u2013 Juanma Romero <\/strong>(Entreps Divulgativo), <strong>New Point <\/strong>(Entreps Empleo), <strong>Gouvernement de Cuba &#8211; Aire commerciale <\/strong>(Entreps Opportunity), <strong>Starbucks <\/strong>(Entreps Meeting Point), <strong>Blablacar <\/strong>(Entreps Environment), <strong>Daniel P\u00e9rez <\/strong>(Entreps Deporte) et <strong>JEUNE <\/strong>(Entreps Youth).<\/p>\n<figure id=\"attachment_2409\" aria-describedby=\"caption-attachment-2409\" style=\"width: 640px\" class=\"wp-caption aligncenter\"><img decoding=\"async\" class=\"size-full wp-image-2409 lazyload\" title=\"Les laur\u00e9ats des Entreps Awards 2015\" data-src=\"\/wp-content\/uploads\/2015\/05\/1_inmesol-remporte-prestigieux-entreps-awards-2015.jpg\" alt=\"Les laur\u00e9ats des Entreps Awards 2015\" width=\"640\" height=\"450\" src=\"data:image\/svg+xml;base64,PHN2ZyB3aWR0aD0iMSIgaGVpZ2h0PSIxIiB4bWxucz0iaHR0cDovL3d3dy53My5vcmcvMjAwMC9zdmciPjwvc3ZnPg==\" style=\"--smush-placeholder-width: 640px; --smush-placeholder-aspect-ratio: 640\/450;\" data-srcset=\"https:\/\/www.inmesol.com\/wp-content\/uploads\/2015\/05\/1_inmesol-remporte-prestigieux-entreps-awards-2015.jpg 640w, https:\/\/www.inmesol.com\/wp-content\/uploads\/2015\/05\/1_inmesol-remporte-prestigieux-entreps-awards-2015-300x211.jpg 300w\" data-sizes=\"auto\" data-original-sizes=\"(max-width: 640px) 100vw, 640px\"><figcaption id=\"caption-attachment-2409\" class=\"wp-caption-text\"><em>Les laur\u00e9ats des Entreps Awards 2015.<\/em><\/figcaption><\/figure>\n<p style=\"text-align: justify;\">En recevant le prix, <strong>Ram\u00f3n Solano a remerci\u00e9<\/strong> le jury <strong>de cette r\u00e9compense<\/strong> qui vient couronner l\u2019effort constant fourni par Inmesol <strong>pour innover sans rel\u00e2che dans le secteur des groupes \u00e9lectrog\u00e8nes et pour ouvrir sans cesse de nouveaux march\u00e9s,<\/strong> dans les pays d\u00e9velopp\u00e9s comme dans les pays en voie de d\u00e9veloppement, \u00ab&nbsp;sans limites g\u00e9ographiques&nbsp;\u00bb.<\/p>\n","protected":false},"excerpt":{"rendered":"<p>Le Conseil international des Chefs d\u2019entreprise et Entrepreneurs, Entreps, a r\u00e9compens\u00e9 Inmesol avec le prix Entreps \u00c9nergie 2015 pour avoir permis \u00e0 des PME et \u00e0 des ind\u00e9pendants qui travaillent dans des endroits recul\u00e9s d\u2019avoir acc\u00e8s \u00e0 l\u2019\u00e9nergie, sans limites g\u00e9ographiques.<\/p>\n","protected":false},"author":2,"featured_media":2408,"comment_status":"open","ping_status":"closed","sticky":false,"template":"","format":"standard","meta":{"inline_featured_image":false,"footnotes":""},"categories":[34,37,48],"tags":[],"categorias-smart-power-":[],"paises-":[],"class_list":["post-8500","post","type-post","status-publish","format-standard","has-post-thumbnail","hentry","category-frances","category-corporative","category-expositions"],"_links":{"self":[{"href":"https:\/\/www.inmesol.com\/en\/wp-json\/wp\/v2\/posts\/8500","targetHints":{"allow":["GET"]}}],"collection":[{"href":"https:\/\/www.inmesol.com\/en\/wp-json\/wp\/v2\/posts"}],"about":[{"href":"https:\/\/www.inmesol.com\/en\/wp-json\/wp\/v2\/types\/post"}],"author":[{"embeddable":true,"href":"https:\/\/www.inmesol.com\/en\/wp-json\/wp\/v2\/users\/2"}],"replies":[{"embeddable":true,"href":"https:\/\/www.inmesol.com\/en\/wp-json\/wp\/v2\/comments?post=8500"}],"version-history":[{"count":0,"href":"https:\/\/www.inmesol.com\/en\/wp-json\/wp\/v2\/posts\/8500\/revisions"}],"wp:featuredmedia":[{"embeddable":true,"href":"https:\/\/www.inmesol.com\/en\/wp-json\/"}],"wp:attachment":[{"href":"https:\/\/www.inmesol.com\/en\/wp-json\/wp\/v2\/media?parent=8500"}],"wp:term":[{"taxonomy":"category","embeddable":true,"href":"https:\/\/www.inmesol.com\/en\/wp-json\/wp\/v2\/categories?post=8500"},{"taxonomy":"post_tag","embeddable":true,"href":"https:\/\/www.inmesol.com\/en\/wp-json\/wp\/v2\/tags?post=8500"},{"taxonomy":"categorias-smart-power-","embeddable":true,"href":"https:\/\/www.inmesol.com\/en\/wp-json\/wp\/v2\/categorias-smart-power-?post=8500"},{"taxonomy":"paises-","embeddable":true,"href":"https:\/\/www.inmesol.com\/en\/wp-json\/wp\/v2\/paises-?post=8500"}],"curies":[{"name":"wp","href":"https:\/\/api.w.org\/{rel}","templated":true}]}}