{"id":8525,"date":"2015-07-01T07:00:05","date_gmt":"2015-07-01T05:00:05","guid":{"rendered":"http:\/\/www.inmesol.fr\/blog\/?p=2486"},"modified":"2023-06-21T10:15:19","modified_gmt":"2023-06-21T10:15:19","slug":"groupe-electrogene-installations-se-trouvant-dans-des-conditions-climatiques-extremes","status":"publish","type":"post","link":"https:\/\/www.inmesol.com\/en\/blog\/groupe-electrogene-installations-se-trouvant-dans-des-conditions-climatiques-extremes\/","title":{"rendered":"Groupe \u00e9lectrog\u00e8ne sp\u00e9cialement con\u00e7u pour des installations se trouvant dans des conditions climatiques extr\u00eames"},"content":{"rendered":"<figure id=\"attachment_2484\" aria-describedby=\"caption-attachment-2484\" style=\"width: 1200px\" class=\"wp-caption aligncenter\"><img fetchpriority=\"high\" decoding=\"async\" class=\"size-full wp-image-2484\" title=\"Conteneur de 10 pieds qui accueille le groupe \u00e9lectrog\u00e8ne de 30 kVA\" src=\"\/wp-content\/uploads\/2015\/07\/groupe-electrogene-installations-se-trouvant-dans-des-conditions-climatiques-extremes.jpg\" alt=\"Conteneur de 10 pieds qui accueille le groupe \u00e9lectrog\u00e8ne de 30 kVA\" width=\"1200\" height=\"850\" srcset=\"https:\/\/www.inmesol.com\/wp-content\/uploads\/2015\/07\/groupe-electrogene-installations-se-trouvant-dans-des-conditions-climatiques-extremes.jpg 1200w, https:\/\/www.inmesol.com\/wp-content\/uploads\/2015\/07\/groupe-electrogene-installations-se-trouvant-dans-des-conditions-climatiques-extremes-300x213.jpg 300w, https:\/\/www.inmesol.com\/wp-content\/uploads\/2015\/07\/groupe-electrogene-installations-se-trouvant-dans-des-conditions-climatiques-extremes-1024x725.jpg 1024w, https:\/\/www.inmesol.com\/wp-content\/uploads\/2015\/07\/groupe-electrogene-installations-se-trouvant-dans-des-conditions-climatiques-extremes-768x544.jpg 768w\" sizes=\"(max-width: 1200px) 100vw, 1200px\"><figcaption id=\"caption-attachment-2484\" class=\"wp-caption-text\"><em>Conteneur de 10 pieds qui accueille le groupe \u00e9lectrog\u00e8ne de 30 kVA<\/em><\/figcaption><\/figure>\n<p style=\"text-align: justify;\">Pour une <strong>r\u00e9sidence de campagne<\/strong> en plein c\u0153ur des montagnes de la Norv\u00e8ge, nous avons con\u00e7u un <strong>groupe de 30 KVA<\/strong> \u00e0 l\u2019int\u00e9rieur d\u2019un <strong>conteneur de 10 pieds.<\/strong><\/p>\n<p style=\"text-align: justify;\">Il s\u2019agit d\u2019un groupe \u00e9lectrog\u00e8ne <strong>de secours avec le r\u00e9seau,<\/strong> \u00e9quip\u00e9 d\u2019une s\u00e9rie d\u2019accessoires qui le rendent optimum dans les conditions climatiques s\u00e9v\u00e8res auxquelles il sera soumis.<\/p>\n<figure id=\"attachment_2481\" aria-describedby=\"caption-attachment-2481\" style=\"width: 640px\" class=\"wp-caption aligncenter\"><img decoding=\"async\" class=\"size-full wp-image-2481 lazyload\" title=\"Entr\u00e9s et sorties d\u2019air avec des syst\u00e8mes d\u2019ouverture et de fermeture\" data-src=\"\/wp-content\/uploads\/2015\/07\/1_groupe-electrogene-installations-se-trouvant-dans-des-conditions-climatiques-extremes.jpg\" alt=\"Entr\u00e9s et sorties d\u2019air avec des syst\u00e8mes d\u2019ouverture et de fermeture\" width=\"640\" height=\"450\" src=\"data:image\/svg+xml;base64,PHN2ZyB3aWR0aD0iMSIgaGVpZ2h0PSIxIiB4bWxucz0iaHR0cDovL3d3dy53My5vcmcvMjAwMC9zdmciPjwvc3ZnPg==\" style=\"--smush-placeholder-width: 640px; --smush-placeholder-aspect-ratio: 640\/450;\" data-srcset=\"https:\/\/www.inmesol.com\/wp-content\/uploads\/2015\/07\/1_groupe-electrogene-installations-se-trouvant-dans-des-conditions-climatiques-extremes.jpg 640w, https:\/\/www.inmesol.com\/wp-content\/uploads\/2015\/07\/1_groupe-electrogene-installations-se-trouvant-dans-des-conditions-climatiques-extremes-300x211.jpg 300w\" data-sizes=\"auto\" data-original-sizes=\"(max-width: 640px) 100vw, 640px\"><figcaption id=\"caption-attachment-2481\" class=\"wp-caption-text\"><em>Entr\u00e9s et sorties d\u2019air avec des syst\u00e8mes d\u2019ouverture et de fermeture<\/em><\/figcaption><\/figure>\n<p style=\"text-align: justify;\">Parmi ses accessoires, se trouvent les <strong>entr\u00e9es et sorties d\u2019air<\/strong>, avec un <strong>syst\u00e8me motoris\u00e9 <\/strong>afin de fermer les fen\u00eatres compl\u00e8tement et de prot\u00e9ger l\u2019int\u00e9rieur des basses temp\u00e9ratures.<\/p>\n<p style=\"text-align: justify;\">De plus, les entr\u00e9es et sorties d\u2019air poss\u00e8dent <strong>une grille de s\u00e9paration de la poussi\u00e8re, <\/strong>de l\u2019eau et de la neige qui emp\u00eache que ces derni\u00e8res ne p\u00e9n\u00e8trent \u00e0 l\u2019int\u00e9rieur.<\/p>\n<p style=\"text-align: justify;\">Un <strong>syst\u00e8me de chauffage <\/strong>aliment\u00e9 par le <strong>r\u00e9seau \u00e9lectrique<\/strong> conserve la temp\u00e9rature ad\u00e9quate \u00e0 l\u2019int\u00e9rieur de l\u2019habitacle afin que le groupe <strong>d\u00e9marre en cas d\u2019urgence<\/strong>.<\/p>\n<p style=\"text-align: justify;\">L\u2019<strong>illumination interne<\/strong> permet de travailler dans le conteneur avec les portes ferm\u00e9es.<\/p>\n<p style=\"text-align: justify;\">Une fois sur son lieu d\u2019affectation, il sera \u00ab&nbsp;<strong>tapiss\u00e9&nbsp;\u00bb<\/strong> avec un rev\u00eatement identique \u00e0 celui du logement dans lequel il sera install\u00e9 afin de ne pas d\u00e9naturer l\u2019environnement.<\/p>\n<figure id=\"attachment_2482\" aria-describedby=\"caption-attachment-2482\" style=\"width: 640px\" class=\"wp-caption aligncenter\"><img decoding=\"async\" class=\"size-full wp-image-2482 lazyload\" title=\"Image de \u00a9Knut Bry extraite du site internet de Juvet Hotel\" data-src=\"\/wp-content\/uploads\/2015\/07\/2_groupe-electrogene-installations-se-trouvant-dans-des-conditions-climatiques-extremes.jpg\" alt=\"Image de \u00a9Knut Bry extraite du site internet de Juvet Hotel\" width=\"640\" height=\"450\" src=\"data:image\/svg+xml;base64,PHN2ZyB3aWR0aD0iMSIgaGVpZ2h0PSIxIiB4bWxucz0iaHR0cDovL3d3dy53My5vcmcvMjAwMC9zdmciPjwvc3ZnPg==\" style=\"--smush-placeholder-width: 640px; --smush-placeholder-aspect-ratio: 640\/450;\" data-srcset=\"https:\/\/www.inmesol.com\/wp-content\/uploads\/2015\/07\/2_groupe-electrogene-installations-se-trouvant-dans-des-conditions-climatiques-extremes.jpg 640w, https:\/\/www.inmesol.com\/wp-content\/uploads\/2015\/07\/2_groupe-electrogene-installations-se-trouvant-dans-des-conditions-climatiques-extremes-300x211.jpg 300w\" data-sizes=\"auto\" data-original-sizes=\"(max-width: 640px) 100vw, 640px\"><figcaption id=\"caption-attachment-2482\" class=\"wp-caption-text\"><em>Image de \u00a9Knut Bry extraite du site internet de Juvet Hotel<\/em><\/figcaption><\/figure>\n<figure id=\"attachment_2483\" aria-describedby=\"caption-attachment-2483\" style=\"width: 640px\" class=\"wp-caption aligncenter\"><img decoding=\"async\" class=\"size-full wp-image-2483 lazyload\" title=\"Image de \u00a9Knut Bry extraite du site internet de Juvet Hotel\" data-src=\"\/wp-content\/uploads\/2015\/07\/3_groupe-electrogene-installations-se-trouvant-dans-des-conditions-climatiques-extremes.jpg\" alt=\"Image de \u00a9Knut Bry extraite du site internet de Juvet Hotel\" width=\"640\" height=\"450\" src=\"data:image\/svg+xml;base64,PHN2ZyB3aWR0aD0iMSIgaGVpZ2h0PSIxIiB4bWxucz0iaHR0cDovL3d3dy53My5vcmcvMjAwMC9zdmciPjwvc3ZnPg==\" style=\"--smush-placeholder-width: 640px; --smush-placeholder-aspect-ratio: 640\/450;\" data-srcset=\"https:\/\/www.inmesol.com\/wp-content\/uploads\/2015\/07\/3_groupe-electrogene-installations-se-trouvant-dans-des-conditions-climatiques-extremes.jpg 640w, https:\/\/www.inmesol.com\/wp-content\/uploads\/2015\/07\/3_groupe-electrogene-installations-se-trouvant-dans-des-conditions-climatiques-extremes-300x211.jpg 300w\" data-sizes=\"auto\" data-original-sizes=\"(max-width: 640px) 100vw, 640px\"><figcaption id=\"caption-attachment-2483\" class=\"wp-caption-text\"><em>Image de \u00a9Knut Bry extraite du site internet de Juvet Hotel<\/em><\/figcaption><\/figure>\n<p style=\"text-align: center;\">&nbsp;<\/p>\n","protected":false},"excerpt":{"rendered":"<p>Pour une r\u00e9sidence de campagne en plein c\u0153ur des montagnes de la Norv\u00e8ge, nous avons con\u00e7u un groupe de 30 KVA \u00e0 l\u2019int\u00e9rieur d\u2019un conteneur de 10 pieds.<\/p>\n","protected":false},"author":2,"featured_media":2485,"comment_status":"open","ping_status":"closed","sticky":false,"template":"","format":"standard","meta":{"inline_featured_image":false,"footnotes":""},"categories":[34,49],"tags":[52],"categorias-smart-power-":[],"paises-":[],"class_list":["post-8525","post","type-post","status-publish","format-standard","has-post-thumbnail","hentry","category-frances","category-groupes-electrogenes","tag-groupes-electrogenes-de-secours"],"_links":{"self":[{"href":"https:\/\/www.inmesol.com\/en\/wp-json\/wp\/v2\/posts\/8525","targetHints":{"allow":["GET"]}}],"collection":[{"href":"https:\/\/www.inmesol.com\/en\/wp-json\/wp\/v2\/posts"}],"about":[{"href":"https:\/\/www.inmesol.com\/en\/wp-json\/wp\/v2\/types\/post"}],"author":[{"embeddable":true,"href":"https:\/\/www.inmesol.com\/en\/wp-json\/wp\/v2\/users\/2"}],"replies":[{"embeddable":true,"href":"https:\/\/www.inmesol.com\/en\/wp-json\/wp\/v2\/comments?post=8525"}],"version-history":[{"count":0,"href":"https:\/\/www.inmesol.com\/en\/wp-json\/wp\/v2\/posts\/8525\/revisions"}],"wp:featuredmedia":[{"embeddable":true,"href":"https:\/\/www.inmesol.com\/en\/wp-json\/"}],"wp:attachment":[{"href":"https:\/\/www.inmesol.com\/en\/wp-json\/wp\/v2\/media?parent=8525"}],"wp:term":[{"taxonomy":"category","embeddable":true,"href":"https:\/\/www.inmesol.com\/en\/wp-json\/wp\/v2\/categories?post=8525"},{"taxonomy":"post_tag","embeddable":true,"href":"https:\/\/www.inmesol.com\/en\/wp-json\/wp\/v2\/tags?post=8525"},{"taxonomy":"categorias-smart-power-","embeddable":true,"href":"https:\/\/www.inmesol.com\/en\/wp-json\/wp\/v2\/categorias-smart-power-?post=8525"},{"taxonomy":"paises-","embeddable":true,"href":"https:\/\/www.inmesol.com\/en\/wp-json\/wp\/v2\/paises-?post=8525"}],"curies":[{"name":"wp","href":"https:\/\/api.w.org\/{rel}","templated":true}]}}