{"id":8571,"date":"2015-12-24T13:07:05","date_gmt":"2015-12-24T12:07:05","guid":{"rendered":"http:\/\/www.inmesol.fr\/blog\/?p=2629"},"modified":"2023-06-21T10:15:06","modified_gmt":"2023-06-21T10:15:06","slug":"la-demande-en-groupes-electrogenes-adaptes-aux-installations-possedant-des-conducteurs-en-aluminium-augmente","status":"publish","type":"post","link":"https:\/\/www.inmesol.com\/en\/blog\/la-demande-en-groupes-electrogenes-adaptes-aux-installations-possedant-des-conducteurs-en-aluminium-augmente\/","title":{"rendered":"La demande en groupes \u00e9lectrog\u00e8nes adapt\u00e9s aux installations poss\u00e9dant des conducteurs en aluminium augmente"},"content":{"rendered":"<h4 style=\"text-align: center;\">\u00ab&nbsp;Le r\u00eave des installateurs&nbsp;\u00bb<\/h4>\n<p>Il y a un peu plus de deux ans, nous avons publi\u00e9 l\u2019article suivant sur notre blog : <a href=\"http:\/\/www.inmesol.fr\/blog\/nous-apportons-une-solution-a-lincompatibilite-cuivrealuminium\" target=\"_blank\" rel=\"noopener\">Nous apportons une solution \u00e0 l\u2019incompatibilit\u00e9 cuivre\/aluminium<\/a>.&nbsp;Cet article proposait une analyse comparative des propri\u00e9t\u00e9s des <strong>conducteurs en cuivre<\/strong> et celles des <strong>conducteurs en<\/strong> <strong>aluminium<\/strong> et il annon\u00e7ait alors la croissance probable de l\u2019utilisation de ces derniers, \u00e9tant donn\u00e9 que c\u2019est un mat\u00e9riel plus \u00e9conomique.<\/p>\n<p style=\"text-align: center;\"><img fetchpriority=\"high\" decoding=\"async\" class=\"aligncenter wp-image-2628 size-full\" title=\"Groupes \u00e9lectrog\u00e8nes adapt\u00e9s aux installations poss\u00e9dant des conducteurs en aluminium\" src=\"\/wp-content\/uploads\/2015\/12\/la-demande-en-groupes-electrogenes-adaptes-aux-installations-possedant-des-conducteurs-en-aluminium-augmente.jpg\" alt=\"Groupes \u00e9lectrog\u00e8nes adapt\u00e9s aux installations poss\u00e9dant des conducteurs en aluminium\" width=\"580\" height=\"380\" srcset=\"https:\/\/www.inmesol.com\/wp-content\/uploads\/2015\/12\/la-demande-en-groupes-electrogenes-adaptes-aux-installations-possedant-des-conducteurs-en-aluminium-augmente.jpg 580w, https:\/\/www.inmesol.com\/wp-content\/uploads\/2015\/12\/la-demande-en-groupes-electrogenes-adaptes-aux-installations-possedant-des-conducteurs-en-aluminium-augmente-300x197.jpg 300w\" sizes=\"(max-width: 580px) 100vw, 580px\"><\/p>\n<p>Cependant, ce n\u2019est pas l\u00e0 l\u2019unique raison qui a provoqu\u00e9 l\u2019augmentation de l\u2019utilisation des conducteurs en aluminium dans les installations&nbsp;; il est important d\u2019y ajouter un fait qui a augment\u00e9 au niveau mondial, le <strong>vol du cuivre<\/strong>. Le commerce international du cuivre d\u2019une certaine mani\u00e8re rend la vente de ce m\u00e9tal plus facile et c\u2019est un butin tr\u00e8s convoit\u00e9 pour les voleurs. C\u2019est diff\u00e9rent avec l\u2019aluminium qui n\u2019a pas une valeur aussi \u00e9lev\u00e9e.<\/p>\n<p style=\"text-align: center;\"><img decoding=\"async\" class=\"aligncenter wp-image-2624 size-full lazyload\" title=\"Le vol du cuivre\" data-src=\"\/wp-content\/uploads\/2015\/12\/1_la-demande-en-groupes-electrogenes-adaptes-aux-installations-possedant-des-conducteurs-en-aluminium-augmente.jpg\" alt=\"Le vol du cuivre\" width=\"580\" height=\"380\" src=\"data:image\/svg+xml;base64,PHN2ZyB3aWR0aD0iMSIgaGVpZ2h0PSIxIiB4bWxucz0iaHR0cDovL3d3dy53My5vcmcvMjAwMC9zdmciPjwvc3ZnPg==\" style=\"--smush-placeholder-width: 580px; --smush-placeholder-aspect-ratio: 580\/380;\" data-srcset=\"https:\/\/www.inmesol.com\/wp-content\/uploads\/2015\/12\/1_la-demande-en-groupes-electrogenes-adaptes-aux-installations-possedant-des-conducteurs-en-aluminium-augmente.jpg 580w, https:\/\/www.inmesol.com\/wp-content\/uploads\/2015\/12\/1_la-demande-en-groupes-electrogenes-adaptes-aux-installations-possedant-des-conducteurs-en-aluminium-augmente-300x197.jpg 300w\" data-sizes=\"auto\" data-original-sizes=\"(max-width: 580px) 100vw, 580px\"><\/p>\n<p>La solution au probl\u00e8me consistant \u00e0 <strong>connecter des charges<\/strong> avec des conducteurs en aluminium (qui sont des conducteurs assez rigides) <strong>au groupe \u00e9lectrog\u00e8ne, <\/strong>comment\u00e9e \u00e9galement dans ce post, a \u00e9t\u00e9 parfaitement accept\u00e9e par nos clients car elle facilite grandement la t\u00e2che d\u2019installation entre la charge et le groupe \u00e9lectrog\u00e8ne, puisqu\u2019elle dispose de diff\u00e9rents acc\u00e8s et d\u2019un grand espace pour connecter les terminaux de tout type de conducteur, en cuivre ou en aluminium.<\/p>\n<figure id=\"attachment_2625\" aria-describedby=\"caption-attachment-2625\" style=\"width: 640px\" class=\"wp-caption aligncenter\"><img decoding=\"async\" class=\"wp-image-2625 size-full lazyload\" title=\"Coffret de raccordement spacieux et pratique\" data-src=\"\/wp-content\/uploads\/2015\/12\/2_la-demande-en-groupes-electrogenes-adaptes-aux-installations-possedant-des-conducteurs-en-aluminium-augmente.jpg\" alt=\"Coffret de raccordement spacieux et pratique\" width=\"640\" height=\"450\" src=\"data:image\/svg+xml;base64,PHN2ZyB3aWR0aD0iMSIgaGVpZ2h0PSIxIiB4bWxucz0iaHR0cDovL3d3dy53My5vcmcvMjAwMC9zdmciPjwvc3ZnPg==\" style=\"--smush-placeholder-width: 640px; --smush-placeholder-aspect-ratio: 640\/450;\" data-srcset=\"https:\/\/www.inmesol.com\/wp-content\/uploads\/2015\/12\/2_la-demande-en-groupes-electrogenes-adaptes-aux-installations-possedant-des-conducteurs-en-aluminium-augmente.jpg 640w, https:\/\/www.inmesol.com\/wp-content\/uploads\/2015\/12\/2_la-demande-en-groupes-electrogenes-adaptes-aux-installations-possedant-des-conducteurs-en-aluminium-augmente-300x211.jpg 300w\" data-sizes=\"auto\" data-original-sizes=\"(max-width: 640px) 100vw, 640px\"><figcaption id=\"caption-attachment-2625\" class=\"wp-caption-text\">Coffret de raccordement spacieux et pratique<\/figcaption><\/figure>\n<p>Effectivement, depuis le temps \u00e9coul\u00e9 depuis la r\u00e9daction de ce post, nous constatons que les installations nouvelles dans lesquelles sont utilis\u00e9es des conducteurs en aluminium au lieu des conducteurs traditionnels en cuivre sont de plus en plus nombreuses.<\/p>\n<p>La demande actuelle pour ce type de machine a tripl\u00e9 depuis le d\u00e9but d\u2019ann\u00e9e compar\u00e9e \u00e0 l\u2019ann\u00e9e derni\u00e8re.<\/p>\n<figure id=\"attachment_2627\" aria-describedby=\"caption-attachment-2627\" style=\"width: 640px\" class=\"wp-caption aligncenter\"><img decoding=\"async\" class=\"wp-image-2627 size-full lazyload\" title=\"Groupe \u00e9lectrogene avec coffret de raccordement pour c\u00e2bles rigides blind\u00e9s\" data-src=\"\/wp-content\/uploads\/2015\/12\/3_la-demande-en-groupes-electrogenes-adaptes-aux-installations-possedant-des-conducteurs-en-aluminium-augmente.jpg\" alt=\"Groupe \u00e9lectrogene avec coffret de raccordement pour c\u00e2bles rigides blind\u00e9s\" width=\"640\" height=\"450\" src=\"data:image\/svg+xml;base64,PHN2ZyB3aWR0aD0iMSIgaGVpZ2h0PSIxIiB4bWxucz0iaHR0cDovL3d3dy53My5vcmcvMjAwMC9zdmciPjwvc3ZnPg==\" style=\"--smush-placeholder-width: 640px; --smush-placeholder-aspect-ratio: 640\/450;\" data-srcset=\"https:\/\/www.inmesol.com\/wp-content\/uploads\/2015\/12\/3_la-demande-en-groupes-electrogenes-adaptes-aux-installations-possedant-des-conducteurs-en-aluminium-augmente.jpg 640w, https:\/\/www.inmesol.com\/wp-content\/uploads\/2015\/12\/3_la-demande-en-groupes-electrogenes-adaptes-aux-installations-possedant-des-conducteurs-en-aluminium-augmente-300x211.jpg 300w\" data-sizes=\"auto\" data-original-sizes=\"(max-width: 640px) 100vw, 640px\"><figcaption id=\"caption-attachment-2627\" class=\"wp-caption-text\">Groupe \u00e9lectrogene avec coffret de raccordement pour c\u00e2bles rigides blind\u00e9s<\/figcaption><\/figure>\n","protected":false},"excerpt":{"rendered":"<p>Il y a un peu plus de deux ans, nous avons publi\u00e9 l\u2019article suivant sur notre blog : Nous apportons une solution \u00e0 l\u2019incompatibilit\u00e9 cuivre\/aluminium. Cet article proposait une analyse comparative des propri\u00e9t\u00e9s des conducteurs en cuivre et celles des conducteurs en aluminium et il annon\u00e7ait alors la croissance probable de l\u2019utilisation de ces derniers, \u00e9tant donn\u00e9 que c\u2019est un mat\u00e9riel plus \u00e9conomique.<\/p>\n","protected":false},"author":2,"featured_media":2626,"comment_status":"closed","ping_status":"closed","sticky":false,"template":"","format":"standard","meta":{"inline_featured_image":false,"footnotes":""},"categories":[34,49],"tags":[],"categorias-smart-power-":[],"paises-":[],"class_list":["post-8571","post","type-post","status-publish","format-standard","has-post-thumbnail","hentry","category-frances","category-groupes-electrogenes"],"_links":{"self":[{"href":"https:\/\/www.inmesol.com\/en\/wp-json\/wp\/v2\/posts\/8571","targetHints":{"allow":["GET"]}}],"collection":[{"href":"https:\/\/www.inmesol.com\/en\/wp-json\/wp\/v2\/posts"}],"about":[{"href":"https:\/\/www.inmesol.com\/en\/wp-json\/wp\/v2\/types\/post"}],"author":[{"embeddable":true,"href":"https:\/\/www.inmesol.com\/en\/wp-json\/wp\/v2\/users\/2"}],"replies":[{"embeddable":true,"href":"https:\/\/www.inmesol.com\/en\/wp-json\/wp\/v2\/comments?post=8571"}],"version-history":[{"count":0,"href":"https:\/\/www.inmesol.com\/en\/wp-json\/wp\/v2\/posts\/8571\/revisions"}],"wp:featuredmedia":[{"embeddable":true,"href":"https:\/\/www.inmesol.com\/en\/wp-json\/"}],"wp:attachment":[{"href":"https:\/\/www.inmesol.com\/en\/wp-json\/wp\/v2\/media?parent=8571"}],"wp:term":[{"taxonomy":"category","embeddable":true,"href":"https:\/\/www.inmesol.com\/en\/wp-json\/wp\/v2\/categories?post=8571"},{"taxonomy":"post_tag","embeddable":true,"href":"https:\/\/www.inmesol.com\/en\/wp-json\/wp\/v2\/tags?post=8571"},{"taxonomy":"categorias-smart-power-","embeddable":true,"href":"https:\/\/www.inmesol.com\/en\/wp-json\/wp\/v2\/categorias-smart-power-?post=8571"},{"taxonomy":"paises-","embeddable":true,"href":"https:\/\/www.inmesol.com\/en\/wp-json\/wp\/v2\/paises-?post=8571"}],"curies":[{"name":"wp","href":"https:\/\/api.w.org\/{rel}","templated":true}]}}