{"id":8576,"date":"2016-01-15T00:40:00","date_gmt":"2016-01-14T23:40:00","guid":{"rendered":"http:\/\/www.inmesol.fr\/blog\/?p=2641"},"modified":"2023-06-21T14:14:50","modified_gmt":"2023-06-21T14:14:50","slug":"les-groupes-electrogenes-dans-les-entrepots-de-medicaments","status":"publish","type":"post","link":"https:\/\/www.inmesol.com\/en\/blog\/les-groupes-electrogenes-dans-les-entrepots-de-medicaments\/","title":{"rendered":"Les groupes \u00e9lectrog\u00e8nes dans les entrep\u00f4ts de m\u00e9dicaments"},"content":{"rendered":"<p>A plusieurs reprises on a signal\u00e9 l&#8217;importance de l\u2019installation de groupes \u00e9lectrog\u00e8nes dans les <strong>H\u00f4pitaux <\/strong>ce n\u2019est pas en vain que son usage en cas <strong>d\u2019urgence <\/strong>est obligatoire selon les r\u00e8glements. S\u2019il se produit une <strong>panne <\/strong>dans l\u2019alimentation \u00e9lectrique <strong>du r\u00e9seau <\/strong>g\u00e9n\u00e9ral pendant une intervention chirurgicale, et qu\u2019aucune autre source alternative d\u2019\u00e9nergie ne soit disponible d\u2019urgence, les cons\u00e9quences seraient <strong>catastrophiques<\/strong>.<\/p>\n<p>Dans ce post nous allons mettre en avant un autre des usages extr\u00eamement importants d\u2019un <strong>groupe \u00e9lectrog\u00e8ne <\/strong>Il s\u2019agit du r\u00f4le qu\u2019il joue dans l\u2019installation \u00e9lectrique d\u2019un <strong>entrep\u00f4t de produits pharmaceutiques, <\/strong>particuli\u00e8rement de <strong>m\u00e9dicaments<\/strong>.<\/p>\n<figure id=\"attachment_2639\" aria-describedby=\"caption-attachment-2639\" style=\"width: 640px\" class=\"wp-caption aligncenter\"><img fetchpriority=\"high\" decoding=\"async\" class=\"wp-image-2639 size-full\" title=\"Groupe \u00e9lectrog\u00e8ne install\u00e9 \u00e0 l'ext\u00e9rieur de l\u2019entrep\u00f4t de distribution de produits pharmaceutiques\" src=\"\/wp-content\/uploads\/2016\/01\/les-groupes-electrogenes-dans-les-entrepots-de-medicaments.jpg\" alt=\"Groupe \u00e9lectrog\u00e8ne install\u00e9 \u00e0 l'ext\u00e9rieur de l\u2019entrep\u00f4t de distribution de produits pharmaceutiques\" width=\"640\" height=\"450\" srcset=\"https:\/\/www.inmesol.com\/wp-content\/uploads\/2016\/01\/les-groupes-electrogenes-dans-les-entrepots-de-medicaments.jpg 640w, https:\/\/www.inmesol.com\/wp-content\/uploads\/2016\/01\/les-groupes-electrogenes-dans-les-entrepots-de-medicaments-300x211.jpg 300w\" sizes=\"(max-width: 640px) 100vw, 640px\"><figcaption id=\"caption-attachment-2639\" class=\"wp-caption-text\">Groupe \u00e9lectrog\u00e8ne INMESOL II-110 install\u00e9 \u00e0 l&#8217;ext\u00e9rieur de l\u2019entrep\u00f4t de distribution de produits pharmaceutiques de Werne (Allemagne)<\/figcaption><\/figure>\n<p>Le <strong>processus de distribution <\/strong>de m\u00e9dicaments depuis le laboratoire o\u00f9 ils sont fabriqu\u00e9s jusqu\u2019\u00e0 ce qu\u2019ils sont dispens\u00e9s est parfaitement r\u00e9gl\u00e9 via <strong>r\u00e8glement <\/strong>et des documents de r\u00e9f\u00e9rence applicables dans toutes ses \u00e9tapes, pour garantir la <strong>qualit\u00e9 du m\u00e9dicament <\/strong>lors de sa consommation.<\/p>\n<p>Dans ce sens, il existe une <strong>stricte r\u00e8glementation <\/strong>qui oblige que les conditions ambiantes et de s\u00e9curit\u00e9 de la <strong>conservation <\/strong>des m\u00e9dicaments soient les ad\u00e9quates.<\/p>\n<p>Dans un <strong>entrep\u00f4t de produits pharmaceutiques, <\/strong>pour conserver les m\u00e9dicaments de fa\u00e7on ad\u00e9quate, il faut tenir compte des facteurs ambiants suivants: <strong>lumi\u00e8re, humidit\u00e9 et temp\u00e9rature<\/strong>.<\/p>\n<figure id=\"attachment_2636\" aria-describedby=\"caption-attachment-2636\" style=\"width: 640px\" class=\"wp-caption aligncenter\"><img decoding=\"async\" class=\"wp-image-2636 size-full lazyload\" title=\"Int\u00e9rieur d\u2019un entrep\u00f4t de distribution de produits pharmaceutiques de Werne (Allemagne)\" data-src=\"\/wp-content\/uploads\/2016\/01\/1_les-groupes-electrogenes-dans-les-entrepots-de-medicaments.jpg\" alt=\"Int\u00e9rieur d\u2019un entrep\u00f4t de distribution de produits pharmaceutiques de Werne (Allemagne)\" width=\"640\" height=\"450\" src=\"data:image\/svg+xml;base64,PHN2ZyB3aWR0aD0iMSIgaGVpZ2h0PSIxIiB4bWxucz0iaHR0cDovL3d3dy53My5vcmcvMjAwMC9zdmciPjwvc3ZnPg==\" style=\"--smush-placeholder-width: 640px; --smush-placeholder-aspect-ratio: 640\/450;\" data-srcset=\"https:\/\/www.inmesol.com\/wp-content\/uploads\/2016\/01\/1_les-groupes-electrogenes-dans-les-entrepots-de-medicaments.jpg 640w, https:\/\/www.inmesol.com\/wp-content\/uploads\/2016\/01\/1_les-groupes-electrogenes-dans-les-entrepots-de-medicaments-300x211.jpg 300w\" data-sizes=\"auto\" data-original-sizes=\"(max-width: 640px) 100vw, 640px\"><figcaption id=\"caption-attachment-2636\" class=\"wp-caption-text\">Int\u00e9rieur d\u2019un entrep\u00f4t de distribution de produits pharmaceutiques de Werne (Allemagne)<\/figcaption><\/figure>\n<p>Il existe de nombreux m\u00e9dicaments qui souffrent une <strong>d\u00e9gradation <\/strong>\u00e0 cause de la <strong>lumi\u00e8re solaire <\/strong>et il convient de les entreposer dans leurs conditionnements originaux et \u00e9loign\u00e9s de portes et fen\u00eatres.<\/p>\n<p>L\u2019<strong>humidit\u00e9 <\/strong>est un autre des facteurs qui influence les conditions de <strong>stabilit\u00e9 <\/strong>des m\u00e9dicaments, c&#8217;est pourquoi il convient de ne pas les entreposer au contact des cloisons ou des murs et de laisser des espaces ouverts entre eux.<\/p>\n<p>Et enfin, le facteur le plus important \u00e0 tenir en compte est la <strong>temp\u00e9rature <\/strong>puisque tous les produits \u00e0 conserver requi\u00e8rent une atmosph\u00e8re avec une temp\u00e9rature <strong>contr\u00f4l\u00e9e<\/strong>. Il y a des m\u00e9dicaments dont la temp\u00e9rature id\u00e9ale est de 20-22\u00baC et d&#8217;autres, comme <strong>l\u2019insuline<\/strong>, qui se d\u00e9gradent \u00e0 temp\u00e9rature ambiante et doivent \u00eatre conserv\u00e9s dans des frigos ou des cong\u00e9lateurs.<\/p>\n<p>A Werne, Allemagne, une entreprise de distribution de produits pharmaceutiques a acquis r\u00e9cemment un groupe \u00e9lectrog\u00e8ne INMESOL mod\u00e8le <strong>II-110 <\/strong>en secours avec le r\u00e9seau, juste pour alimenter les <strong>\u00e9quipements de r\u00e9frig\u00e9ration <\/strong>qui contiennent ce genre de m\u00e9dicaments <strong>thermolabiles<\/strong>.<\/p>\n<figure id=\"attachment_2638\" aria-describedby=\"caption-attachment-2638\" style=\"width: 640px\" class=\"wp-caption aligncenter\"><img decoding=\"async\" class=\"wp-image-2638 size-full lazyload\" title=\"Entrep\u00f4t de distribution de produits pharmaceutiques \u00e0 Werne (Allemagne)\" data-src=\"\/wp-content\/uploads\/2016\/01\/2_les-groupes-electrogenes-dans-les-entrepots-de-medicaments.jpg\" alt=\"Entrep\u00f4t de distribution de produits pharmaceutiques \u00e0 Werne (Allemagne)\" width=\"640\" height=\"450\" src=\"data:image\/svg+xml;base64,PHN2ZyB3aWR0aD0iMSIgaGVpZ2h0PSIxIiB4bWxucz0iaHR0cDovL3d3dy53My5vcmcvMjAwMC9zdmciPjwvc3ZnPg==\" style=\"--smush-placeholder-width: 640px; --smush-placeholder-aspect-ratio: 640\/450;\" data-srcset=\"https:\/\/www.inmesol.com\/wp-content\/uploads\/2016\/01\/2_les-groupes-electrogenes-dans-les-entrepots-de-medicaments.jpg 640w, https:\/\/www.inmesol.com\/wp-content\/uploads\/2016\/01\/2_les-groupes-electrogenes-dans-les-entrepots-de-medicaments-300x211.jpg 300w\" data-sizes=\"auto\" data-original-sizes=\"(max-width: 640px) 100vw, 640px\"><figcaption id=\"caption-attachment-2638\" class=\"wp-caption-text\">Entrep\u00f4t de distribution de produits pharmaceutiques \u00e0 Werne (Allemagne)<\/figcaption><\/figure>\n<p>Le <strong>panneau de contr\u00f4le du groupe \u00e9lectrog\u00e8ne <\/strong>se trouve dans une armoire \u00e0 l&#8217;int\u00e9rieur de la salle des machines.<\/p>\n<p>Sur l\u2019image on appr\u00e9cie ce panneau de contr\u00f4le avec la centrale <strong>DSE 6020 MKII, <\/strong>qui surveille le r\u00e9seau \u00e9lectrique et fait d\u00e9marrer le groupe \u00e9lectrog\u00e8ne en cas de d\u00e9faillance du r\u00e9seau, assurant l\u2019alimentation des <strong>\u00e9quipements frigorifiques <\/strong>pendant tout le temps que dure la panne.<\/p>\n<figure id=\"attachment_2637\" aria-describedby=\"caption-attachment-2637\" style=\"width: 640px\" class=\"wp-caption aligncenter\"><img decoding=\"async\" class=\"wp-image-2637 size-full lazyload\" title=\"Salle des machines de l\u2019entrep\u00f4t de distribution de produits pharmaceutiques \u00e0 Werne (Allemagne)\" data-src=\"\/wp-content\/uploads\/2016\/01\/3_les-groupes-electrogenes-dans-les-entrepots-de-medicaments.jpg\" alt=\"Salle des machines de l\u2019entrep\u00f4t de distribution de produits pharmaceutiques \u00e0 Werne (Allemagne)\" width=\"640\" height=\"450\" src=\"data:image\/svg+xml;base64,PHN2ZyB3aWR0aD0iMSIgaGVpZ2h0PSIxIiB4bWxucz0iaHR0cDovL3d3dy53My5vcmcvMjAwMC9zdmciPjwvc3ZnPg==\" style=\"--smush-placeholder-width: 640px; --smush-placeholder-aspect-ratio: 640\/450;\" data-srcset=\"https:\/\/www.inmesol.com\/wp-content\/uploads\/2016\/01\/3_les-groupes-electrogenes-dans-les-entrepots-de-medicaments.jpg 640w, https:\/\/www.inmesol.com\/wp-content\/uploads\/2016\/01\/3_les-groupes-electrogenes-dans-les-entrepots-de-medicaments-300x211.jpg 300w\" data-sizes=\"auto\" data-original-sizes=\"(max-width: 640px) 100vw, 640px\"><figcaption id=\"caption-attachment-2637\" class=\"wp-caption-text\">Salle des machines de l\u2019entrep\u00f4t de distribution de produits pharmaceutiques \u00e0 Werne (Allemagne)<\/figcaption><\/figure>\n<p>&nbsp;<\/p>\n","protected":false},"excerpt":{"rendered":"<p>Dans ce post nous allons mettre en avant un autre des usages extr\u00eamement importants d\u2019un groupe \u00e9lectrog\u00e8ne Il s\u2019agit du r\u00f4le qu\u2019il joue dans l\u2019installation \u00e9lectrique d\u2019un entrep\u00f4t de produits pharmaceutiques, particuli\u00e8rement de m\u00e9dicaments.<\/p>\n","protected":false},"author":2,"featured_media":2640,"comment_status":"closed","ping_status":"closed","sticky":false,"template":"","format":"standard","meta":{"inline_featured_image":false,"footnotes":""},"categories":[34,49,58],"tags":[52],"categorias-smart-power-":[],"paises-":[12],"class_list":["post-8576","post","type-post","status-publish","format-standard","has-post-thumbnail","hentry","category-frances","category-groupes-electrogenes","category-casos-de-exito","tag-groupes-electrogenes-de-secours","paises--europa"],"_links":{"self":[{"href":"https:\/\/www.inmesol.com\/en\/wp-json\/wp\/v2\/posts\/8576","targetHints":{"allow":["GET"]}}],"collection":[{"href":"https:\/\/www.inmesol.com\/en\/wp-json\/wp\/v2\/posts"}],"about":[{"href":"https:\/\/www.inmesol.com\/en\/wp-json\/wp\/v2\/types\/post"}],"author":[{"embeddable":true,"href":"https:\/\/www.inmesol.com\/en\/wp-json\/wp\/v2\/users\/2"}],"replies":[{"embeddable":true,"href":"https:\/\/www.inmesol.com\/en\/wp-json\/wp\/v2\/comments?post=8576"}],"version-history":[{"count":0,"href":"https:\/\/www.inmesol.com\/en\/wp-json\/wp\/v2\/posts\/8576\/revisions"}],"wp:featuredmedia":[{"embeddable":true,"href":"https:\/\/www.inmesol.com\/en\/wp-json\/"}],"wp:attachment":[{"href":"https:\/\/www.inmesol.com\/en\/wp-json\/wp\/v2\/media?parent=8576"}],"wp:term":[{"taxonomy":"category","embeddable":true,"href":"https:\/\/www.inmesol.com\/en\/wp-json\/wp\/v2\/categories?post=8576"},{"taxonomy":"post_tag","embeddable":true,"href":"https:\/\/www.inmesol.com\/en\/wp-json\/wp\/v2\/tags?post=8576"},{"taxonomy":"categorias-smart-power-","embeddable":true,"href":"https:\/\/www.inmesol.com\/en\/wp-json\/wp\/v2\/categorias-smart-power-?post=8576"},{"taxonomy":"paises-","embeddable":true,"href":"https:\/\/www.inmesol.com\/en\/wp-json\/wp\/v2\/paises-?post=8576"}],"curies":[{"name":"wp","href":"https:\/\/api.w.org\/{rel}","templated":true}]}}