{"id":8608,"date":"2016-03-10T09:35:20","date_gmt":"2016-03-10T08:35:20","guid":{"rendered":"http:\/\/www.inmesol.fr\/blog\/?p=2706"},"modified":"2023-06-21T10:14:56","modified_gmt":"2023-06-21T10:14:56","slug":"nouvelle-gamme-rental-dinmesol-salon-bauma-2016","status":"publish","type":"post","link":"https:\/\/www.inmesol.com\/en\/blog\/nouvelle-gamme-rental-dinmesol-salon-bauma-2016\/","title":{"rendered":"La nouvelle Gamme Rental d&#8217;INMESOL au salon BAUMA 2016"},"content":{"rendered":"<p><strong>BAUMA 2016<\/strong> est la vitrine o\u00f9 INMESOL exposera les diff\u00e9rents mod\u00e8les de groupes \u00e9lectrog\u00e8nes de sa <strong>nouvelle Gamme Rental.<\/strong><\/p>\n<p style=\"text-align: center;\"><img fetchpriority=\"high\" decoding=\"async\" class=\"aligncenter size-full wp-image-2702\" src=\"\/wp-content\/uploads\/2016\/03\/nouvelle-gamme-rental-dinmesol-salon-bauma-2016.jpg\" alt=\"Inmesol Bauma 2016\" width=\"580\" height=\"175\" title=\"\" srcset=\"https:\/\/www.inmesol.com\/wp-content\/uploads\/2016\/03\/nouvelle-gamme-rental-dinmesol-salon-bauma-2016.jpg 580w, https:\/\/www.inmesol.com\/wp-content\/uploads\/2016\/03\/nouvelle-gamme-rental-dinmesol-salon-bauma-2016-300x91.jpg 300w\" sizes=\"(max-width: 580px) 100vw, 580px\"><\/p>\n<p>Cette <strong>exposition <\/strong>est la plus importante et majestueuse du monde dans les secteurs <strong>minier et de la construction.<\/strong><\/p>\n<p>Les constructeurs <strong>de machines, de mat\u00e9riel et d&#8217;\u00e9quipement <\/strong>pour la construction et l&#8217;exploitation mini\u00e8re pr\u00e9sentent les derniers <strong>d\u00e9veloppements et innovations <\/strong>int\u00e9gr\u00e9s \u00e0 leurs produits, et des milliers de professionnels des deux secteurs sont r\u00e9unissent au cours de la p\u00e9riode de sept jours de la foire, qui c\u00e9l\u00e8bre sa <strong>31e \u00e9dition <\/strong>cette ann\u00e9e.<\/p>\n<div class=\"video-responsive\"><iframe src=\"https:\/\/www.youtube.com\/embed\/A688uWTxebk\" width=\"640\" height=\"360\" frameborder=\"0\" allowfullscreen=\"allowfullscreen\"><\/iframe><\/div>\n<p><span style=\"font-size: 10px; color: #888888;\">Vid\u00e9o montrant une visite de la Foire en acc\u00e9l\u00e9r\u00e9<\/span><\/p>\n<p>Les nouveaux ensembles qu&#8217;INMESOL pr\u00e9sentera \u00e0 cette foire ont \u00e9t\u00e9 con\u00e7us en tenant compte de tous les <strong>d\u00e9tails<\/strong> importants pour le <strong>secteur Rental<\/strong>.<\/p>\n<figure id=\"attachment_2704\" aria-describedby=\"caption-attachment-2704\" style=\"width: 550px\" class=\"wp-caption aligncenter\"><img decoding=\"async\" class=\"size-full wp-image-2704 lazyload\" data-src=\"\/wp-content\/uploads\/2016\/03\/1_nouvelle-gamme-rental-dinmesol-salon-bauma-2016.jpg\" alt=\"D\u00e9tails sur le nouveau design de la GAMME RENTAL des groupes \u00e9lectrog\u00e8nes (mod.-20-30 kVA)\" width=\"550\" height=\"470\" title=\"\" src=\"data:image\/svg+xml;base64,PHN2ZyB3aWR0aD0iMSIgaGVpZ2h0PSIxIiB4bWxucz0iaHR0cDovL3d3dy53My5vcmcvMjAwMC9zdmciPjwvc3ZnPg==\" style=\"--smush-placeholder-width: 550px; --smush-placeholder-aspect-ratio: 550\/470;\" data-srcset=\"https:\/\/www.inmesol.com\/wp-content\/uploads\/2016\/03\/1_nouvelle-gamme-rental-dinmesol-salon-bauma-2016.jpg 550w, https:\/\/www.inmesol.com\/wp-content\/uploads\/2016\/03\/1_nouvelle-gamme-rental-dinmesol-salon-bauma-2016-300x256.jpg 300w\" data-sizes=\"auto\" data-original-sizes=\"(max-width: 550px) 100vw, 550px\"><figcaption id=\"caption-attachment-2704\" class=\"wp-caption-text\">D\u00e9tails sur le nouveau design de la GAMME RENTAL des groupes \u00e9lectrog\u00e8nes (mod.-20-30 kVA)<\/figcaption><\/figure>\n<h4><strong><u>PRINCIPALES CARACT\u00c9RISTIQUES&nbsp;:<\/u><\/strong><\/h4>\n<p>1.- <strong>CARROSSERIES INSONORIS\u00c9ES<\/strong> \u00e0 l&#8217;aide de mat\u00e9riaux assurant de faibles niveaux d&#8217;\u00e9mission de bruit et enduits d&#8217;une peinture QUALICOAT procurant une r\u00e9sistance \u00e9lev\u00e9e aux rayons ultraviolets et assurant leur long\u00e9vit\u00e9 m\u00eame dans des conditions environnementales d\u00e9favorables.<\/p>\n<p>2.- <strong>Crochet de levage<\/strong> garantissant la stabilit\u00e9 et la s\u00e9curit\u00e9 des transports.<\/p>\n<p>3.- <strong>Sortie d&#8217;air sup\u00e9rieure<\/strong> contribuant \u00e0 la r\u00e9duction des \u00e9missions sonores.<\/p>\n<p>4.- <strong>Grande porte d&#8217;acc\u00e8s<\/strong> pour des op\u00e9rations de maintenance plus faciles.<\/p>\n<p>5.- <strong>Portes insonoris\u00e9es<\/strong> prot\u00e9g\u00e9es par du treillis m\u00e9tallique.<\/p>\n<p>6.- <strong>Grandes oreilles de levage<\/strong> facilitant la manipulation pendant le transport.<\/p>\n<p>7.- <strong>Moteur conforme \u00e0 la norme STAGE IIIA<\/strong><\/p>\n<p>8.- <strong>Pupitre de commande prot\u00e9g\u00e9<\/strong> de la pluie, des chocs ou des acc\u00e8s non autoris\u00e9s gr\u00e2ce \u00e0 une porte verrouillable.<\/p>\n<p>9.- <strong>Patin surdimensionn\u00e9<\/strong> d&#8217;une grande solidit\u00e9 pour prot\u00e9ger le ch\u00e2ssis de base et de pupitre de commande contre les chocs possibles au cours d&#8217;op\u00e9rations de manutention.<\/p>\n<p>10.- <strong>R\u00e9servoir de carburant d&#8217;une autonomie de 24 h<\/strong> avec renforcement interne et chicanes emp\u00eachant les mouvements brusques de carburant lorsque l&#8217;appareil est transport\u00e9 avec un r\u00e9servoir plein. Grande hauteur de remplissage.<\/p>\n<p>11.- <strong>Bac de r\u00e9tention des fluides<\/strong> (permet de r\u00e9cup\u00e9rer jusqu&#8217;\u00e0 120 % de la totalit\u00e9 des fluides).<\/p>\n<p>12.- <strong>Acc\u00e8s \u00e0 un crochet<\/strong> pour le remorquage.<\/p>\n<p>13.- <strong>KIT DE BASE<\/strong><\/p>\n<h4><strong>Batterie avec interrupteur de s\u00fbret\u00e9 (on \u2013off battery switch<\/strong><strong>)<\/strong><\/h4>\n<p>L&#8217;\u00e9quipement comprend une <strong>pi\u00e8ce amovible<\/strong>, semblable \u00e0 une poign\u00e9e, qui, lorsqu&#8217;elle est retir\u00e9e, <strong>emp\u00eache l&#8217;appareil d&#8217;\u00eatre manipul\u00e9<\/strong>.<\/p>\n<p>Les groupes \u00e9lectrog\u00e8nes de la Gamme Location d&#8217;INMESOL sont parfaits pour travailler dans de <strong>mauvaises<\/strong> conditions m\u00e9t\u00e9orologiques. Ils se distinguent par leur <strong>robustesse<\/strong>, leur <strong>compacit\u00e9<\/strong> et leur caract\u00e8re <strong>innovant<\/strong> sur le plan technique.<\/p>\n<p>La <strong>technologie<\/strong> de pointe est incluse dans leurs unit\u00e9s de commande et de protection, mais elle tr\u00e8s facile \u00e0 manipuler.<\/p>\n<p>Ils peuvent r\u00e9pondre \u00e0 toute exigence possible, y compris la <strong>r\u00e9glementation europ\u00e9enne<\/strong> concernant de faibles niveaux d&#8217;<strong>\u00e9mission de bruit<\/strong> et de <strong>gaz<\/strong>.<\/p>\n<p>En fonction de la puissance et du moteur choisis, une <strong>vaste gamme<\/strong> a \u00e9t\u00e9 d\u00e9velopp\u00e9e :<\/p>\n<figure id=\"attachment_2700\" aria-describedby=\"caption-attachment-2700\" style=\"width: 640px\" class=\"wp-caption aligncenter\"><img decoding=\"async\" class=\"size-full wp-image-2700 lazyload\" data-src=\"\/wp-content\/uploads\/2016\/03\/2_nouvelle-gamme-rental-dinmesol-salon-bauma-2016.jpg\" alt=\"Gamme de carrosseries pour la GAMME RENTAL\" width=\"640\" height=\"390\" title=\"\" src=\"data:image\/svg+xml;base64,PHN2ZyB3aWR0aD0iMSIgaGVpZ2h0PSIxIiB4bWxucz0iaHR0cDovL3d3dy53My5vcmcvMjAwMC9zdmciPjwvc3ZnPg==\" style=\"--smush-placeholder-width: 640px; --smush-placeholder-aspect-ratio: 640\/390;\" data-srcset=\"https:\/\/www.inmesol.com\/wp-content\/uploads\/2016\/03\/2_nouvelle-gamme-rental-dinmesol-salon-bauma-2016.jpg 640w, https:\/\/www.inmesol.com\/wp-content\/uploads\/2016\/03\/2_nouvelle-gamme-rental-dinmesol-salon-bauma-2016-300x183.jpg 300w\" data-sizes=\"auto\" data-original-sizes=\"(max-width: 640px) 100vw, 640px\"><figcaption id=\"caption-attachment-2700\" class=\"wp-caption-text\">Gamme de carrosseries pour la GAMME RENTAL<\/figcaption><\/figure>\n<h4><u>GROUPES \u00c9LECTROG\u00c8NES DE LOCATION INSTALL\u00c9S EN PARALL\u00c8LE :<\/u><\/h4>\n<p>Aujourd&#8217;hui, de nombreux locataires agrandissent \/ renouvellent leur flotte avec des groupes \u00e9lectrog\u00e8nes de Location, pr\u00eats \u00e0 fonctionner en <strong>parall\u00e8le<\/strong>. Ceux-ci les aident \u00e0 fournir une plus grande&nbsp;<strong>flexibilit\u00e9<\/strong> pour l&#8217;entretien des installations avec des charges variables,&nbsp;<strong>\u00e9conomisant du carburant<\/strong> et augmentant la <strong>dur\u00e9e de vie utile<\/strong> de l&#8217;\u00e9quipement.<\/p>\n<p>L&#8217;utilisation de groupes \u00e9lectrog\u00e8nes de Location en parall\u00e8le est chose tr\u00e8s fr\u00e9quente dans les installations o\u00f9 un <strong>\u00e9v\u00e9nement<\/strong> (concert, match de football, etc.) va avoir lieu, o\u00f9 l&#8217;alimentation \u00e9lectrique doit \u00eatre pleinement assur\u00e9e.<\/p>\n<figure id=\"attachment_2701\" aria-describedby=\"caption-attachment-2701\" style=\"width: 640px\" class=\"wp-caption aligncenter\"><img decoding=\"async\" class=\"size-full wp-image-2701 lazyload\" data-src=\"\/wp-content\/uploads\/2016\/03\/3_nouvelle-gamme-rental-dinmesol-salon-bauma-2016.jpg\" alt=\"Groupes \u00e9lectrog\u00e8nes de Location fonctionnant en parall\u00e8le\" width=\"640\" height=\"390\" title=\"\" src=\"data:image\/svg+xml;base64,PHN2ZyB3aWR0aD0iMSIgaGVpZ2h0PSIxIiB4bWxucz0iaHR0cDovL3d3dy53My5vcmcvMjAwMC9zdmciPjwvc3ZnPg==\" style=\"--smush-placeholder-width: 640px; --smush-placeholder-aspect-ratio: 640\/390;\" data-srcset=\"https:\/\/www.inmesol.com\/wp-content\/uploads\/2016\/03\/3_nouvelle-gamme-rental-dinmesol-salon-bauma-2016.jpg 640w, https:\/\/www.inmesol.com\/wp-content\/uploads\/2016\/03\/3_nouvelle-gamme-rental-dinmesol-salon-bauma-2016-300x183.jpg 300w\" data-sizes=\"auto\" data-original-sizes=\"(max-width: 640px) 100vw, 640px\"><figcaption id=\"caption-attachment-2701\" class=\"wp-caption-text\">Groupes \u00e9lectrog\u00e8nes de Location fonctionnant en parall\u00e8le<\/figcaption><\/figure>\n<p>Nous vous invitons \u00e0 nous rendre visite au salon BAUMA 2016, <strong>HALL A5 STAND 110<\/strong>, et un espace suppl\u00e9mentaire&nbsp;: <strong>Hof-Court Yard 45A STAND 2,<\/strong> o\u00f9 nous pouvons vous fournir toutes les informations concernant l&#8217;\u00e9quipement pr\u00e9sent\u00e9 ou t tout autre mod\u00e8le de nos lignes de produits.<\/p>\n<p>Une \u00e9quipe de professionnels INMESOL sera \u00e0 votre disposition.<\/p>\n<figure id=\"attachment_2705\" aria-describedby=\"caption-attachment-2705\" style=\"width: 640px\" class=\"wp-caption aligncenter\"><img decoding=\"async\" class=\"size-full wp-image-2705 lazyload\" data-src=\"\/wp-content\/uploads\/2016\/03\/4_nouvelle-gamme-rental-dinmesol-salon-bauma-2016.jpg\" alt=\"Disposition du Salon Bauma 2016\" width=\"640\" height=\"310\" title=\"\" src=\"data:image\/svg+xml;base64,PHN2ZyB3aWR0aD0iMSIgaGVpZ2h0PSIxIiB4bWxucz0iaHR0cDovL3d3dy53My5vcmcvMjAwMC9zdmciPjwvc3ZnPg==\" style=\"--smush-placeholder-width: 640px; --smush-placeholder-aspect-ratio: 640\/310;\" data-srcset=\"https:\/\/www.inmesol.com\/wp-content\/uploads\/2016\/03\/4_nouvelle-gamme-rental-dinmesol-salon-bauma-2016.jpg 640w, https:\/\/www.inmesol.com\/wp-content\/uploads\/2016\/03\/4_nouvelle-gamme-rental-dinmesol-salon-bauma-2016-300x145.jpg 300w\" data-sizes=\"auto\" data-original-sizes=\"(max-width: 640px) 100vw, 640px\"><figcaption id=\"caption-attachment-2705\" class=\"wp-caption-text\">Disposition du Salon Bauma 2016<\/figcaption><\/figure>\n<h4><u>Informations pratiques :<\/u><\/h4>\n<p><strong>Dates<\/strong>: du 11&nbsp;au 17 avril 2016.<\/p>\n<p><strong>Lieu<\/strong> : Messegel\u00e4nde, 81823 MUNICH &#8211; Baviera (Allemagne)<\/p>\n<p><strong>Stand d\u2019Inmesol<\/strong> : HALL A5 STAND 110<\/p>\n<p><strong>Espace suppl\u00e9mentaire<\/strong>: Hof-Court Yard 45A STAND 2<\/p>\n<p><strong>Repr\u00e9sentant d&#8217;Inmesol \u00e0 la foire<\/strong> :<\/p>\n<p>Antonio M\u00e1rmol (Export Product Manager)<\/p>\n<p>rentaleurope@inmesol.com<\/p>\n<p><strong>Num\u00e9ro de t\u00e9l\u00e9phone pour nous contacter<\/strong> :<\/p>\n<p>Mob: 0034 620&nbsp; 773 209 | Phone: +34 968 380 300 | Fax: +34 968 380 400<\/p>\n<p><strong>Inscription en ligne<\/strong><\/p>\n<p><a href=\"http:\/\/www.bauma.de\/trade-fair\/visitors\/purchase-ticket\/\" target=\"_blank\" rel=\"noopener\">Site Internet BAUMA 2016<\/a><\/p>\n","protected":false},"excerpt":{"rendered":"<p>BAUMA 2016 est la vitrine o\u00f9 INMESOL exposera les diff\u00e9rents mod\u00e8les de groupes \u00e9lectrog\u00e8nes de sa nouvelle Gamme Rental.<\/p>\n","protected":false},"author":2,"featured_media":2703,"comment_status":"closed","ping_status":"closed","sticky":false,"template":"","format":"standard","meta":{"inline_featured_image":false,"footnotes":""},"categories":[34,48],"tags":[56],"categorias-smart-power-":[],"paises-":[],"class_list":["post-8608","post","type-post","status-publish","format-standard","has-post-thumbnail","hentry","category-frances","category-expositions","tag-groupes-electrogenes-rental-location"],"_links":{"self":[{"href":"https:\/\/www.inmesol.com\/en\/wp-json\/wp\/v2\/posts\/8608","targetHints":{"allow":["GET"]}}],"collection":[{"href":"https:\/\/www.inmesol.com\/en\/wp-json\/wp\/v2\/posts"}],"about":[{"href":"https:\/\/www.inmesol.com\/en\/wp-json\/wp\/v2\/types\/post"}],"author":[{"embeddable":true,"href":"https:\/\/www.inmesol.com\/en\/wp-json\/wp\/v2\/users\/2"}],"replies":[{"embeddable":true,"href":"https:\/\/www.inmesol.com\/en\/wp-json\/wp\/v2\/comments?post=8608"}],"version-history":[{"count":0,"href":"https:\/\/www.inmesol.com\/en\/wp-json\/wp\/v2\/posts\/8608\/revisions"}],"wp:featuredmedia":[{"embeddable":true,"href":"https:\/\/www.inmesol.com\/en\/wp-json\/wp\/v2\/posts\/2703"}],"wp:attachment":[{"href":"https:\/\/www.inmesol.com\/en\/wp-json\/wp\/v2\/media?parent=8608"}],"wp:term":[{"taxonomy":"category","embeddable":true,"href":"https:\/\/www.inmesol.com\/en\/wp-json\/wp\/v2\/categories?post=8608"},{"taxonomy":"post_tag","embeddable":true,"href":"https:\/\/www.inmesol.com\/en\/wp-json\/wp\/v2\/tags?post=8608"},{"taxonomy":"categorias-smart-power-","embeddable":true,"href":"https:\/\/www.inmesol.com\/en\/wp-json\/wp\/v2\/categorias-smart-power-?post=8608"},{"taxonomy":"paises-","embeddable":true,"href":"https:\/\/www.inmesol.com\/en\/wp-json\/wp\/v2\/paises-?post=8608"}],"curies":[{"name":"wp","href":"https:\/\/api.w.org\/{rel}","templated":true}]}}