{"id":11703,"date":"2024-02-05T13:21:43","date_gmt":"2024-02-05T13:21:43","guid":{"rendered":"https:\/\/www.inmesol.com\/?p=11703"},"modified":"2024-02-05T14:45:48","modified_gmt":"2024-02-05T14:45:48","slug":"inmesol-renueva-el-diseno-de-sus-grupos-de-150-200-y-250-kva-con-motor-volvo-stage-v-version-slim-plus","status":"publish","type":"post","link":"https:\/\/www.inmesol.com\/fr\/blog\/inmesol-renueva-el-diseno-de-sus-grupos-de-150-200-y-250-kva-con-motor-volvo-stage-v-version-slim-plus\/","title":{"rendered":"Inmesol renueva el dise\u00f1o de sus grupos de 150, 200 y 250 kva con motor Volvo Stage V \u2013 Versi\u00f3n Slim+"},"content":{"rendered":"\n<p><strong>Las mejoras introducidas en el nuevo dise\u00f1o son: <\/strong><\/p>\n\n\n\n<ul class=\"wp-block-list\">\n<li>Se trata de grupos m\u00e1s compactos, con una anchura total de 1200mm, lo cual permite transportar dos de ellos en paralelo en un cami\u00f3n, algo muy demandado por los alquiladores.<\/li>\n\n\n\n<li>Son grupos tambi\u00e9n notablemente m\u00e1s silenciosos que las anteriores versiones. Los cambios introducidos en el dise\u00f1o como, por ejemplo, la doble capa de material aislante, consiguen una importante reducci\u00f3n del nivel sonoro.<\/li>\n\n\n\n<li>Las puertas cuentan con un nuevo formato que asegura un mejor drenaje del agua de lluvia, evitando que repose en la parte superior de \u00e9stas y eliminando as\u00ed los inc\u00f3modos y perjudiciales efectos que estos dep\u00f3sitos de agua causan.&nbsp;<\/li>\n\n\n\n<li>Se ha a\u00f1adido una boca de llenado exterior de combustible protegida con llave. Esta boca se ubica en el lado opuesto al del habitual llenado interno.<\/li>\n\n\n\n<li>Se han desarrollado unas barras de arrastre y protecci\u00f3n que se pueden fijar al chasis del grupo y que facilitar\u00e1n a muchos usuarios su desplazamiento dentro del sitio de trabajo. Estas barras son opcionales y se pueden desmontar para el transporte o almacenamiento.<\/li>\n\n\n\n<li>El grupo cuenta ahora con s\u00f3lidas escaleras laterales para un c\u00f3modo acceso al gancho de izado central del techo.<\/li>\n\n\n\n<li>Todas las bisagras pasan a ser inoxidables y de gran robustez.&nbsp;<\/li>\n\n\n\n<li>En el proceso de dise\u00f1o se ha tenido en cuenta el amplio acceso a los diferentes puntos de mantenimiento del motor y alternador.<\/li>\n<\/ul>\n\n\n\n<div style=\"height:50px\" aria-hidden=\"true\" class=\"wp-block-spacer\"><\/div>\n\n\n\n<div class=\"wp-block-columns is-layout-flex wp-container-core-columns-is-layout-28f84493 wp-block-columns-is-layout-flex\">\n<div class=\"wp-block-column is-layout-flow wp-block-column-is-layout-flow\" style=\"flex-basis:100%\">\n<div class=\"wp-block-columns is-layout-flex wp-container-core-columns-is-layout-28f84493 wp-block-columns-is-layout-flex\">\n<div class=\"wp-block-column is-vertically-aligned-center is-layout-flow wp-block-column-is-layout-flow\">\n<figure class=\"wp-block-image aligncenter size-medium is-resized\"><img fetchpriority=\"high\" decoding=\"async\" width=\"300\" height=\"221\" src=\"https:\/\/www.inmesol.com\/wp-content\/uploads\/2024\/02\/inmesol-renueva-el-diseno-de-sus-grupos-de-150-200-250kva-con-motor-volvo-stage-v\u2013version-slim-1-300x221.jpg\" alt=\"\" class=\"wp-image-11713\" style=\"width:250px\" title=\"\" srcset=\"https:\/\/www.inmesol.com\/wp-content\/uploads\/2024\/02\/inmesol-renueva-el-diseno-de-sus-grupos-de-150-200-250kva-con-motor-volvo-stage-v\u2013version-slim-1-300x221.jpg 300w, https:\/\/www.inmesol.com\/wp-content\/uploads\/2024\/02\/inmesol-renueva-el-diseno-de-sus-grupos-de-150-200-250kva-con-motor-volvo-stage-v\u2013version-slim-1.jpg 397w\" sizes=\"(max-width: 300px) 100vw, 300px\" \/><\/figure>\n<\/div>\n\n\n\n<div class=\"wp-block-column is-vertically-aligned-stretch is-layout-flow wp-block-column-is-layout-flow\">\n<figure class=\"wp-block-image aligncenter size-full\"><img decoding=\"async\" width=\"170\" height=\"244\" data-src=\"https:\/\/www.inmesol.com\/wp-content\/uploads\/2024\/02\/inmesol-renueva-el-diseno-de-sus-grupos-de-150-200-250kva-con-motor-volvo-stage-v\u2013version-slim-2-1.jpg\" alt=\"\" class=\"wp-image-11741 lazyload\" title=\"\" src=\"data:image\/svg+xml;base64,PHN2ZyB3aWR0aD0iMSIgaGVpZ2h0PSIxIiB4bWxucz0iaHR0cDovL3d3dy53My5vcmcvMjAwMC9zdmciPjwvc3ZnPg==\" style=\"--smush-placeholder-width: 170px; --smush-placeholder-aspect-ratio: 170\/244;\"><\/figure>\n<\/div>\n\n\n\n<div class=\"wp-block-column is-vertically-aligned-center is-layout-flow wp-block-column-is-layout-flow\">\n<figure class=\"wp-block-image aligncenter size-full is-resized\"><img decoding=\"async\" width=\"323\" height=\"257\" data-src=\"https:\/\/www.inmesol.com\/wp-content\/uploads\/2024\/02\/inmesol-renueva-el-diseno-de-sus-grupos-de-150-200-250kva-con-motor-volvo-stage-v\u2013version-slim-3.jpg\" alt=\"\" class=\"wp-image-11715 lazyload\" style=\"--smush-placeholder-width: 323px; --smush-placeholder-aspect-ratio: 323\/257;width:250px\" title=\"\" data-srcset=\"https:\/\/www.inmesol.com\/wp-content\/uploads\/2024\/02\/inmesol-renueva-el-diseno-de-sus-grupos-de-150-200-250kva-con-motor-volvo-stage-v\u2013version-slim-3.jpg 323w, https:\/\/www.inmesol.com\/wp-content\/uploads\/2024\/02\/inmesol-renueva-el-diseno-de-sus-grupos-de-150-200-250kva-con-motor-volvo-stage-v\u2013version-slim-3-300x239.jpg 300w\" data-sizes=\"auto\" src=\"data:image\/svg+xml;base64,PHN2ZyB3aWR0aD0iMSIgaGVpZ2h0PSIxIiB4bWxucz0iaHR0cDovL3d3dy53My5vcmcvMjAwMC9zdmciPjwvc3ZnPg==\" data-original-sizes=\"(max-width: 323px) 100vw, 323px\" \/><\/figure>\n<\/div>\n<\/div>\n<\/div>\n<\/div>\n\n\n\n<div style=\"height:20px\" aria-hidden=\"true\" class=\"wp-block-spacer\"><\/div>\n\n\n\n<p><strong>Por lo que respecta al cuadro el\u00e9ctrico, el nuevo concepto supone un importante paso adelante con respecto a la configuraci\u00f3n anterior. Sus ventajas principales son:<\/strong><\/p>\n\n\n\n<ul class=\"wp-block-list\">\n<li>Dos puertas abisagradas independientes para la secci\u00f3n de control y para la secci\u00f3n de potencia, y equipadas con ventanas transl\u00facidas para poder hacer inspecciones oculares sin necesidad de abrirlas.<\/li>\n\n\n\n<li>La puerta de la secci\u00f3n de control cuenta con un \u00e1ngulo interior que permite instalar una cortina para reducir la incidencia de la luz solar en la centralita de control.<\/li>\n\n\n\n<li>El bornero de conexi\u00f3n de cables de potencia es m\u00e1s amplio que el de la versi\u00f3n anterior, pero se mantiene la posibilidad de acceder a \u00e9l tanto a trav\u00e9s del fald\u00f3n ubicado en la puerta de acceso, para instalaciones temporales, como a trav\u00e9s de la ventana inferior, prevista para instalaciones de m\u00e1s duraci\u00f3n.<\/li>\n\n\n\n<li>Se ha a\u00f1adido de serie un juego de conectores unipolares de alta potencia, conocidos como powerlocks y muy apreciados en aplicaciones temporales.<\/li>\n\n\n\n<li>En la secci\u00f3n de control se ha cambiado el dise\u00f1o del frontal del cuadro, pasando de las anteriores bisagras horizontales a nuevas bisagras verticales, que hacen m\u00e1s sencillo el acceso al interior del cuadro para tareas de servicio.<\/li>\n<\/ul>\n\n\n\n<div style=\"height:50px\" aria-hidden=\"true\" class=\"wp-block-spacer\"><\/div>\n\n\n\n<p><\/p>\n\n\n\n<div class=\"wp-block-columns is-layout-flex wp-container-core-columns-is-layout-28f84493 wp-block-columns-is-layout-flex\">\n<div class=\"wp-block-column is-vertically-aligned-center is-layout-flow wp-block-column-is-layout-flow\">\n<figure class=\"wp-block-image aligncenter size-full is-resized\"><img decoding=\"async\" width=\"261\" height=\"151\" data-src=\"https:\/\/www.inmesol.com\/wp-content\/uploads\/2024\/02\/inmesol-renueva-el-diseno-de-sus-grupos-de-150-200-250kva-con-motor-volvo-stage-v\u2013version-slim-4.jpg\" alt=\"\" class=\"wp-image-11725 lazyload\" style=\"--smush-placeholder-width: 261px; --smush-placeholder-aspect-ratio: 261\/151;width:250px\" title=\"\" src=\"data:image\/svg+xml;base64,PHN2ZyB3aWR0aD0iMSIgaGVpZ2h0PSIxIiB4bWxucz0iaHR0cDovL3d3dy53My5vcmcvMjAwMC9zdmciPjwvc3ZnPg==\"><\/figure>\n<\/div>\n\n\n\n<div class=\"wp-block-column is-layout-flow wp-block-column-is-layout-flow\">\n<figure class=\"wp-block-image aligncenter size-full is-resized\"><img decoding=\"async\" width=\"304\" height=\"441\" data-src=\"https:\/\/www.inmesol.com\/wp-content\/uploads\/2024\/02\/inmesol-renueva-el-diseno-de-sus-grupos-de-150-200-250kva-con-motor-volvo-stage-v\u2013version-slim-5.jpg\" alt=\"\" class=\"wp-image-11728 lazyload\" style=\"--smush-placeholder-width: 304px; --smush-placeholder-aspect-ratio: 304\/441;width:250px\" title=\"\" data-srcset=\"https:\/\/www.inmesol.com\/wp-content\/uploads\/2024\/02\/inmesol-renueva-el-diseno-de-sus-grupos-de-150-200-250kva-con-motor-volvo-stage-v\u2013version-slim-5.jpg 304w, https:\/\/www.inmesol.com\/wp-content\/uploads\/2024\/02\/inmesol-renueva-el-diseno-de-sus-grupos-de-150-200-250kva-con-motor-volvo-stage-v\u2013version-slim-5-207x300.jpg 207w\" data-sizes=\"auto\" src=\"data:image\/svg+xml;base64,PHN2ZyB3aWR0aD0iMSIgaGVpZ2h0PSIxIiB4bWxucz0iaHR0cDovL3d3dy53My5vcmcvMjAwMC9zdmciPjwvc3ZnPg==\" data-original-sizes=\"(max-width: 304px) 100vw, 304px\" \/><\/figure>\n<\/div>\n\n\n\n<div class=\"wp-block-column is-layout-flow wp-block-column-is-layout-flow\">\n<figure class=\"wp-block-image aligncenter size-full is-resized\"><img decoding=\"async\" width=\"302\" height=\"442\" data-src=\"https:\/\/www.inmesol.com\/wp-content\/uploads\/2024\/02\/inmesol-renueva-el-diseno-de-sus-grupos-de-150-200-250kva-con-motor-volvo-stage-v\u2013version-slim-6.jpg\" alt=\"\" class=\"wp-image-11731 lazyload\" style=\"--smush-placeholder-width: 302px; --smush-placeholder-aspect-ratio: 302\/442;width:250px\" title=\"\" data-srcset=\"https:\/\/www.inmesol.com\/wp-content\/uploads\/2024\/02\/inmesol-renueva-el-diseno-de-sus-grupos-de-150-200-250kva-con-motor-volvo-stage-v\u2013version-slim-6.jpg 302w, https:\/\/www.inmesol.com\/wp-content\/uploads\/2024\/02\/inmesol-renueva-el-diseno-de-sus-grupos-de-150-200-250kva-con-motor-volvo-stage-v\u2013version-slim-6-205x300.jpg 205w\" data-sizes=\"auto\" src=\"data:image\/svg+xml;base64,PHN2ZyB3aWR0aD0iMSIgaGVpZ2h0PSIxIiB4bWxucz0iaHR0cDovL3d3dy53My5vcmcvMjAwMC9zdmciPjwvc3ZnPg==\" data-original-sizes=\"(max-width: 302px) 100vw, 302px\" \/><\/figure>\n<\/div>\n\n\n\n<div class=\"wp-block-column is-vertically-aligned-center is-layout-flow wp-block-column-is-layout-flow\">\n<figure class=\"wp-block-image aligncenter size-full is-resized\"><img decoding=\"async\" width=\"302\" height=\"274\" data-src=\"https:\/\/www.inmesol.com\/wp-content\/uploads\/2024\/02\/inmesol-renueva-el-diseno-de-sus-grupos-de-150-200-250kva-con-motor-volvo-stage-v\u2013version-slim-7.jpg\" alt=\"\" class=\"wp-image-11734 lazyload\" style=\"--smush-placeholder-width: 302px; --smush-placeholder-aspect-ratio: 302\/274;width:250px\" title=\"\" data-srcset=\"https:\/\/www.inmesol.com\/wp-content\/uploads\/2024\/02\/inmesol-renueva-el-diseno-de-sus-grupos-de-150-200-250kva-con-motor-volvo-stage-v\u2013version-slim-7.jpg 302w, https:\/\/www.inmesol.com\/wp-content\/uploads\/2024\/02\/inmesol-renueva-el-diseno-de-sus-grupos-de-150-200-250kva-con-motor-volvo-stage-v\u2013version-slim-7-300x272.jpg 300w\" data-sizes=\"auto\" src=\"data:image\/svg+xml;base64,PHN2ZyB3aWR0aD0iMSIgaGVpZ2h0PSIxIiB4bWxucz0iaHR0cDovL3d3dy53My5vcmcvMjAwMC9zdmciPjwvc3ZnPg==\" data-original-sizes=\"(max-width: 302px) 100vw, 302px\" \/><\/figure>\n<\/div>\n<\/div>\n","protected":false},"excerpt":{"rendered":"<p>INMESOL lanza una nueva carrocer\u00eda para sus grupos de 150, 200 y 250kVA con motor Volvo Stage V. El nuevo desarrollo responde a la necesidad planteada por diversos clientes de tener grupos con dimensiones m\u00e1s reducidas en estos nodos de potencia y con cuadros el\u00e9ctricos optimizados para el sector del alquiler.<\/p>\n","protected":false},"author":2,"featured_media":11699,"comment_status":"closed","ping_status":"closed","sticky":false,"template":"","format":"standard","meta":{"inline_featured_image":false,"footnotes":""},"categories":[32,21],"tags":[],"categorias-smart-power-":[],"paises-":[],"class_list":["post-11703","post","type-post","status-publish","format-standard","has-post-thumbnail","hentry","category-espanol","category-grupos-electrogenos"],"_links":{"self":[{"href":"https:\/\/www.inmesol.com\/fr\/wp-json\/wp\/v2\/posts\/11703","targetHints":{"allow":["GET"]}}],"collection":[{"href":"https:\/\/www.inmesol.com\/fr\/wp-json\/wp\/v2\/posts"}],"about":[{"href":"https:\/\/www.inmesol.com\/fr\/wp-json\/wp\/v2\/types\/post"}],"author":[{"embeddable":true,"href":"https:\/\/www.inmesol.com\/fr\/wp-json\/wp\/v2\/users\/2"}],"replies":[{"embeddable":true,"href":"https:\/\/www.inmesol.com\/fr\/wp-json\/wp\/v2\/comments?post=11703"}],"version-history":[{"count":0,"href":"https:\/\/www.inmesol.com\/fr\/wp-json\/wp\/v2\/posts\/11703\/revisions"}],"wp:featuredmedia":[{"embeddable":true,"href":"https:\/\/www.inmesol.com\/fr\/wp-json\/wp\/v2\/media\/11699"}],"wp:attachment":[{"href":"https:\/\/www.inmesol.com\/fr\/wp-json\/wp\/v2\/media?parent=11703"}],"wp:term":[{"taxonomy":"category","embeddable":true,"href":"https:\/\/www.inmesol.com\/fr\/wp-json\/wp\/v2\/categories?post=11703"},{"taxonomy":"post_tag","embeddable":true,"href":"https:\/\/www.inmesol.com\/fr\/wp-json\/wp\/v2\/tags?post=11703"},{"taxonomy":"categorias-smart-power-","embeddable":true,"href":"https:\/\/www.inmesol.com\/fr\/wp-json\/wp\/v2\/categorias-smart-power-?post=11703"},{"taxonomy":"paises-","embeddable":true,"href":"https:\/\/www.inmesol.com\/fr\/wp-json\/wp\/v2\/paises-?post=11703"}],"curies":[{"name":"wp","href":"https:\/\/api.w.org\/{rel}","templated":true}]}}