{"id":11893,"date":"2024-04-03T12:14:04","date_gmt":"2024-04-03T12:14:04","guid":{"rendered":"https:\/\/www.inmesol.com\/?p=11893"},"modified":"2024-04-04T09:16:23","modified_gmt":"2024-04-04T09:16:23","slug":"nuevos-grupos-electrogenos-compactos-y-super-silenciosos-stage-v-de-900-kva-y-1100-kva","status":"publish","type":"post","link":"https:\/\/www.inmesol.com\/fr\/blog\/nuevos-grupos-electrogenos-compactos-y-super-silenciosos-stage-v-de-900-kva-y-1100-kva\/","title":{"rendered":"Nuevos grupos electr\u00f3genos compactos y s\u00faper silenciosos STAGE V de 900 kVA y 1100 kVA"},"content":{"rendered":"\n<figure class=\"wp-block-gallery aligncenter has-nested-images columns-default is-cropped wp-block-gallery-1 is-layout-flex wp-block-gallery-is-layout-flex\">\n<figure class=\"wp-block-image size-large\"><img fetchpriority=\"high\" decoding=\"async\" width=\"1024\" height=\"747\" data-id=\"11892\" src=\"https:\/\/www.inmesol.com\/wp-content\/uploads\/2024\/04\/torre-antigua-1024x747.jpg\" alt=\"\" class=\"wp-image-11892\" title=\"\" srcset=\"https:\/\/www.inmesol.com\/wp-content\/uploads\/2024\/04\/torre-antigua-1024x747.jpg 1024w, https:\/\/www.inmesol.com\/wp-content\/uploads\/2024\/04\/torre-antigua-300x219.jpg 300w, https:\/\/www.inmesol.com\/wp-content\/uploads\/2024\/04\/torre-antigua-768x560.jpg 768w, https:\/\/www.inmesol.com\/wp-content\/uploads\/2024\/04\/torre-antigua-1536x1120.jpg 1536w, https:\/\/www.inmesol.com\/wp-content\/uploads\/2024\/04\/torre-antigua-2048x1493.jpg 2048w\" sizes=\"(max-width: 1024px) 100vw, 1024px\" \/><\/figure>\n\n\n\n<figure class=\"wp-block-image size-large\"><img decoding=\"async\" width=\"1024\" height=\"747\" data-id=\"11880\" data-src=\"https:\/\/www.inmesol.com\/wp-content\/uploads\/2024\/04\/estatica-antigua-1024x747.jpg\" alt=\"\" class=\"wp-image-11880 lazyload\" title=\"\" data-srcset=\"https:\/\/www.inmesol.com\/wp-content\/uploads\/2024\/04\/estatica-antigua-1024x747.jpg 1024w, https:\/\/www.inmesol.com\/wp-content\/uploads\/2024\/04\/estatica-antigua-300x219.jpg 300w, https:\/\/www.inmesol.com\/wp-content\/uploads\/2024\/04\/estatica-antigua-768x560.jpg 768w, https:\/\/www.inmesol.com\/wp-content\/uploads\/2024\/04\/estatica-antigua-1536x1120.jpg 1536w, https:\/\/www.inmesol.com\/wp-content\/uploads\/2024\/04\/estatica-antigua-2048x1493.jpg 2048w\" data-sizes=\"auto\" src=\"data:image\/svg+xml;base64,PHN2ZyB3aWR0aD0iMSIgaGVpZ2h0PSIxIiB4bWxucz0iaHR0cDovL3d3dy53My5vcmcvMjAwMC9zdmciPjwvc3ZnPg==\" style=\"--smush-placeholder-width: 1024px; --smush-placeholder-aspect-ratio: 1024\/747;\" data-original-sizes=\"(max-width: 1024px) 100vw, 1024px\" \/><\/figure>\n<\/figure>\n\n\n\n<p>INMESOL se enorgullece de continuar su legado de pioneros con el lanzamiento de los grupos electr\u00f3genos Stage V Compact Super Quiet de 900 kVA. Este nuevo hito refleja nuestra dedicaci\u00f3n a la innovaci\u00f3n, combinando una potencia robusta con tecnolog\u00eda de vanguardia para minimizar el impacto ambiental.<\/p>\n\n\n\n<figure class=\"wp-block-gallery aligncenter has-nested-images columns-default is-cropped wp-block-gallery-2 is-layout-flex wp-block-gallery-is-layout-flex\">\n<figure class=\"wp-block-image size-large\"><img decoding=\"async\" width=\"1024\" height=\"748\" data-id=\"11894\" data-src=\"https:\/\/www.inmesol.com\/wp-content\/uploads\/2024\/04\/CVN5-900-1024x748.png\" alt=\"\" class=\"wp-image-11894 lazyload\" title=\"\" data-srcset=\"https:\/\/www.inmesol.com\/wp-content\/uploads\/2024\/04\/CVN5-900-1024x748.png 1024w, https:\/\/www.inmesol.com\/wp-content\/uploads\/2024\/04\/CVN5-900-300x219.png 300w, https:\/\/www.inmesol.com\/wp-content\/uploads\/2024\/04\/CVN5-900-768x561.png 768w, https:\/\/www.inmesol.com\/wp-content\/uploads\/2024\/04\/CVN5-900-1536x1123.png 1536w, https:\/\/www.inmesol.com\/wp-content\/uploads\/2024\/04\/CVN5-900-2048x1497.png 2048w\" data-sizes=\"auto\" src=\"data:image\/svg+xml;base64,PHN2ZyB3aWR0aD0iMSIgaGVpZ2h0PSIxIiB4bWxucz0iaHR0cDovL3d3dy53My5vcmcvMjAwMC9zdmciPjwvc3ZnPg==\" style=\"--smush-placeholder-width: 1024px; --smush-placeholder-aspect-ratio: 1024\/748;\" data-original-sizes=\"(max-width: 1024px) 100vw, 1024px\" \/><\/figure>\n\n\n\n<figure class=\"wp-block-image size-large\"><img decoding=\"async\" width=\"1024\" height=\"748\" data-id=\"11897\" data-src=\"https:\/\/www.inmesol.com\/wp-content\/uploads\/2023\/04\/CVN5-1100-1024x748.png\" alt=\"\" class=\"wp-image-11897 lazyload\" title=\"\" data-srcset=\"https:\/\/www.inmesol.com\/wp-content\/uploads\/2023\/04\/CVN5-1100-1024x748.png 1024w, https:\/\/www.inmesol.com\/wp-content\/uploads\/2023\/04\/CVN5-1100-300x219.png 300w, https:\/\/www.inmesol.com\/wp-content\/uploads\/2023\/04\/CVN5-1100-768x561.png 768w, https:\/\/www.inmesol.com\/wp-content\/uploads\/2023\/04\/CVN5-1100-1536x1123.png 1536w, https:\/\/www.inmesol.com\/wp-content\/uploads\/2023\/04\/CVN5-1100-2048x1497.png 2048w\" data-sizes=\"auto\" src=\"data:image\/svg+xml;base64,PHN2ZyB3aWR0aD0iMSIgaGVpZ2h0PSIxIiB4bWxucz0iaHR0cDovL3d3dy53My5vcmcvMjAwMC9zdmciPjwvc3ZnPg==\" style=\"--smush-placeholder-width: 1024px; --smush-placeholder-aspect-ratio: 1024\/748;\" data-original-sizes=\"(max-width: 1024px) 100vw, 1024px\" \/><\/figure>\n<\/figure>\n\n\n\n<p>Nuestro nuevo grupo electr\u00f3geno de 900 kVA no solo cuenta con un dise\u00f1o compacto y eficiente, sino que tambi\u00e9n se beneficia de la fiabilidad y el rendimiento de los motores VOLVO, mientras que el modelo de 1100 kVA est\u00e1 propulsado por la fuerza imparable de JOHN DEERE. Ambos modelos representan el pin\u00e1culo de la ingenier\u00eda sostenible, estableciendo nuevos est\u00e1ndares de la industria con niveles de emisiones excepcionalmente bajos y un funcionamiento notablemente silencioso.<\/p>\n\n\n\n<p>En INMESOL, nuestra historia es nuestra fuerza y nuestro futuro es la innovaci\u00f3n. Acomp\u00e1\u00f1anos en este viaje hacia un ma\u00f1ana m\u00e1s brillante y sostenible.<\/p>\n","protected":false},"excerpt":{"rendered":"<p>INMESOL, primera compa\u00f1\u00eda encargada de fabricar algunos de los originarios grupos electr\u00f3genos y torres de iluminaci\u00f3n, en Murcia (Espa\u00f1a), cuna de los grupos electr\u00f3genos a nivel mundial.<\/p>\n","protected":false},"author":2,"featured_media":11886,"comment_status":"closed","ping_status":"closed","sticky":false,"template":"","format":"standard","meta":{"inline_featured_image":false,"footnotes":""},"categories":[32,21],"tags":[],"categorias-smart-power-":[],"paises-":[],"class_list":["post-11893","post","type-post","status-publish","format-standard","has-post-thumbnail","hentry","category-espanol","category-grupos-electrogenos"],"_links":{"self":[{"href":"https:\/\/www.inmesol.com\/fr\/wp-json\/wp\/v2\/posts\/11893","targetHints":{"allow":["GET"]}}],"collection":[{"href":"https:\/\/www.inmesol.com\/fr\/wp-json\/wp\/v2\/posts"}],"about":[{"href":"https:\/\/www.inmesol.com\/fr\/wp-json\/wp\/v2\/types\/post"}],"author":[{"embeddable":true,"href":"https:\/\/www.inmesol.com\/fr\/wp-json\/wp\/v2\/users\/2"}],"replies":[{"embeddable":true,"href":"https:\/\/www.inmesol.com\/fr\/wp-json\/wp\/v2\/comments?post=11893"}],"version-history":[{"count":0,"href":"https:\/\/www.inmesol.com\/fr\/wp-json\/wp\/v2\/posts\/11893\/revisions"}],"wp:featuredmedia":[{"embeddable":true,"href":"https:\/\/www.inmesol.com\/fr\/wp-json\/wp\/v2\/media\/11886"}],"wp:attachment":[{"href":"https:\/\/www.inmesol.com\/fr\/wp-json\/wp\/v2\/media?parent=11893"}],"wp:term":[{"taxonomy":"category","embeddable":true,"href":"https:\/\/www.inmesol.com\/fr\/wp-json\/wp\/v2\/categories?post=11893"},{"taxonomy":"post_tag","embeddable":true,"href":"https:\/\/www.inmesol.com\/fr\/wp-json\/wp\/v2\/tags?post=11893"},{"taxonomy":"categorias-smart-power-","embeddable":true,"href":"https:\/\/www.inmesol.com\/fr\/wp-json\/wp\/v2\/categorias-smart-power-?post=11893"},{"taxonomy":"paises-","embeddable":true,"href":"https:\/\/www.inmesol.com\/fr\/wp-json\/wp\/v2\/paises-?post=11893"}],"curies":[{"name":"wp","href":"https:\/\/api.w.org\/{rel}","templated":true}]}}