{"id":12511,"date":"2024-10-09T11:19:14","date_gmt":"2024-10-09T11:19:14","guid":{"rendered":"https:\/\/www.inmesol.com\/?p=12511"},"modified":"2024-10-09T11:45:58","modified_gmt":"2024-10-09T11:45:58","slug":"nuevo-grupo-electrogeno-compact","status":"publish","type":"post","link":"https:\/\/www.inmesol.com\/fr\/blog\/nuevo-grupo-electrogeno-compact\/","title":{"rendered":"Nuevo grupo electr\u00f3geno: INMESOL COMPACT"},"content":{"rendered":"\n<p>INMESOL pone a disposici\u00f3n de sus clientes nuevos modelos de grupo electr\u00f3geno insonorizados, compactos y ligeros, con el eficiente motor Diesel Kubota Z482 refrigerado por agua. Se trata de grupos aptos para aplicaciones de continua y de emergencia.<\/p>\n\n\n\n<p>Los nuevos modelos est\u00e1n disponibles en versiones mono y trif\u00e1sicas, y tanto a 1500rpm como a 3000rpm.<\/p>\n\n\n\n<p>El chasis de estos grupos incorpora un dep\u00f3sito de combustible de 80 litros, con el que se consigue una autonom\u00eda de m\u00e1s de 100 horas en cualquiera de las versiones disponibles.<\/p>\n\n\n\n<p>Cuenta adem\u00e1s con amplias puertas laterales para permitir un \u00f3ptimo acceso a los puntos de servicio.<\/p>\n\n\n\n<p>El cuadro de control de estos modelos est\u00e1 equipado con un controlador digital con diversas funcionalidades como arranque mediante se\u00f1al externa, monitorizaci\u00f3n del nivel de combustible, lectura de tensi\u00f3n, frecuencia e intensidad generadas, puerto RS485 para comunicaci\u00f3n mediante protocolo MODBUS, programador horario, etc.<\/p>\n\n\n\n<figure class=\"wp-block-image aligncenter size-full\"><img fetchpriority=\"high\" decoding=\"async\" width=\"571\" height=\"500\" src=\"https:\/\/www.inmesol.com\/wp-content\/uploads\/2024\/10\/grupo-electrogeno-compact-inmesol.jpg\" alt=\"grupo electrogeno compact\" class=\"wp-image-12459\" title=\"\" srcset=\"https:\/\/www.inmesol.com\/wp-content\/uploads\/2024\/10\/grupo-electrogeno-compact-inmesol.jpg 571w, https:\/\/www.inmesol.com\/wp-content\/uploads\/2024\/10\/grupo-electrogeno-compact-inmesol-300x263.jpg 300w\" sizes=\"(max-width: 571px) 100vw, 571px\" \/><\/figure>\n\n\n\n<p>El motor Kubota Z482 destaca frente a sus competidores por su fiabilidad, su bajo consumo de combustible y su baja rumorosidad. La regulaci\u00f3n electr\u00f3nica del motor junto con el AVR del alternador aseguran el mejor comportamiento de la tensi\u00f3n y frecuencia de salida en cualquier aplicaci\u00f3n.<\/p>\n\n\n\n<h2 class=\"wp-block-heading\"><strong>MODELOS Y PRESTACIONES<\/strong><\/h2>\n\n\n\n<figure class=\"wp-block-image size-full\"><img decoding=\"async\" width=\"1017\" height=\"312\" data-src=\"https:\/\/www.inmesol.com\/wp-content\/uploads\/2024\/10\/modelos-prestaciones-grupo-electrogeno-compact.jpg\" alt=\"modelos y prestaciones grupo electrogeno\" class=\"wp-image-12468 lazyload\" title=\"\" data-srcset=\"https:\/\/www.inmesol.com\/wp-content\/uploads\/2024\/10\/modelos-prestaciones-grupo-electrogeno-compact.jpg 1017w, https:\/\/www.inmesol.com\/wp-content\/uploads\/2024\/10\/modelos-prestaciones-grupo-electrogeno-compact-300x92.jpg 300w, https:\/\/www.inmesol.com\/wp-content\/uploads\/2024\/10\/modelos-prestaciones-grupo-electrogeno-compact-768x236.jpg 768w\" data-sizes=\"auto\" src=\"data:image\/svg+xml;base64,PHN2ZyB3aWR0aD0iMSIgaGVpZ2h0PSIxIiB4bWxucz0iaHR0cDovL3d3dy53My5vcmcvMjAwMC9zdmciPjwvc3ZnPg==\" style=\"--smush-placeholder-width: 1017px; --smush-placeholder-aspect-ratio: 1017\/312;\" data-original-sizes=\"(max-width: 1017px) 100vw, 1017px\" \/><\/figure>\n\n\n\n<p><\/p>\n\n\n\n<h2 class=\"wp-block-heading\">DIMENSIONES Y PESO<\/h2>\n\n\n\n<figure class=\"wp-block-image size-large\"><img decoding=\"async\" width=\"1024\" height=\"494\" data-src=\"https:\/\/www.inmesol.com\/wp-content\/uploads\/2024\/10\/dimensiones-nuevo-generador-electrico-1024x494.jpg\" alt=\"dimensiones\" class=\"wp-image-12471 lazyload\" title=\"\" data-srcset=\"https:\/\/www.inmesol.com\/wp-content\/uploads\/2024\/10\/dimensiones-nuevo-generador-electrico-1024x494.jpg 1024w, https:\/\/www.inmesol.com\/wp-content\/uploads\/2024\/10\/dimensiones-nuevo-generador-electrico-300x145.jpg 300w, https:\/\/www.inmesol.com\/wp-content\/uploads\/2024\/10\/dimensiones-nuevo-generador-electrico-768x371.jpg 768w, https:\/\/www.inmesol.com\/wp-content\/uploads\/2024\/10\/dimensiones-nuevo-generador-electrico.jpg 1053w\" data-sizes=\"auto\" src=\"data:image\/svg+xml;base64,PHN2ZyB3aWR0aD0iMSIgaGVpZ2h0PSIxIiB4bWxucz0iaHR0cDovL3d3dy53My5vcmcvMjAwMC9zdmciPjwvc3ZnPg==\" style=\"--smush-placeholder-width: 1024px; --smush-placeholder-aspect-ratio: 1024\/494;\" data-original-sizes=\"(max-width: 1024px) 100vw, 1024px\" \/><\/figure>\n","protected":false},"excerpt":{"rendered":"<p>Nuevos equipos compactos INMESOL: grupos electr\u00f3genos dise\u00f1ados para ofrecer rendimiento y fiabilidad en cualquier entorno. Equipados con el motor Di\u00e9sel Kubota Z482, estos generadores destacan por su eficiencia energ\u00e9tica, bajo consumo y ruido reducido.<\/p>\n","protected":false},"author":5,"featured_media":12447,"comment_status":"closed","ping_status":"closed","sticky":false,"template":"","format":"standard","meta":{"inline_featured_image":false,"footnotes":""},"categories":[21,32],"tags":[],"categorias-smart-power-":[],"paises-":[],"class_list":["post-12511","post","type-post","status-publish","format-standard","has-post-thumbnail","hentry","category-grupos-electrogenos","category-espanol"],"_links":{"self":[{"href":"https:\/\/www.inmesol.com\/fr\/wp-json\/wp\/v2\/posts\/12511","targetHints":{"allow":["GET"]}}],"collection":[{"href":"https:\/\/www.inmesol.com\/fr\/wp-json\/wp\/v2\/posts"}],"about":[{"href":"https:\/\/www.inmesol.com\/fr\/wp-json\/wp\/v2\/types\/post"}],"author":[{"embeddable":true,"href":"https:\/\/www.inmesol.com\/fr\/wp-json\/wp\/v2\/users\/5"}],"replies":[{"embeddable":true,"href":"https:\/\/www.inmesol.com\/fr\/wp-json\/wp\/v2\/comments?post=12511"}],"version-history":[{"count":0,"href":"https:\/\/www.inmesol.com\/fr\/wp-json\/wp\/v2\/posts\/12511\/revisions"}],"wp:featuredmedia":[{"embeddable":true,"href":"https:\/\/www.inmesol.com\/fr\/wp-json\/wp\/v2\/media\/12447"}],"wp:attachment":[{"href":"https:\/\/www.inmesol.com\/fr\/wp-json\/wp\/v2\/media?parent=12511"}],"wp:term":[{"taxonomy":"category","embeddable":true,"href":"https:\/\/www.inmesol.com\/fr\/wp-json\/wp\/v2\/categories?post=12511"},{"taxonomy":"post_tag","embeddable":true,"href":"https:\/\/www.inmesol.com\/fr\/wp-json\/wp\/v2\/tags?post=12511"},{"taxonomy":"categorias-smart-power-","embeddable":true,"href":"https:\/\/www.inmesol.com\/fr\/wp-json\/wp\/v2\/categorias-smart-power-?post=12511"},{"taxonomy":"paises-","embeddable":true,"href":"https:\/\/www.inmesol.com\/fr\/wp-json\/wp\/v2\/paises-?post=12511"}],"curies":[{"name":"wp","href":"https:\/\/api.w.org\/{rel}","templated":true}]}}