{"id":12891,"date":"2024-12-19T12:22:48","date_gmt":"2024-12-19T12:22:48","guid":{"rendered":"https:\/\/www.inmesol.com\/?p=12891"},"modified":"2024-12-19T12:22:51","modified_gmt":"2024-12-19T12:22:51","slug":"nueva-gama-de-grupos-electrogenos-de-emergencia","status":"publish","type":"post","link":"https:\/\/www.inmesol.com\/fr\/blog\/nueva-gama-de-grupos-electrogenos-de-emergencia\/","title":{"rendered":"Nueva gama de grupos electr\u00f3genos de emergencia"},"content":{"rendered":"\n<p>En INMESOL hemos concebido una nueva gama de <strong>grupos electr\u00f3genos de emergencia insonorizados<\/strong>, para poder atender la demanda de determinados mercados que necesitan grupos espec\u00edficos para aplicaciones de respaldo, frente a fallos de red.<\/p>\n\n\n\n<p>Los grupos de la <strong>nueva Gama Emergencia<\/strong> de INMESOL, cuentan con un <strong>chasis estanco<\/strong> con <strong>dep\u00f3sito de combustible integrado ampliable<\/strong>. Est\u00e1n equipados con motores Baudouin, FPT-Iveco o Deutz y alternadores Leroy Somer. El cuadro de control est\u00e1 integrado en la carrocer\u00eda del grupo electr\u00f3geno y cuenta con un controlador DSE6120MKIII con funci\u00f3n AMF. Est\u00e1 preparado para la conexi\u00f3n a un cuadro externo de solo conmutaci\u00f3n (LTS), aunque tambi\u00e9n se puede poner en marcha manualmente o mediante se\u00f1al externa.<\/p>\n\n\n\n<p>Estos equipos est\u00e1n disponibles en <strong>versiones <\/strong>tanto<strong> <\/strong>de <strong>50Hz<\/strong> como de <strong>60Hz<\/strong>.<\/p>\n\n\n\n<p><a href=\"https:\/\/www.inmesol.com\/contacto\/\">Contacte<\/a> con nuestra fuerza de ventas para conocer m\u00e1s en detalle esta Gama Emergencia. Le podr\u00e1n informar sobre los rangos de potencias, alcance de suministro, accesorios disponibles, caracter\u00edsticas t\u00e9cnicas, etc.<\/p>\n","protected":false},"excerpt":{"rendered":"<p>En INMESOL hemos concebido una nueva gama de grupos electr\u00f3genos de emergencia insonorizados, para poder atender la demanda de determinados mercados que necesitan grupos espec\u00edficos para aplicaciones de respaldo, frente a fallos de red. Los grupos de la nueva Gama Emergencia de INMESOL, cuentan con un chasis estanco con dep\u00f3sito de combustible integrado ampliable. Est\u00e1n [&hellip;]<\/p>\n","protected":false},"author":5,"featured_media":12892,"comment_status":"closed","ping_status":"closed","sticky":false,"template":"","format":"standard","meta":{"inline_featured_image":false,"footnotes":""},"categories":[32,21],"tags":[20,23],"categorias-smart-power-":[],"paises-":[],"class_list":["post-12891","post","type-post","status-publish","format-standard","has-post-thumbnail","hentry","category-espanol","category-grupos-electrogenos","tag-grupo-electrogeno-insonorizado","tag-grupos-electrogenos-de-emergencia"],"_links":{"self":[{"href":"https:\/\/www.inmesol.com\/fr\/wp-json\/wp\/v2\/posts\/12891","targetHints":{"allow":["GET"]}}],"collection":[{"href":"https:\/\/www.inmesol.com\/fr\/wp-json\/wp\/v2\/posts"}],"about":[{"href":"https:\/\/www.inmesol.com\/fr\/wp-json\/wp\/v2\/types\/post"}],"author":[{"embeddable":true,"href":"https:\/\/www.inmesol.com\/fr\/wp-json\/wp\/v2\/users\/5"}],"replies":[{"embeddable":true,"href":"https:\/\/www.inmesol.com\/fr\/wp-json\/wp\/v2\/comments?post=12891"}],"version-history":[{"count":0,"href":"https:\/\/www.inmesol.com\/fr\/wp-json\/wp\/v2\/posts\/12891\/revisions"}],"wp:featuredmedia":[{"embeddable":true,"href":"https:\/\/www.inmesol.com\/fr\/wp-json\/wp\/v2\/media\/12892"}],"wp:attachment":[{"href":"https:\/\/www.inmesol.com\/fr\/wp-json\/wp\/v2\/media?parent=12891"}],"wp:term":[{"taxonomy":"category","embeddable":true,"href":"https:\/\/www.inmesol.com\/fr\/wp-json\/wp\/v2\/categories?post=12891"},{"taxonomy":"post_tag","embeddable":true,"href":"https:\/\/www.inmesol.com\/fr\/wp-json\/wp\/v2\/tags?post=12891"},{"taxonomy":"categorias-smart-power-","embeddable":true,"href":"https:\/\/www.inmesol.com\/fr\/wp-json\/wp\/v2\/categorias-smart-power-?post=12891"},{"taxonomy":"paises-","embeddable":true,"href":"https:\/\/www.inmesol.com\/fr\/wp-json\/wp\/v2\/paises-?post=12891"}],"curies":[{"name":"wp","href":"https:\/\/api.w.org\/{rel}","templated":true}]}}