{"id":13295,"date":"2025-02-03T10:36:51","date_gmt":"2025-02-03T10:36:51","guid":{"rendered":"https:\/\/www.inmesol.com\/?p=13295"},"modified":"2025-02-03T10:36:54","modified_gmt":"2025-02-03T10:36:54","slug":"energia-confiable-para-proyectos-extraordinarios","status":"publish","type":"post","link":"https:\/\/www.inmesol.com\/fr\/blog\/energia-confiable-para-proyectos-extraordinarios\/","title":{"rendered":"Energ\u00eda confiable para proyectos extraordinarios"},"content":{"rendered":"\n<p>Desde\u00a0<strong>INMESOL<\/strong>, seguimos llevando potencia y tecnolog\u00eda de vanguardia a las industrias mexicanas con la instalaci\u00f3n de nuestros grupos electr\u00f3genos de\u00a0<strong>1 MW<\/strong>, en colaboraci\u00f3n con nuestro distribuidor\u00a0<strong>ERLUX POWER GROUP S.A. DE C.V.<\/strong>.<\/p>\n\n\n\n<p>Especialistas en la renta de generadores para todo tipo de proyectos,&nbsp;<strong>ERLUX<\/strong>&nbsp;garantiza soluciones sincronizables con capacidad de hasta&nbsp;<strong>23 MW<\/strong>, adapt\u00e1ndose a las demandas m\u00e1s exigentes de M\u00e9xico.<\/p>\n\n\n\n<p>Juntos, iluminamos el camino hacia un futuro lleno de energ\u00eda.<\/p>\n\n\n\n<div style=\"height:35px\" aria-hidden=\"true\" class=\"wp-block-spacer\"><\/div>\n\n\n\n<figure class=\"wp-block-image size-full\"><img fetchpriority=\"high\" decoding=\"async\" width=\"890\" height=\"527\" src=\"https:\/\/www.inmesol.com\/wp-content\/uploads\/2025\/02\/transporte-grupos-electrogenos-erlux-mexico.jpg\" alt=\"transporte grupos electrogenos erlux mexico\" class=\"wp-image-13297\" title=\"\" srcset=\"https:\/\/www.inmesol.com\/wp-content\/uploads\/2025\/02\/transporte-grupos-electrogenos-erlux-mexico.jpg 890w, https:\/\/www.inmesol.com\/wp-content\/uploads\/2025\/02\/transporte-grupos-electrogenos-erlux-mexico-300x178.jpg 300w, https:\/\/www.inmesol.com\/wp-content\/uploads\/2025\/02\/transporte-grupos-electrogenos-erlux-mexico-768x455.jpg 768w\" sizes=\"(max-width: 890px) 100vw, 890px\" \/><\/figure>\n","protected":false},"excerpt":{"rendered":"<p>Desde\u00a0INMESOL, seguimos llevando potencia y tecnolog\u00eda de vanguardia a las industrias mexicanas con la instalaci\u00f3n de nuestros grupos electr\u00f3genos de\u00a01 MW, en colaboraci\u00f3n con nuestro distribuidor\u00a0ERLUX POWER GROUP S.A. DE C.V.. Especialistas en la renta de generadores para todo tipo de proyectos,&nbsp;ERLUX&nbsp;garantiza soluciones sincronizables con capacidad de hasta&nbsp;23 MW, adapt\u00e1ndose a las demandas m\u00e1s exigentes [&hellip;]<\/p>\n","protected":false},"author":5,"featured_media":13300,"comment_status":"closed","ping_status":"closed","sticky":false,"template":"","format":"standard","meta":{"inline_featured_image":false,"footnotes":""},"categories":[32,26],"tags":[],"categorias-smart-power-":[],"paises-":[],"class_list":["post-13295","post","type-post","status-publish","format-standard","has-post-thumbnail","hentry","category-espanol","category-distribuidores"],"_links":{"self":[{"href":"https:\/\/www.inmesol.com\/fr\/wp-json\/wp\/v2\/posts\/13295","targetHints":{"allow":["GET"]}}],"collection":[{"href":"https:\/\/www.inmesol.com\/fr\/wp-json\/wp\/v2\/posts"}],"about":[{"href":"https:\/\/www.inmesol.com\/fr\/wp-json\/wp\/v2\/types\/post"}],"author":[{"embeddable":true,"href":"https:\/\/www.inmesol.com\/fr\/wp-json\/wp\/v2\/users\/5"}],"replies":[{"embeddable":true,"href":"https:\/\/www.inmesol.com\/fr\/wp-json\/wp\/v2\/comments?post=13295"}],"version-history":[{"count":0,"href":"https:\/\/www.inmesol.com\/fr\/wp-json\/wp\/v2\/posts\/13295\/revisions"}],"wp:featuredmedia":[{"embeddable":true,"href":"https:\/\/www.inmesol.com\/fr\/wp-json\/wp\/v2\/media\/13300"}],"wp:attachment":[{"href":"https:\/\/www.inmesol.com\/fr\/wp-json\/wp\/v2\/media?parent=13295"}],"wp:term":[{"taxonomy":"category","embeddable":true,"href":"https:\/\/www.inmesol.com\/fr\/wp-json\/wp\/v2\/categories?post=13295"},{"taxonomy":"post_tag","embeddable":true,"href":"https:\/\/www.inmesol.com\/fr\/wp-json\/wp\/v2\/tags?post=13295"},{"taxonomy":"categorias-smart-power-","embeddable":true,"href":"https:\/\/www.inmesol.com\/fr\/wp-json\/wp\/v2\/categorias-smart-power-?post=13295"},{"taxonomy":"paises-","embeddable":true,"href":"https:\/\/www.inmesol.com\/fr\/wp-json\/wp\/v2\/paises-?post=13295"}],"curies":[{"name":"wp","href":"https:\/\/api.w.org\/{rel}","templated":true}]}}