{"id":14234,"date":"2025-09-08T15:43:13","date_gmt":"2025-09-08T15:43:13","guid":{"rendered":"https:\/\/www.inmesol.com\/?p=14234"},"modified":"2025-09-08T15:50:33","modified_gmt":"2025-09-08T15:50:33","slug":"inmesol-estara-presente-en-matelec-2025","status":"publish","type":"post","link":"https:\/\/www.inmesol.com\/fr\/blog\/inmesol-estara-presente-en-matelec-2025\/","title":{"rendered":"Inmesol estar\u00e1 presente en Matelec 2025"},"content":{"rendered":"\n<h3 class=\"wp-block-heading\">\u00bfD\u00f3nde visitarnos?<\/h3>\n\n\n\n<p>En Matelec, Recinto ferial IFEMA, pabell\u00f3n 6 stand 6C05A.<\/p>\n\n\n\n<h3 class=\"wp-block-heading\">\u00bfCu\u00e1ndo visitarnos?<\/h3>\n\n\n\n<p>18, 19 y 20 de noviembre de 2025.<\/p>\n\n\n\n<h3 class=\"wp-block-heading\">\u00bfPor qu\u00e9 visitarnos?<\/h3>\n\n\n\n<p>M\u00e1s de treinta a\u00f1os de trayectoria y presencia en casi cien pa\u00edses nos avalan.<\/p>\n\n\n\n<h3 class=\"wp-block-heading\">\u00bfQu\u00e9 podr\u00e1s ver?<\/h3>\n\n\n\n<p>Informaci\u00f3n profesional y amplia selecci\u00f3n de nuestros equipos:<\/p>\n\n\n\n<p>Grupos electr\u00f3genos, generadores port\u00e1tiles y torres de iluminaci\u00f3n.<\/p>\n","protected":false},"excerpt":{"rendered":"<p>\u00bfD\u00f3nde visitarnos? En Matelec, Recinto ferial IFEMA, pabell\u00f3n 6 stand 6C05A. \u00bfCu\u00e1ndo visitarnos? 18, 19 y 20 de noviembre de 2025. \u00bfPor qu\u00e9 visitarnos? M\u00e1s de treinta a\u00f1os de trayectoria y presencia en casi cien pa\u00edses nos avalan. \u00bfQu\u00e9 podr\u00e1s ver? Informaci\u00f3n profesional y amplia selecci\u00f3n de nuestros equipos: Grupos electr\u00f3genos, generadores port\u00e1tiles y torres [&hellip;]<\/p>\n","protected":false},"author":5,"featured_media":14239,"comment_status":"closed","ping_status":"closed","sticky":false,"template":"","format":"standard","meta":{"inline_featured_image":false,"footnotes":""},"categories":[32,19],"tags":[],"categorias-smart-power-":[],"paises-":[],"class_list":["post-14234","post","type-post","status-publish","format-standard","has-post-thumbnail","hentry","category-espanol","category-ferias-eventos"],"_links":{"self":[{"href":"https:\/\/www.inmesol.com\/fr\/wp-json\/wp\/v2\/posts\/14234","targetHints":{"allow":["GET"]}}],"collection":[{"href":"https:\/\/www.inmesol.com\/fr\/wp-json\/wp\/v2\/posts"}],"about":[{"href":"https:\/\/www.inmesol.com\/fr\/wp-json\/wp\/v2\/types\/post"}],"author":[{"embeddable":true,"href":"https:\/\/www.inmesol.com\/fr\/wp-json\/wp\/v2\/users\/5"}],"replies":[{"embeddable":true,"href":"https:\/\/www.inmesol.com\/fr\/wp-json\/wp\/v2\/comments?post=14234"}],"version-history":[{"count":0,"href":"https:\/\/www.inmesol.com\/fr\/wp-json\/wp\/v2\/posts\/14234\/revisions"}],"wp:featuredmedia":[{"embeddable":true,"href":"https:\/\/www.inmesol.com\/fr\/wp-json\/wp\/v2\/media\/14239"}],"wp:attachment":[{"href":"https:\/\/www.inmesol.com\/fr\/wp-json\/wp\/v2\/media?parent=14234"}],"wp:term":[{"taxonomy":"category","embeddable":true,"href":"https:\/\/www.inmesol.com\/fr\/wp-json\/wp\/v2\/categories?post=14234"},{"taxonomy":"post_tag","embeddable":true,"href":"https:\/\/www.inmesol.com\/fr\/wp-json\/wp\/v2\/tags?post=14234"},{"taxonomy":"categorias-smart-power-","embeddable":true,"href":"https:\/\/www.inmesol.com\/fr\/wp-json\/wp\/v2\/categorias-smart-power-?post=14234"},{"taxonomy":"paises-","embeddable":true,"href":"https:\/\/www.inmesol.com\/fr\/wp-json\/wp\/v2\/paises-?post=14234"}],"curies":[{"name":"wp","href":"https:\/\/api.w.org\/{rel}","templated":true}]}}