{"id":14660,"date":"2025-11-27T12:21:23","date_gmt":"2025-11-27T12:21:23","guid":{"rendered":"https:\/\/www.inmesol.com\/?p=14660"},"modified":"2025-11-27T12:28:56","modified_gmt":"2025-11-27T12:28:56","slug":"inmesol-en-la-feria-matelec-2025","status":"publish","type":"post","link":"https:\/\/www.inmesol.com\/fr\/blog\/inmesol-en-la-feria-matelec-2025\/","title":{"rendered":"INMESOL en la feria Matelec 2025"},"content":{"rendered":"\n<p>INMESOL ha participado como expositor en la feria MATELEC (Semana Internacional de la electrificaci\u00f3n y descarbonizaci\u00f3n), un referente a nivel nacional e internacional. La edici\u00f3n de este a\u00f1o ha sido todo un \u00e9xito, con una gran afluencia de p\u00fablico y numerosas visitas de clientes tanto nacionales como internacionales.<br><br>Fuimos el \u00fanico fabricante y proveedor de grupos electr\u00f3genos y torres de iluminaci\u00f3n presente en el evento, reforzando nuestro compromiso con el sector energ\u00e9tico y con el medio ambiente. Nuestras soluciones ofrecen la m\u00e1xima eficiencia energ\u00e9tica y cumplen con los requisitos medioambientales m\u00e1s exigentes.<\/p>\n\n\n\n<figure class=\"wp-block-image size-full\"><img fetchpriority=\"high\" decoding=\"async\" width=\"800\" height=\"1000\" src=\"https:\/\/www.inmesol.com\/wp-content\/uploads\/2025\/11\/inmesol-matelec-2025.jpg\" alt=\"inmesol matelec 2025\" class=\"wp-image-14661\" title=\"\" srcset=\"https:\/\/www.inmesol.com\/wp-content\/uploads\/2025\/11\/inmesol-matelec-2025.jpg 800w, https:\/\/www.inmesol.com\/wp-content\/uploads\/2025\/11\/inmesol-matelec-2025-240x300.jpg 240w, https:\/\/www.inmesol.com\/wp-content\/uploads\/2025\/11\/inmesol-matelec-2025-768x960.jpg 768w\" sizes=\"(max-width: 800px) 100vw, 800px\" \/><\/figure>\n\n\n\n<p><\/p>\n","protected":false},"excerpt":{"rendered":"<p>INMESOL ha participado como expositor en la feria MATELEC (Semana Internacional de la electrificaci\u00f3n y descarbonizaci\u00f3n), un referente a nivel nacional e internacional. La edici\u00f3n de este a\u00f1o ha sido todo un \u00e9xito, con una gran afluencia de p\u00fablico y numerosas visitas de clientes tanto nacionales como internacionales. Fuimos el \u00fanico fabricante y proveedor de [&hellip;]<\/p>\n","protected":false},"author":5,"featured_media":14670,"comment_status":"closed","ping_status":"closed","sticky":false,"template":"","format":"standard","meta":{"inline_featured_image":false,"footnotes":""},"categories":[32,19],"tags":[],"categorias-smart-power-":[],"paises-":[],"class_list":["post-14660","post","type-post","status-publish","format-standard","has-post-thumbnail","hentry","category-espanol","category-ferias-eventos"],"_links":{"self":[{"href":"https:\/\/www.inmesol.com\/fr\/wp-json\/wp\/v2\/posts\/14660","targetHints":{"allow":["GET"]}}],"collection":[{"href":"https:\/\/www.inmesol.com\/fr\/wp-json\/wp\/v2\/posts"}],"about":[{"href":"https:\/\/www.inmesol.com\/fr\/wp-json\/wp\/v2\/types\/post"}],"author":[{"embeddable":true,"href":"https:\/\/www.inmesol.com\/fr\/wp-json\/wp\/v2\/users\/5"}],"replies":[{"embeddable":true,"href":"https:\/\/www.inmesol.com\/fr\/wp-json\/wp\/v2\/comments?post=14660"}],"version-history":[{"count":0,"href":"https:\/\/www.inmesol.com\/fr\/wp-json\/wp\/v2\/posts\/14660\/revisions"}],"wp:featuredmedia":[{"embeddable":true,"href":"https:\/\/www.inmesol.com\/fr\/wp-json\/wp\/v2\/media\/14670"}],"wp:attachment":[{"href":"https:\/\/www.inmesol.com\/fr\/wp-json\/wp\/v2\/media?parent=14660"}],"wp:term":[{"taxonomy":"category","embeddable":true,"href":"https:\/\/www.inmesol.com\/fr\/wp-json\/wp\/v2\/categories?post=14660"},{"taxonomy":"post_tag","embeddable":true,"href":"https:\/\/www.inmesol.com\/fr\/wp-json\/wp\/v2\/tags?post=14660"},{"taxonomy":"categorias-smart-power-","embeddable":true,"href":"https:\/\/www.inmesol.com\/fr\/wp-json\/wp\/v2\/categorias-smart-power-?post=14660"},{"taxonomy":"paises-","embeddable":true,"href":"https:\/\/www.inmesol.com\/fr\/wp-json\/wp\/v2\/paises-?post=14660"}],"curies":[{"name":"wp","href":"https:\/\/api.w.org\/{rel}","templated":true}]}}