{"id":1890,"date":"2013-12-27T21:49:27","date_gmt":"2013-12-27T20:49:27","guid":{"rendered":"http:\/\/www.inmesol.es\/blog\/?p=1890"},"modified":"2023-06-21T10:18:46","modified_gmt":"2023-06-21T10:18:46","slug":"andre-geim-y-konstantin-novoselov-los-padres-del-grafeno","status":"publish","type":"post","link":"https:\/\/www.inmesol.com\/fr\/blog\/andre-geim-y-konstantin-novoselov-los-padres-del-grafeno\/","title":{"rendered":"Andre Geim y Konstantin Novoselov, los padres del grafeno"},"content":{"rendered":"<p><strong>En 2010 recibieron el Premio Nobel de F\u00edsica por los experimentos realizados con este material excepcional<\/strong><\/p>\n<h2>Los cient\u00edficos<\/h2>\n<figure id=\"attachment_1885\" aria-describedby=\"caption-attachment-1885\" style=\"width: 150px\" class=\"wp-caption alignleft\"><img decoding=\"async\" class=\"size-full wp-image-1885 lazyload\" data-src=\"\/wp-content\/uploads\/2013\/12\/andre-geim-y-konstantin-novoselov-los-padres-del-grafeno.jpg\" alt=\"Andre_Geim\" width=\"150\" height=\"150\" title=\"\" src=\"data:image\/svg+xml;base64,PHN2ZyB3aWR0aD0iMSIgaGVpZ2h0PSIxIiB4bWxucz0iaHR0cDovL3d3dy53My5vcmcvMjAwMC9zdmciPjwvc3ZnPg==\" style=\"--smush-placeholder-width: 150px; --smush-placeholder-aspect-ratio: 150\/150;\"><figcaption id=\"caption-attachment-1885\" class=\"wp-caption-text\">Andre Geim<br \/>Autor: Prolineserver \/ Holger Motzkau 2010, (Wikimedia Commons)<\/figcaption><\/figure>\n<figure id=\"attachment_1886\" aria-describedby=\"caption-attachment-1886\" style=\"width: 150px\" class=\"wp-caption alignleft\"><img decoding=\"async\" class=\"size-full wp-image-1886 lazyload\" data-src=\"\/wp-content\/uploads\/2013\/12\/1_andre-geim-y-konstantin-novoselov-los-padres-del-grafeno.jpg\" alt=\"Konstantin_Novoselov\" width=\"150\" height=\"150\" title=\"\" src=\"data:image\/svg+xml;base64,PHN2ZyB3aWR0aD0iMSIgaGVpZ2h0PSIxIiB4bWxucz0iaHR0cDovL3d3dy53My5vcmcvMjAwMC9zdmciPjwvc3ZnPg==\" style=\"--smush-placeholder-width: 150px; --smush-placeholder-aspect-ratio: 150\/150;\"><figcaption id=\"caption-attachment-1886\" class=\"wp-caption-text\">Konstantin Novoselov<br \/>Autor: Zp2010 (Wikimedia Commons)<br \/>\u00b7<\/figcaption><\/figure>\n<p>Los cient\u00edficos de origen ruso Andre Geim y Konstantin Novoselov estaban trabajando en la <strong>Universidad de Manchester<\/strong> (Reino Unido) cuando recibieron la noticia de que se les hab\u00eda concedido <strong>el Nobel de F\u00edsica por sus investigaciones<\/strong> sobre el grafeno. <strong>Seis a\u00f1os antes<\/strong>, en 2004, <strong>lo hab\u00edan descubierto juntos<\/strong>. <strong>Andre Geim<\/strong> naci\u00f3 en 1958, realiz\u00f3 los estudios de secundaria en una escuela de habla inglesa y, posteriormente, en el Instituto de F\u00edsica y Tecnolog\u00eda de Mosc\u00fa y en la Academia de Ciencias de Rusia, especializ\u00e1ndose en f\u00edsica de metales. <strong>Konstantin Novoselov<\/strong> naci\u00f3 en 1974 y estudi\u00f3 en la Universidad de F\u00edsica T\u00e9cnica de Mosc\u00fa. Al terminar la carrera decidi\u00f3 realizar su tesis doctoral con Geim, por lo que se traslad\u00f3 a Holanda, donde resid\u00eda su tutor. Posteriormente, cuando Geim se fue a vivir a Manchester, su disc\u00edpulo, una vez m\u00e1s, decidi\u00f3 seguir sus pasos para continuar trabajando conjuntamente. Actualmente, Andre Geim tiene la nacionalidad holandesa y Konstantin Novoselov tiene doble nacionalidad , la rusa y la brit\u00e1nica.<\/p>\n<p>&nbsp;<\/p>\n<h2>Su descubrimiento<\/h2>\n<p>Geim y Novoselov ten\u00edan por costumbre dedicar unas horas todos los viernes \u2013una vez cumplido su trabajo semanal habitual\u2013 a experimentar en el laboratorio con ideas nuevas. Fue <strong>en una de estas sesiones<\/strong> cuando <strong>obtuvieron, a partir del grafito<\/strong>, una forma bidimensional del carbono que ha resultado ser el material m\u00e1s fino (una \u00fanica capa de un \u00e1tomo de grosor) y resistente a la vez, flexible, duro, transparente, extraordinariamente liviano y el mejor conductor de la electricidad. Hab\u00edan descubierto el grafeno. En este blog <strong>hemos publicado dos art\u00edculos<\/strong> sobre las peculiaridades, las aplicaciones y algunos grupos de trabajo que han surgido desde entonces en todo el mundo <strong>sobre el grafeno<\/strong>: <a href=\"http:\/\/www.inmesol.es\/blog\/el-grafeno-un-material-que-cambiara-nuestro-mundo\" target=\"_blank\" rel=\"noopener\">El grafeno, un material que cambiar\u00e1 nuestro mundo<\/a>, <a href=\"http:\/\/www.inmesol.es\/blog\/el-grafeno-ultimas-novedades-parte-ii\" target=\"_blank\" rel=\"noopener\">El grafeno, \u00faltimas novedades (II)<\/a><\/p>\n<h3>\u00daltimas noticias relacionadas<\/h3>\n<p>Hasta ahora, <b>uno de los retos<\/b> con el que se estaban topando los investigadores era simplificar el complejo <b>proceso de la obtenci\u00f3n del grafeno a partir del grafito<\/b> <b>y<\/b> <b>conseguir la pureza requerida<\/b> para cada una de sus aplicaciones. La semana pasada, sin embargo, un grupo de investigadores del Instituto de Tecnolog\u00eda de Massachusetts (MIT) y de la Universidad de California en Berkeley anunci\u00f3 que <strong>han desarrollado <\/strong>un m\u00e9todo simple que permitir\u00e1 solventar este obst\u00e1culo, y<strong> a bajo coste<\/strong>.<\/p>\n<h3>El problema<\/h3>\n<p>El grafeno <strong>en estado puro carece de algunas caracter\u00edsticas<\/strong> que resultan imprescindibles para, por ejemplo, los dispositivos electr\u00f3nicos. <strong>Resulta necesario a\u00f1adirle \u00e1tomos de ox\u00edgeno<\/strong> al material <strong>para modificarlo<\/strong> y que proporcione las propiedades requeridas en cada caso. Los m\u00e9todos que se estaban utilizando para ello presentaban un problema: <strong>los \u00e1tomos quedaban distribuidos por la superficie del grafeno de manera impredecible<\/strong>, por lo que hab\u00eda que realizar un tratamiento a temperaturas de 700 a 900 grados Celsius o utilizar productos qu\u00edmicos agresivos perjudiciales para el medio ambiente.<\/p>\n<h3>La soluci\u00f3n<\/h3>\n<p><strong><img fetchpriority=\"high\" decoding=\"async\" class=\"alignleft size-full wp-image-1887\" src=\"\/wp-content\/uploads\/2013\/12\/2_andre-geim-y-konstantin-novoselov-los-padres-del-grafeno.jpg\" alt=\"los-padres-del-grafeno-galeria\" width=\"300\" height=\"233\" title=\"\">El nuevo m\u00e9todo<\/strong> \u2013 publicado en <i>Nature<\/i>\u2013 <strong>expone el material a temperaturas de entre 50 y 80 grados Celsius sin que haya que someterlo a tratamientos qu\u00edmicos<\/strong> y puede emplearse a gran escala, lo que facilita enormemente las aplicaciones comerciales. Adem\u00e1s, el proceso modifica la distribuci\u00f3n de los \u00e1tomos de ox\u00edgeno agrup\u00e1ndolos y dejando al mismo tiempo <strong>\u00e1reas de grafeno puro <\/strong>entre esas agrupaciones, lo cual es fundamental para sus aplicaciones en <strong>la electr\u00f3nica<\/strong>. Los investigadores tambi\u00e9n han observado que con este tratamiento <strong>aumenta <\/strong>considerablemente <strong>la capacidad del grafeno para absorber la luz visible<\/strong>; una mejora que lo hace id\u00f3neo para las c\u00e9lulas solares.<\/p>\n<p>&nbsp;<\/p>\n<h2>Curiosidades<\/h2>\n<p>El descubrimiento del grafeno se produjo en unas circunstancias particulares: Geim y Novoselov no utilizaron equipos sofisticados ni un procedimiento extraordinariamente complejo. <strong>Bast\u00f3 una cinta altamente adhesiva con la que fueron extrayendo l\u00e1minas de grafito<\/strong> (el material de las minas de los l\u00e1pices) <strong>y un soporte de silicio<\/strong>. Eso s\u00ed, supieron ver lo que estaban descubriendo y las m\u00faltiples aplicaciones que podr\u00eda tener. Cuando realizaron el descubrimiento, escribieron un <strong>art\u00edculo<strong> al respecto que fue <strong>rechazado<\/strong> por la revista <i>Nature<\/i>.<\/strong><\/strong><\/p>\n<p>&nbsp;<\/p>\n<h3>En v\u00eddeo<\/h3>\n<div class=\"video-responsive\"><iframe class=\"videoyoutube\" src=\"\" width=\"640\" height=\"360\" frameborder=\"0\" allowfullscreen=\"allowfullscreen\" data-src=\"https:\/\/www.youtube.com\/embed\/3r1zeLEMvxg\"><\/iframe><\/div>\n<p>&nbsp;<\/p>\n","protected":false},"excerpt":{"rendered":"<p>Los cient\u00edficos de origen ruso Andre Geim y Konstantin Novoselov estaban trabajando en la Universidad de Manchester (Reino Unido) cuando recibieron la noticia de que se les hab\u00eda concedido el Nobel de F\u00edsica por sus investigaciones sobre el grafeno. Seis a\u00f1os antes, en 2004, lo hab\u00edan descubierto juntos.<\/p>\n","protected":false},"author":2,"featured_media":1888,"comment_status":"closed","ping_status":"open","sticky":false,"template":"","format":"standard","meta":{"inline_featured_image":false,"footnotes":""},"categories":[27,32],"tags":[],"categorias-smart-power-":[],"paises-":[],"class_list":["post-1890","post","type-post","status-publish","format-standard","has-post-thumbnail","hentry","category-cientificos-cambiaron-cambiaran-mundo","category-espanol"],"_links":{"self":[{"href":"https:\/\/www.inmesol.com\/fr\/wp-json\/wp\/v2\/posts\/1890","targetHints":{"allow":["GET"]}}],"collection":[{"href":"https:\/\/www.inmesol.com\/fr\/wp-json\/wp\/v2\/posts"}],"about":[{"href":"https:\/\/www.inmesol.com\/fr\/wp-json\/wp\/v2\/types\/post"}],"author":[{"embeddable":true,"href":"https:\/\/www.inmesol.com\/fr\/wp-json\/wp\/v2\/users\/2"}],"replies":[{"embeddable":true,"href":"https:\/\/www.inmesol.com\/fr\/wp-json\/wp\/v2\/comments?post=1890"}],"version-history":[{"count":0,"href":"https:\/\/www.inmesol.com\/fr\/wp-json\/wp\/v2\/posts\/1890\/revisions"}],"wp:featuredmedia":[{"embeddable":true,"href":"https:\/\/www.inmesol.com\/fr\/wp-json\/"}],"wp:attachment":[{"href":"https:\/\/www.inmesol.com\/fr\/wp-json\/wp\/v2\/media?parent=1890"}],"wp:term":[{"taxonomy":"category","embeddable":true,"href":"https:\/\/www.inmesol.com\/fr\/wp-json\/wp\/v2\/categories?post=1890"},{"taxonomy":"post_tag","embeddable":true,"href":"https:\/\/www.inmesol.com\/fr\/wp-json\/wp\/v2\/tags?post=1890"},{"taxonomy":"categorias-smart-power-","embeddable":true,"href":"https:\/\/www.inmesol.com\/fr\/wp-json\/wp\/v2\/categorias-smart-power-?post=1890"},{"taxonomy":"paises-","embeddable":true,"href":"https:\/\/www.inmesol.com\/fr\/wp-json\/wp\/v2\/paises-?post=1890"}],"curies":[{"name":"wp","href":"https:\/\/api.w.org\/{rel}","templated":true}]}}