{"id":2691,"date":"2013-11-09T13:39:11","date_gmt":"2013-11-09T12:39:11","guid":{"rendered":"http:\/\/www.inmesol.es\/blog\/?p=1526"},"modified":"2023-06-21T10:19:01","modified_gmt":"2023-06-21T10:19:01","slug":"dia-mundial-de-la-ciencia-para-la-paz-y-el-desarrollo","status":"publish","type":"post","link":"https:\/\/www.inmesol.com\/fr\/blog\/dia-mundial-de-la-ciencia-para-la-paz-y-el-desarrollo\/","title":{"rendered":"D\u00eda Mundial de la Ciencia para la Paz y el Desarrollo"},"content":{"rendered":"<p><img decoding=\"async\" class=\"alignleft size-full wp-image-1525 lazyload\" alt=\"WDSPD-1\" data-src=\"\/wp-content\/uploads\/2013\/11\/dia-mundial-de-la-ciencia-para-la-paz-y-el-desarrollo.jpg\" width=\"86\" height=\"75\" title=\"\" src=\"data:image\/svg+xml;base64,PHN2ZyB3aWR0aD0iMSIgaGVpZ2h0PSIxIiB4bWxucz0iaHR0cDovL3d3dy53My5vcmcvMjAwMC9zdmciPjwvc3ZnPg==\" style=\"--smush-placeholder-width: 86px; --smush-placeholder-aspect-ratio: 86\/75;\">Promovido por la <strong>Unesco<\/strong>, desde 2001 celebramos cada 10 de noviembre el <strong>D\u00eda Mundial de la Ciencia para la Paz y el Desarrollo<\/strong>.<\/p>\n<p>El objetivo \u00faltimo del organismo internacional es <strong>fomentar el conocimiento cient\u00edfico<\/strong> para que podamos aprovechar su aplicaci\u00f3n <strong>en beneficio del desarrollo sostenible y la paz duradera<\/strong>.<\/p>\n<p>&nbsp;<\/p>\n<p style=\"text-align: center;\"><img fetchpriority=\"high\" decoding=\"async\" class=\"wp-image-1523 aligncenter\" alt=\"WDSPD-2\" src=\"\/wp-content\/uploads\/2013\/11\/1_dia-mundial-de-la-ciencia-para-la-paz-y-el-desarrollo.jpg\" width=\"319\" height=\"450\" title=\"\"><\/p>\n<h3>Este a\u00f1o, la celebraci\u00f3n insta a compartir la informaci\u00f3n, el conocimiento y la innovaci\u00f3n disponible sobre el agua<\/h3>\n<p>En esta ocasi\u00f3n, y coincidiendo con el <strong>A\u00f1o Internacional de la Cooperaci\u00f3n en la Esfera del Agua<\/strong>, el D\u00eda Mundial de la Ciencia nos invita a <strong>reflexionar sobre este recurso natural<\/strong>, esencial para la vida y el desarrollo, e <strong>intercambiar<\/strong> la <strong>informaci\u00f3n<\/strong> y los <strong>conocimientos<\/strong> que actualmente tenemos sobre el agua <strong>para lograr pol\u00edticas de gesti\u00f3n responsable y sostenible<\/strong> de nuestro bien m\u00e1s preciado.<\/p>\n<p>&nbsp;<\/p>\n<p style=\"text-align: center;\">[youtube height=\u00a0\u00bb360&Prime; width=\u00a0\u00bb640&Prime;]https:\/\/www.youtube.com\/watch?v=NAr3xJ51Jb0&amp;feature=player_embedded#![\/youtube]<\/p>\n<p style=\"text-align: center;\"><span style=\"font-size: 10px; color: #888;\" data-mce-mark=\"1\">V\u00eddeo del mensaje de la directora general de la Unesco (en ingl\u00e9s).<\/span><\/p>\n<h3>\u00bfQu\u00e9 relaci\u00f3n tienen los grupos electr\u00f3genos con el recurso del agua?<\/h3>\n<ol>\n<ol>\n<ol>\n<li><strong>Los grupos electr\u00f3genos se utilizan en las explotaciones agr\u00edcolas<\/strong> para proporcionar energ\u00eda el\u00e9ctrica a las bombas que extraen el agua para el riego.<\/li>\n<li><strong>Cuando se producen grandes riadas<\/strong>, la red el\u00e9ctrica suele caerse. En estos casos, es necesario utilizar <strong>bombas para extraer el agua<\/strong> de edificios e instalaciones. Estas bombas <strong>obtienen su alimentaci\u00f3n de los generadores o grupos electr\u00f3genos<\/strong>.<\/li>\n<li><strong>Las empresas proveedoras de agua corriente<\/strong> suelen disponer de <strong>grupos electr\u00f3genos en reserva, <\/strong>a los que recurren cuando se producen fallos en la red el\u00e9ctrica , para alimentar los equipos de sus instalaciones y plantas de tratamiento. De este modo, <strong>se evita verter agua de los r\u00edos directamente a los domicilios<\/strong> particulares. Estas empresas tambi\u00e9n se sirven de los grupos electr\u00f3genos para obtener la electricidad necesaria en el proceso de <strong>esterilizaci\u00f3n del agua con luz ultravioleta<\/strong>.<\/li>\n<\/ol>\n<\/ol>\n<\/ol>\n<p>&nbsp;<\/p>\n<p>Comunicado de Irina Bokova, directora general de la Unesco, con motivo del D\u00eda Mundial de la Ciencia para la Paz y el Desarrollo (en espa\u00f1ol):<\/p>\n<p><a href=\"http:\/\/unesdoc.unesco.org\/images\/0022\/002242\/224286s.pdf\" target=\"_blank\" rel=\"noopener\">http:\/\/unesdoc.unesco.org\/images\/0022\/002242\/224286s.pdf<\/a><\/p>\n","protected":false},"excerpt":{"rendered":"<p>Promovido por la Unesco, desde 2001 celebramos cada 10 de noviembre el D\u00eda Mundial de la Ciencia para la Paz y el Desarrollo. El objetivo \u00faltimo del organismo internacional es fomentar el conocimiento cient\u00edfico para que podamos aprovechar su aplicaci\u00f3n en beneficio del desarrollo sostenible y la paz duradera.<\/p>\n","protected":false},"author":2,"featured_media":1523,"comment_status":"closed","ping_status":"open","sticky":false,"template":"","format":"standard","meta":{"inline_featured_image":false,"footnotes":""},"categories":[22,32],"tags":[],"categorias-smart-power-":[],"paises-":[],"class_list":["post-2691","post","type-post","status-publish","format-standard","has-post-thumbnail","hentry","category-ciencia-y-tecnologia","category-espanol"],"_links":{"self":[{"href":"https:\/\/www.inmesol.com\/fr\/wp-json\/wp\/v2\/posts\/2691","targetHints":{"allow":["GET"]}}],"collection":[{"href":"https:\/\/www.inmesol.com\/fr\/wp-json\/wp\/v2\/posts"}],"about":[{"href":"https:\/\/www.inmesol.com\/fr\/wp-json\/wp\/v2\/types\/post"}],"author":[{"embeddable":true,"href":"https:\/\/www.inmesol.com\/fr\/wp-json\/wp\/v2\/users\/2"}],"replies":[{"embeddable":true,"href":"https:\/\/www.inmesol.com\/fr\/wp-json\/wp\/v2\/comments?post=2691"}],"version-history":[{"count":0,"href":"https:\/\/www.inmesol.com\/fr\/wp-json\/wp\/v2\/posts\/2691\/revisions"}],"wp:featuredmedia":[{"embeddable":true,"href":"https:\/\/www.inmesol.com\/fr\/wp-json\/wp\/v2\/jet-menu\/1523"}],"wp:attachment":[{"href":"https:\/\/www.inmesol.com\/fr\/wp-json\/wp\/v2\/media?parent=2691"}],"wp:term":[{"taxonomy":"category","embeddable":true,"href":"https:\/\/www.inmesol.com\/fr\/wp-json\/wp\/v2\/categories?post=2691"},{"taxonomy":"post_tag","embeddable":true,"href":"https:\/\/www.inmesol.com\/fr\/wp-json\/wp\/v2\/tags?post=2691"},{"taxonomy":"categorias-smart-power-","embeddable":true,"href":"https:\/\/www.inmesol.com\/fr\/wp-json\/wp\/v2\/categorias-smart-power-?post=2691"},{"taxonomy":"paises-","embeddable":true,"href":"https:\/\/www.inmesol.com\/fr\/wp-json\/wp\/v2\/paises-?post=2691"}],"curies":[{"name":"wp","href":"https:\/\/api.w.org\/{rel}","templated":true}]}}