{"id":2692,"date":"2013-11-16T14:40:24","date_gmt":"2013-11-16T13:40:24","guid":{"rendered":"http:\/\/www.inmesol.es\/blog\/?p=1557"},"modified":"2023-06-21T10:19:01","modified_gmt":"2023-06-21T10:19:01","slug":"inmesol-asiste-la-jornada-conmemorativa-del-dia-mundial-de-la-calidad","status":"publish","type":"post","link":"https:\/\/www.inmesol.com\/fr\/blog\/inmesol-asiste-la-jornada-conmemorativa-del-dia-mundial-de-la-calidad\/","title":{"rendered":"INMESOL asiste a la Jornada Conmemorativa del D\u00eda Mundial de la Calidad"},"content":{"rendered":"<p style=\"text-align: center;\"><img fetchpriority=\"high\" decoding=\"async\" class=\"aligncenter wp-image-1553 size-full\" src=\"\/wp-content\/uploads\/2013\/11\/inmesol-asiste-la-jornada-conmemorativa-del-dia-mundial-de-la-calidad.jpg\" alt=\"Jornada Conmemorativa del D\u00eda Mundial de la Calidad\" width=\"400\" height=\"186\" title=\"\"><\/p>\n<div id=\"entradilla\">\n<h2 class=\"bullet\">Durante la jornada, que ha tenido lugar en Murcia, la Consejer\u00eda de Industria ha anunciado las medidas previstas para promover la calidad y la innovaci\u00f3n entre el sector empresarial: entre ellas, el convenio de colaboraci\u00f3n que ha firmado con <strong>la Asociaci\u00f3n Espa\u00f1ola de Normalizaci\u00f3n y Certificaci\u00f3n (AENOR) para contribuir a mejorar la competitividad de las empresas de la Regi\u00f3n<\/strong><\/h2>\n<p><span style=\"font-size: 12px; color: #888;\">Con motivo de la XIX Semana Europea de la Calidad, la Consejer\u00eda de Industria, Empresa e Innovaci\u00f3n de la Regi\u00f3n de Murcia organiz\u00f3 el pasado martes la Jornada Conmemorativa del D\u00eda Mundial de la Calidad; D\u00eda Internacional\u00a0 que se celebra cada 14 de noviembre.<\/span><\/p>\n<\/div>\n<h3><span class=\"titulo-pers-4\">Excelencia, innovaci\u00f3n y responsabilidad social, los ejes de la jornada<\/span><\/h3>\n<p><strong>El Consejero de Industria<\/strong>, <strong>Empresa<\/strong> <strong>e Investigaci\u00f3n<\/strong>, Jos\u00e9 Ballesta Germ\u00e1n, inaugur\u00f3 la jornada destacando <strong>la necesidad de apostar por la excelencia y la innovaci\u00f3n<\/strong> como el mejor camino <strong>para aumentar la competitividad<\/strong> de las empresas industriales y de servicios de la Regi\u00f3n de Murcia. Con este objetivo, la Consejer\u00eda ha firmado un acuerdo de colaboraci\u00f3n con la Asociaci\u00f3n Espa\u00f1ola de Normalizaci\u00f3n y Certificaci\u00f3n(AENOR).<\/p>\n<p>En el transcurso de la jornada tambi\u00e9n se abord\u00f3 <strong>la estrategia<\/strong> que sigue Espa\u00f1a respecto a <strong>la responsabilidad social del sector empresarial<\/strong> y se debati\u00f3 <strong>c\u00f3mo sistematizar los procesos de innovaci\u00f3n<\/strong>.<\/p>\n<p>&nbsp;<\/p>\n<figure id=\"attachment_1577\" aria-describedby=\"caption-attachment-1577\" style=\"width: 640px\" class=\"wp-caption aligncenter\"><img decoding=\"async\" class=\"wp-image-1577 size-full lazyload\" data-src=\"\/wp-content\/uploads\/2013\/11\/1_inmesol-asiste-la-jornada-conmemorativa-del-dia-mundial-de-la-calidad.jpg\" alt=\"el consejero de Industria, Empresa e Investigaci\u00f3n, Jos\u00e9 Ballesta Germ\u00e1n, y el director general de Industria, Energ\u00eda y Minas, Pedro Jim\u00e9nez Mompe\u00e1n\" width=\"640\" height=\"290\" title=\"\" src=\"data:image\/svg+xml;base64,PHN2ZyB3aWR0aD0iMSIgaGVpZ2h0PSIxIiB4bWxucz0iaHR0cDovL3d3dy53My5vcmcvMjAwMC9zdmciPjwvc3ZnPg==\" style=\"--smush-placeholder-width: 640px; --smush-placeholder-aspect-ratio: 640\/290;\"><figcaption id=\"caption-attachment-1577\" class=\"wp-caption-text\">De izquierda a derecha: el consejero de Industria, Empresa e Investigaci\u00f3n, Jos\u00e9 Ballesta Germ\u00e1n, y el director general de Industria, Energ\u00eda y Minas, Pedro Jim\u00e9nez Mompe\u00e1n.<\/figcaption><\/figure>\n<p>El encuentro finaliz\u00f3 con una <strong>mesa redonda<\/strong> en la que participaron, entre otros ponentes, <strong>los directores de dos de las principales empresas certificadoras<\/strong> en materia de calidad y medio ambiente: \u00c1ngel Luis S\u00e1nchez Cer\u00f3n, director de <strong>AENOR<\/strong> en la Regi\u00f3n de Murcia, y Roberto Becerra del Cosso, director regional de <strong>Bureau Veritas<\/strong>. Ambos expertos nos informaron de <strong>las \u00faltimas novedades en certificaciones de las empresas murcianas<\/strong>, destacando el incremento experimentado en los \u00faltimos meses. As\u00ed mismo, <strong>nos anticiparon las ventajas que aportar\u00e1 la pr\u00f3xima revisi\u00f3n de las normas ISO 9001: 2015<\/strong>, cuyo borrador ya se ha elaborado, y que se publicar\u00e1, previsiblemente, en 2015.<\/p>\n<h3><span class=\"titulo-pers-4\">Pol\u00edticas de Calidad y \u00a0Medio Ambiente de Inmesol<\/span><\/h3>\n<p>En Inmesol <strong>seguimos el sistema de gesti\u00f3n basado en las normas <\/strong><strong>ISO 9001 e ISO 14001<\/strong>, ya que repercuten directamente en la <strong>calidad del producto final<\/strong>, en <strong>la satisfacci\u00f3n del cliente<\/strong> y en la <strong>conservaci\u00f3n del entorno<\/strong>.<\/p>\n<p><strong>Nuestra empresa est\u00e1 certificada <\/strong>por Bureau Veritas de acuerdo a las <strong>normas ISO 9001:2008 e ISO 14001:2004 <\/strong>relativas acalidad y medio ambiente, respectivamente.<\/p>\n<p>En un futuro inmediato, <strong>implantaremos<\/strong>, adem\u00e1s, <strong>la RSE<\/strong> (Responsabilidad Social de Empresas) <strong>y la certificaci\u00f3n de I+D+I<\/strong> (investigaci\u00f3n + Dise\u00f1o + Innovaci\u00f3n) seg\u00fan las normas 16600.<\/p>\n","protected":false},"excerpt":{"rendered":"<p>Con motivo de la XIX Semana Europea de la Calidad, la Consejer\u00eda de Industria, Empresa e Innovaci\u00f3n de la Regi\u00f3n de Murcia organiz\u00f3 el pasado martes la Jornada Conmemorativa del D\u00eda Mundial de la Calidad; D\u00eda Internacional  que se celebra cada 14 de noviembre.<\/p>\n","protected":false},"author":2,"featured_media":1553,"comment_status":"closed","ping_status":"open","sticky":false,"template":"","format":"standard","meta":{"inline_featured_image":false,"footnotes":""},"categories":[19,32],"tags":[],"categorias-smart-power-":[],"paises-":[],"class_list":["post-2692","post","type-post","status-publish","format-standard","has-post-thumbnail","hentry","category-ferias-eventos","category-espanol"],"_links":{"self":[{"href":"https:\/\/www.inmesol.com\/fr\/wp-json\/wp\/v2\/posts\/2692","targetHints":{"allow":["GET"]}}],"collection":[{"href":"https:\/\/www.inmesol.com\/fr\/wp-json\/wp\/v2\/posts"}],"about":[{"href":"https:\/\/www.inmesol.com\/fr\/wp-json\/wp\/v2\/types\/post"}],"author":[{"embeddable":true,"href":"https:\/\/www.inmesol.com\/fr\/wp-json\/wp\/v2\/users\/2"}],"replies":[{"embeddable":true,"href":"https:\/\/www.inmesol.com\/fr\/wp-json\/wp\/v2\/comments?post=2692"}],"version-history":[{"count":0,"href":"https:\/\/www.inmesol.com\/fr\/wp-json\/wp\/v2\/posts\/2692\/revisions"}],"wp:featuredmedia":[{"embeddable":true,"href":"https:\/\/www.inmesol.com\/fr\/wp-json\/"}],"wp:attachment":[{"href":"https:\/\/www.inmesol.com\/fr\/wp-json\/wp\/v2\/media?parent=2692"}],"wp:term":[{"taxonomy":"category","embeddable":true,"href":"https:\/\/www.inmesol.com\/fr\/wp-json\/wp\/v2\/categories?post=2692"},{"taxonomy":"post_tag","embeddable":true,"href":"https:\/\/www.inmesol.com\/fr\/wp-json\/wp\/v2\/tags?post=2692"},{"taxonomy":"categorias-smart-power-","embeddable":true,"href":"https:\/\/www.inmesol.com\/fr\/wp-json\/wp\/v2\/categorias-smart-power-?post=2692"},{"taxonomy":"paises-","embeddable":true,"href":"https:\/\/www.inmesol.com\/fr\/wp-json\/wp\/v2\/paises-?post=2692"}],"curies":[{"name":"wp","href":"https:\/\/api.w.org\/{rel}","templated":true}]}}