{"id":2693,"date":"2013-11-24T17:47:37","date_gmt":"2013-11-24T16:47:37","guid":{"rendered":"http:\/\/www.inmesol.es\/blog\/?p=1645"},"modified":"2023-06-21T10:18:57","modified_gmt":"2023-06-21T10:18:57","slug":"el-equipo-patrocinado-por-inmesol-recibe-la-real-orden-del-merito-deportivo","status":"publish","type":"post","link":"https:\/\/www.inmesol.com\/fr\/blog\/el-equipo-patrocinado-por-inmesol-recibe-la-real-orden-del-merito-deportivo\/","title":{"rendered":"El equipo patrocinado por Inmesol recibe la Real Orden del M\u00e9rito Deportivo"},"content":{"rendered":"<div id=\"entradilla\">\n<h2 class=\"bullet\">La Real Orden del M\u00e9rito Deportivo es la mayor distinci\u00f3n con la que el Gobierno de la Naci\u00f3n, a trav\u00e9s del Consejo Superior de Deportes, reconoce el m\u00e9rito deportivo<\/h2>\n<\/div>\n<p>El pasado 29 de octubre, Miguel \u00c1ngel Clemente y Diego Javier Mu\u00f1oz &#8211; los dos componentes del equipo de ciclismo adaptado patrocinado por Inmesol, el T\u00e1ndem Murcia- recibieron la medalla de bronce de la Real Orden del M\u00e9rito Deportivo.<\/p>\n<p><img fetchpriority=\"high\" decoding=\"async\" class=\"alignnone wp-image-1644 size-full\" src=\"\/wp-content\/uploads\/2013\/11\/el-equipo-patrocinado-por-inmesol-recibe-la-real-orden-del-merito-deportivo.jpg\" alt=\"Miguel \u00c1ngel Clemente y Diego Javier Mu\u00f1oz, el T\u00e1ndem-Murcia, reciben la medalla de bronce de la Real Orden del M\u00e9rito Deportivo.\" width=\"850\" height=\"500\" title=\"\"><\/p>\n<p>Esta distinci\u00f3n \u2013<strong>la m\u00e1s alta que se otorga al deporte en Espa\u00f1a<\/strong>&#8211; se concede anualmente como reconocimiento a la pr\u00e1ctica deportiva, a su ense\u00f1anza o a la direcci\u00f3n, organizaci\u00f3n, promoci\u00f3n y desarrollo de la Educaci\u00f3n F\u00edsica y el Deporte.<\/p>\n<p>La entrega de los galardones tuvo lugar en el Teatro Cofidis Alc\u00e1zar de Madrid. La <strong>ceremonia<\/strong> estuvo <strong>presidida por la Infanta Do\u00f1a Elena<\/strong> y cont\u00f3 con\u00a0 la presencia del <strong>ministro de Educaci\u00f3n, Cultura y Deporte<\/strong>, Jos\u00e9 Ignacio Wert; <strong>el presidente del Consejo Superior de Deportes<\/strong> (CSD), Miguel Cardenal, y <strong>la Directora General de Deportes <\/strong>del CSD, Ana Mu\u00f1oz.<\/p>\n<p style=\"text-align: center;\"><img decoding=\"async\" class=\"aligncenter wp-image-1642 size-full lazyload\" data-src=\"\/wp-content\/uploads\/2013\/11\/1_el-equipo-patrocinado-por-inmesol-recibe-la-real-orden-del-merito-deportivo.jpg\" alt=\"T\u00e1ndem Murcia\" width=\"850\" height=\"500\" title=\"\" src=\"data:image\/svg+xml;base64,PHN2ZyB3aWR0aD0iMSIgaGVpZ2h0PSIxIiB4bWxucz0iaHR0cDovL3d3dy53My5vcmcvMjAwMC9zdmciPjwvc3ZnPg==\" style=\"--smush-placeholder-width: 850px; --smush-placeholder-aspect-ratio: 850\/500;\"><\/p>\n<p>En esta edici\u00f3n <strong>han ingresado<\/strong> en <strong>la Real Orden del M\u00e9rito Deportivo 28 deportistas paral\u00edmpicos<\/strong>, entre ellos, Teresa Perales, quien recibi\u00f3 la Gran Cruz que le concedi\u00f3 el Consejo de Ministros a su regreso de los <strong>Juegos Paral\u00edmpicos de Londres<\/strong>; Juegos en los que el T\u00e1ndemMurcia consigui\u00f3 <strong>la primera medalla para Espa\u00f1a al conquistar el bronce<\/strong> en la prueba de persecuci\u00f3n.<\/p>\n<p>Ambos deportistas quieren agradecer p\u00fablicamente desde el blog de Inmesol nuestro patrocinio. Y nosotros <strong>queremos darles la enhorabuena por esta merecida distinci\u00f3n<\/strong> que reconoce su superaci\u00f3n constante como personas y <a href=\"http:\/\/www.inmesol.es\/blog\/nuestro-equipo-sigue-cosechando-exitos\" target=\"_blank\" rel=\"noopener\">deportistas de \u00e9lite<\/a>.<\/p>\n","protected":false},"excerpt":{"rendered":"<p>El pasado 29 de octubre, Miguel \u00c1ngel Clemente y Diego Javier Mu\u00f1oz &#8211; los dos componentes del equipo de ciclismo adaptado patrocinado por Inmesol, el T\u00e1ndemMurcia- recibieron la medalla de bronce de la Real Orden del M\u00e9rito Deportivo.<\/p>\n","protected":false},"author":2,"featured_media":1644,"comment_status":"closed","ping_status":"open","sticky":false,"template":"","format":"standard","meta":{"inline_featured_image":false,"footnotes":""},"categories":[17,32],"tags":[18],"categorias-smart-power-":[],"paises-":[],"class_list":["post-2693","post","type-post","status-publish","format-standard","has-post-thumbnail","hentry","category-corporativo","category-espanol","tag-equipo-ciclismo-tandem-murcia"],"_links":{"self":[{"href":"https:\/\/www.inmesol.com\/fr\/wp-json\/wp\/v2\/posts\/2693","targetHints":{"allow":["GET"]}}],"collection":[{"href":"https:\/\/www.inmesol.com\/fr\/wp-json\/wp\/v2\/posts"}],"about":[{"href":"https:\/\/www.inmesol.com\/fr\/wp-json\/wp\/v2\/types\/post"}],"author":[{"embeddable":true,"href":"https:\/\/www.inmesol.com\/fr\/wp-json\/wp\/v2\/users\/2"}],"replies":[{"embeddable":true,"href":"https:\/\/www.inmesol.com\/fr\/wp-json\/wp\/v2\/comments?post=2693"}],"version-history":[{"count":0,"href":"https:\/\/www.inmesol.com\/fr\/wp-json\/wp\/v2\/posts\/2693\/revisions"}],"wp:featuredmedia":[{"embeddable":true,"href":"https:\/\/www.inmesol.com\/fr\/wp-json\/"}],"wp:attachment":[{"href":"https:\/\/www.inmesol.com\/fr\/wp-json\/wp\/v2\/media?parent=2693"}],"wp:term":[{"taxonomy":"category","embeddable":true,"href":"https:\/\/www.inmesol.com\/fr\/wp-json\/wp\/v2\/categories?post=2693"},{"taxonomy":"post_tag","embeddable":true,"href":"https:\/\/www.inmesol.com\/fr\/wp-json\/wp\/v2\/tags?post=2693"},{"taxonomy":"categorias-smart-power-","embeddable":true,"href":"https:\/\/www.inmesol.com\/fr\/wp-json\/wp\/v2\/categorias-smart-power-?post=2693"},{"taxonomy":"paises-","embeddable":true,"href":"https:\/\/www.inmesol.com\/fr\/wp-json\/wp\/v2\/paises-?post=2693"}],"curies":[{"name":"wp","href":"https:\/\/api.w.org\/{rel}","templated":true}]}}