{"id":2696,"date":"2013-12-05T14:14:00","date_gmt":"2013-12-05T13:14:00","guid":{"rendered":"http:\/\/www.inmesol.es\/blog\/?p=1812"},"modified":"2026-01-20T10:28:49","modified_gmt":"2026-01-20T10:28:49","slug":"inmesol-expone-su-politica-de-innovacion-en-el-ix-foro-de-la-competitividad-de-la-industria-metalmecanica","status":"publish","type":"post","link":"https:\/\/www.inmesol.com\/fr\/blog\/inmesol-expone-su-politica-de-innovacion-en-el-ix-foro-de-la-competitividad-de-la-industria-metalmecanica\/","title":{"rendered":"Inmesol expone su pol\u00edtica de innovaci\u00f3n en el IX Foro de la Competitividad de la Industria Metalmec\u00e1nica"},"content":{"rendered":"<div id=\"entradilla\">\n<p class=\"bullet\">En un acto inaugurado por el consejero de Industria, Empresa e Innovaci\u00f3n, Jose Ballesta, <span style=\"text-decoration: underline;\">11 directivos de referencia en el sector, entre ellos el responsable de Dise\u00f1o y Producci\u00f3n de Inmesol, Jose Luis Solano Pastor, han explicado sus novedosos modelos de gesti\u00f3n, pol\u00edticas de innovaci\u00f3n y resultados<\/span> a un auditorio de empresarios de toda la Regi\u00f3n de Murcia<\/p>\n<p class=\"bullet\">La Regi\u00f3n destaca por su industria metalmec\u00e1nica, adem\u00e1s de la agroalimentaria. Existen <span style=\"text-decoration: underline;\">8000 empresas del Metal<\/span>, de las que 2000 son industrias<\/p>\n<\/div>\n<p><strong>El responsable de Producci\u00f3n<\/strong> <strong>de Inmesol<\/strong>, Jos\u00e9 Luis Solano Pastor, ha sido uno de los once expertos del sector del Metal <strong>invitado<\/strong> por La <span style=\"text-decoration: underline;\">Federaci\u00f3n del Metal de la Regi\u00f3n de Murcia<\/span> y la <span style=\"text-decoration: underline;\">Asociaci\u00f3n de fabricantes de Maquinaria de la Regi\u00f3n de Murcia<\/span> <strong>a exponer<\/strong> en el IX Foro de la Competitividad de la Industria Metalmec\u00e1nica <strong>la estrategia de gesti\u00f3n empresarial e innovaci\u00f3n tecnol\u00f3gica <\/strong>que sigue su empresa para mejorar su productividad y aumentar su competitividad en el mercado.<\/p>\n<p><img fetchpriority=\"high\" decoding=\"async\" class=\"alignnone wp-image-1811 size-full\" src=\"\/wp-content\/uploads\/2013\/12\/1_inmesol-expone-su-politica-de-innovacion-en-el-ix-foro-de-la-competitividad-de-la-industria-metalmecanica.jpg\" alt=\"consejero de Industria, Empresa e Innovaci\u00f3n, Jos\u00e9 Ballesta, y los presidentes del Metal y de la Asociaci\u00f3n de Fabricantes de Maquinaria de la Regi\u00f3n de Murcia (AFAMUR), Juan Antonio Mu\u00f1oz y Gregorio Navarro\" width=\"850\" height=\"550\" title=\"\"><\/p>\n<p>El Foro &#8211; <strong>inaugurado por el consejero de Industria<\/strong>, <strong>Empresa<\/strong> <strong>e Innovaci\u00f3n<\/strong>, Jos\u00e9 Ballesta, y los presidentes del Metal y de la Asociaci\u00f3n de Fabricantes de Maquinaria de la Regi\u00f3n de Murcia (AFAMUR), Juan Antonio Mu\u00f1oz y Gregorio Navarro, respectivamente- se celebr\u00f3 el pasado jueves 28 de noviembre en la <span style=\"text-decoration: underline;\">Federaci\u00f3n Regional de Empresarios del Metal de Murcia (FREMM)<\/span>, y <strong>cont\u00f3 con la presencia de empresarios, directivos y t\u00e9cnicos de todo el sector<\/strong>.<\/p>\n","protected":false},"excerpt":{"rendered":"<p>En un acto inaugurado por el consejero de Industria, Empresa e Innovaci\u00f3n, Jose Ballesta, 11 directivos de referencia en el sector, entre ellos el responsable de Dise\u00f1o y Producci\u00f3n de Inmesol, Jose Luis Solano Pastor, han explicado sus novedosos modelos de gesti\u00f3n, pol\u00edticas de innovaci\u00f3n y resultados a un auditorio de empresarios de toda la Regi\u00f3n de Murcia.<\/p>\n","protected":false},"author":2,"featured_media":1817,"comment_status":"closed","ping_status":"open","sticky":false,"template":"","format":"standard","meta":{"inline_featured_image":false,"footnotes":""},"categories":[32,19],"tags":[],"categorias-smart-power-":[],"paises-":[],"class_list":["post-2696","post","type-post","status-publish","format-standard","has-post-thumbnail","hentry","category-espanol","category-ferias-eventos"],"_links":{"self":[{"href":"https:\/\/www.inmesol.com\/fr\/wp-json\/wp\/v2\/posts\/2696","targetHints":{"allow":["GET"]}}],"collection":[{"href":"https:\/\/www.inmesol.com\/fr\/wp-json\/wp\/v2\/posts"}],"about":[{"href":"https:\/\/www.inmesol.com\/fr\/wp-json\/wp\/v2\/types\/post"}],"author":[{"embeddable":true,"href":"https:\/\/www.inmesol.com\/fr\/wp-json\/wp\/v2\/users\/2"}],"replies":[{"embeddable":true,"href":"https:\/\/www.inmesol.com\/fr\/wp-json\/wp\/v2\/comments?post=2696"}],"version-history":[{"count":0,"href":"https:\/\/www.inmesol.com\/fr\/wp-json\/wp\/v2\/posts\/2696\/revisions"}],"wp:featuredmedia":[{"embeddable":true,"href":"https:\/\/www.inmesol.com\/fr\/wp-json\/"}],"wp:attachment":[{"href":"https:\/\/www.inmesol.com\/fr\/wp-json\/wp\/v2\/media?parent=2696"}],"wp:term":[{"taxonomy":"category","embeddable":true,"href":"https:\/\/www.inmesol.com\/fr\/wp-json\/wp\/v2\/categories?post=2696"},{"taxonomy":"post_tag","embeddable":true,"href":"https:\/\/www.inmesol.com\/fr\/wp-json\/wp\/v2\/tags?post=2696"},{"taxonomy":"categorias-smart-power-","embeddable":true,"href":"https:\/\/www.inmesol.com\/fr\/wp-json\/wp\/v2\/categorias-smart-power-?post=2696"},{"taxonomy":"paises-","embeddable":true,"href":"https:\/\/www.inmesol.com\/fr\/wp-json\/wp\/v2\/paises-?post=2696"}],"curies":[{"name":"wp","href":"https:\/\/api.w.org\/{rel}","templated":true}]}}