{"id":2704,"date":"2014-01-29T20:07:14","date_gmt":"2014-01-29T19:07:14","guid":{"rendered":"http:\/\/www.inmesol.es\/blog\/?p=2026"},"modified":"2023-06-21T10:18:38","modified_gmt":"2023-06-21T10:18:38","slug":"el-proximo-mes-se-celebra-en-barcelona-la-ix-edicion-del-mobile-world-congress","status":"publish","type":"post","link":"https:\/\/www.inmesol.com\/fr\/blog\/el-proximo-mes-se-celebra-en-barcelona-la-ix-edicion-del-mobile-world-congress\/","title":{"rendered":"El pr\u00f3ximo mes se celebra en Barcelona la IX Edici\u00f3n del Mobile World Congress"},"content":{"rendered":"<div id=\"entradilla\">\n<h2 class=\"bullet\">1.800 empresas expositoras: entre ellas, Microsoft, IBM, Sony, Samsung, LG y Google<\/h2>\n<h2 class=\"bullet\">El congreso aportar\u00e1 a la ciudad 356 millones de euros<\/h2>\n<h2 class=\"bullet\">El fundador de Facebook ser\u00e1 uno de los conferenciantes estrella<\/h2>\n<h2 class=\"bullet\">Se prev\u00e9 la asistencia de 75.000 personas<\/h2>\n<\/div>\n<p style=\"text-align: center;\"><img fetchpriority=\"high\" decoding=\"async\" class=\" wp-image-2022 aligncenter\" src=\"\/wp-content\/uploads\/2014\/01\/el-proximo-mes-se-celebra-en-barcelona-la-ix-edicion-del-mobile-world-congress.jpg\" alt=\"MWC-2014-1\" width=\"480\" height=\"191\" title=\"\"><\/p>\n<p><strong>Del 24 al 27 de febrero<\/strong> se celebrar\u00e1 en Barcelona (Espa\u00f1a) el <strong>Mobile World Congress<\/strong> (MWC), <span style=\"text-decoration: underline;\">la cita m\u00e1s importante del sector de las comunicaciones inal\u00e1mbricas m\u00f3viles<\/span>.<\/p>\n<p>[youtube height=\u00a0\u00bb360&Prime; width=\u00a0\u00bb640&Prime;]https:\/\/www.youtube.com\/watch?v=AF05WZ2tVC0&amp;feature=player_embedded#![\/youtube]<\/p>\n<p>&nbsp;<\/p>\n<p>En esta novena edici\u00f3n, participar\u00e1n m\u00e1s de <strong>1.800 empresas expositoras<\/strong><strong>. <\/strong>Como cada a\u00f1o, el congreso ser\u00e1 el marco en el que se encontrar\u00e1n los l\u00edderes de la industria con los representantes de otros segmentos del sector TIC y los desarrolladores, y donde se producir\u00e1 la mayor concentraci\u00f3n de presentaciones de <strong>los m\u00e1s novedosos avances en telefon\u00eda m\u00f3vil.<\/strong><\/p>\n<p><strong><img decoding=\"async\" class=\"alignnone size-full wp-image-2023 lazyload\" data-src=\"\/wp-content\/uploads\/2014\/01\/1_el-proximo-mes-se-celebra-en-barcelona-la-ix-edicion-del-mobile-world-congress.jpg\" alt=\"MWC-2014-2\" width=\"746\" height=\"390\" title=\"\" src=\"data:image\/svg+xml;base64,PHN2ZyB3aWR0aD0iMSIgaGVpZ2h0PSIxIiB4bWxucz0iaHR0cDovL3d3dy53My5vcmcvMjAwMC9zdmciPjwvc3ZnPg==\" style=\"--smush-placeholder-width: 746px; --smush-placeholder-aspect-ratio: 746\/390;\"><\/strong><\/p>\n<h3>El fundador de Facebook ser\u00e1 el conferenciante estrella del WMC<\/h3>\n<p>En un espacio de <strong>98.000 metros cuadrados<\/strong> del recinto de <span style=\"text-decoration: underline;\">Fira Barcelona<\/span> en L\u2019Hospitalet se concentrar\u00e1n ingenieros, cient\u00edficos, inversionistas y altos cargos directivos. Durante el congreso, se celebrar\u00e1n <strong>44 sesiones<\/strong> en las que participar\u00e1n <strong>los l\u00edderes de las principales compa\u00f1\u00edas del universo m\u00f3vil<\/strong>, como <strong>AT&amp;T<\/strong>, <strong>IBM<\/strong>, <strong>Isis<\/strong>, <strong>Raspberry Pi Foundation<\/strong> y <strong>Viacom<\/strong>.<\/p>\n<p>Entre los <strong>240 ponentes<\/strong> previstos, han creado gran expectaci\u00f3n <strong>la presidenta de IBM<\/strong>, Virginia Rometty; el <strong>consejero delegado de Whatsapp<\/strong>, Jan Koum, y el <strong>fundador y presidente de Facebook<\/strong>, Mark Zuckerberg. Asimismo, han confirmado su asistencia <span style=\"text-decoration: underline;\">80 ministros y jefes de Estado<\/span>.<\/p>\n<h3>Las conferencias m\u00e1s destacables se emitir\u00e1n en directo por Internet<\/h3>\n<p><img decoding=\"async\" class=\"alignleft size-full wp-image-2024 lazyload\" data-src=\"\/wp-content\/uploads\/2014\/01\/2_el-proximo-mes-se-celebra-en-barcelona-la-ix-edicion-del-mobile-world-congress.jpg\" alt=\"MWC-2014-3\" width=\"262\" height=\"208\" title=\"\" src=\"data:image\/svg+xml;base64,PHN2ZyB3aWR0aD0iMSIgaGVpZ2h0PSIxIiB4bWxucz0iaHR0cDovL3d3dy53My5vcmcvMjAwMC9zdmciPjwvc3ZnPg==\" style=\"--smush-placeholder-width: 262px; --smush-placeholder-aspect-ratio: 262\/208;\"><\/p>\n<p>La organizaci\u00f3n ha comunicado en nota de prensa que las ponencias m\u00e1s destacables del Mobile World Congress se emitir\u00e1n en directo por Internet <strong>para los visitantes del recinto y para los internautas <\/strong>a trav\u00e9s del portal <a href=\"http:\/\/www.mobileworldlive.com\/\" target=\"_blank\" rel=\"noopener\">Mobile World Live<\/a>.<\/p>\n<p>Programa de las <strong>conferencias m\u00e1s esperadas<\/strong>.<\/p>\n<p>&nbsp;<\/p>\n<h3>\u00bfQu\u00e9 novedades se presentar\u00e1n?<\/h3>\n<p>Seg\u00fan los expertos, as\u00ed como en la edici\u00f3n anterior la gran novedad fue la banda ancha 4G mediante tecnolog\u00eda LTE, este a\u00f1o la sorpresa del congreso nos la dar\u00e1n las novedades en <strong>dispositivos port\u00e1tiles conectados a Internet pensados para mejorar nuestra vida cotidiana y nuestra salud<\/strong>: pulseras, gafas, relojes, etc.<\/p>\n<p>Tambi\u00e9n se espera que el MWC sea el escenario de la presentaci\u00f3n del esperado <strong>Galaxy S5<\/strong>, el nuevo \u2018smartphone\u2019 de Samsung que incorporar\u00e1 un <strong>esc\u00e1ner del iris de los ojos<\/strong> y que se podr\u00e1 sincronizar con el \u00faltimo \u2018smartwatch\u2019 de la compa\u00f1\u00eda.<\/p>\n<p>[youtube height=\u00a0\u00bb360&Prime; width=\u00a0\u00bb640&Prime;]https:\/\/www.youtube.com\/watch?v=v8EmQZyH4mM&amp;feature=player_embedded#![\/youtube]<\/p>\n<h3>Impacto econ\u00f3mico<\/h3>\n<p>Seg\u00fan un informe independiente encargado por GMA \u2013 la principal asociaci\u00f3n de la industria m\u00f3vil y responsable de la organizaci\u00f3n del evento\u2013 \u00a0el Mobile World Congress tendr\u00e1 este a\u00f1o <strong>un impacto econ\u00f3mico de 356 millones de euros<\/strong>.<\/p>\n<h3>Exposici\u00f3n \u2018La ciudad conectada\u2019<\/h3>\n<p>La cita albergar\u00e1 una exposici\u00f3n que muestra <strong>c\u00f3mo la tecnolog\u00eda m\u00f3vil puede sernos de gran utilidad gracias a las aplicaciones desarrolladas <\/strong>para el hogar, la salud, nuestros coches, educaci\u00f3n, ventas, etc.<\/p>\n<p><img decoding=\"async\" class=\"alignnone size-full wp-image-2025 lazyload\" data-src=\"\/wp-content\/uploads\/2014\/01\/3_el-proximo-mes-se-celebra-en-barcelona-la-ix-edicion-del-mobile-world-congress.jpg\" alt=\"MWC-2014-4\" width=\"711\" height=\"477\" title=\"\" src=\"data:image\/svg+xml;base64,PHN2ZyB3aWR0aD0iMSIgaGVpZ2h0PSIxIiB4bWxucz0iaHR0cDovL3d3dy53My5vcmcvMjAwMC9zdmciPjwvc3ZnPg==\" style=\"--smush-placeholder-width: 711px; --smush-placeholder-aspect-ratio: 711\/477;\"><\/p>\n<p>La \u2018Ciudad conectada\u2019 cuenta con la colaboraci\u00f3n de <span style=\"text-decoration: underline;\">AT&amp;T, Deutsche Telekom, KT Corp. y Vodafone, junto con compa\u00f1\u00edas como Accenture, Ericsson, General Motors, Huawei, Samsung y Synchronoss Technologies<\/span>.<\/p>\n<h3>\u2018The Mobile World Hub\u2019 y eventos paralelos<\/h3>\n<p>Este centro es la <strong>sede<\/strong> de <a href=\"http:\/\/mobileworldcapital.com\/\" target=\"_blank\" rel=\"noopener\">Mobile World Capital<\/a> y de <strong>GSMA<\/strong> en Barcelona, \u00a0y un <span style=\"text-decoration: underline;\">lugar de encuentro entre la industria de las TIC y las empresas y organizaciones de otros sectores de actividad<\/span>.<\/p>\n<p>Su objetivo es consolidar la ciudad de <strong>Barcelona como \u2018Hub\u2019 global de soluciones m\u00f3viles<\/strong> que generen oportunidades de negocio, servicios punteros, una mayor calidad de vida para sus ciudadanos y promuevan el aprendizaje.<\/p>\n<p>La Mobile World Capital organiza \u201c<strong>Dentro de 4 a\u00f1os<\/strong>\u201d, un evento sobre <strong>innovaci\u00f3n y emprendedores en tecnolog\u00eda m\u00f3vil <\/strong>que tendr\u00e1 lugar paralelamente al congreso del 24 al 26 de febrero en la sede de Fira Montjuic: sesiones, talleres, charlas y reuniones con expertos.<\/p>\n<p>Asimismo, por s\u00e9ptimo a\u00f1o consecutivo y presentado por Wireless Industry Partnership y la GSMA, vuelve la <strong>WIPJam<\/strong>, que organizar\u00e1 un DEVCON y un HACKATHON de cuatro d\u00edas.<\/p>\n<p>[youtube height=\u00a0\u00bb360&Prime; width=\u00a0\u00bb640&Prime;]https:\/\/www.youtube.com\/watch?v=rj87m9RGybU&amp;feature=player_embedded#![\/youtube]<\/p>\n<h3>La tecnolog\u00eda m\u00f3vil aplicada a los grupos electr\u00f3genos con control remoto de Inmesol<\/h3>\n<p>Gracias a los avances tecnol\u00f3gicos en las comunicaciones inal\u00e1mbricas en Inmesol hemos podido desarrollar <strong>grupos electr\u00f3genos que pueden ser controlados a distancia<\/strong>, <strong>desde cualquier lugar del mundo y utilizando cualquier dispositivo m\u00f3vil<\/strong>.<\/p>\n<p>El <strong>sistema DSEWenNet<\/strong> permite, adem\u00e1s, controlar <strong>varios grupos<\/strong> electr\u00f3genos <strong>simult\u00e1neamente<\/strong> y en tiempo real (<a href=\"http:\/\/www.inmesol.es\/blog\/innovador-sistema-de-control-remoto\" target=\"_blank\" rel=\"noopener\">leer m\u00e1s<\/a>).<\/p>\n<p style=\"text-align: center;\"><img decoding=\"async\" class=\"aligncenter wp-image-2019 lazyload\" data-src=\"\/wp-content\/uploads\/2014\/01\/4_el-proximo-mes-se-celebra-en-barcelona-la-ix-edicion-del-mobile-world-congress.jpg\" alt=\"MWC-2014-5\" width=\"474\" height=\"416\" title=\"\" src=\"data:image\/svg+xml;base64,PHN2ZyB3aWR0aD0iMSIgaGVpZ2h0PSIxIiB4bWxucz0iaHR0cDovL3d3dy53My5vcmcvMjAwMC9zdmciPjwvc3ZnPg==\" style=\"--smush-placeholder-width: 474px; --smush-placeholder-aspect-ratio: 474\/416;\"><\/p>\n<p>&nbsp;<\/p>\n<p><strong>Lugar:<\/strong><\/p>\n<p>Fira-Gran V\u00eda en <a title=\"Hospitalet de Llobregat\" href=\"http:\/\/es.wikipedia.org\/wiki\/Hospitalet_de_Llobregat\" target=\"_blank\" rel=\"noopener\">Hospitalet de Llobregat<\/a> y Fira Montjuic en Barcelona.<\/p>\n<p><strong>Fechas:<\/strong><\/p>\n<p>Del 24 al 27 de febrero.<\/p>\n<p><strong>Informaci\u00f3n \u00fatil para viajar:<\/strong><\/p>\n<p>Gu\u00eda de viajes de PCMag del MW13.<\/p>\n<p>&nbsp;<\/p>\n","protected":false},"excerpt":{"rendered":"<p>En esta novena edici\u00f3n, participar\u00e1n m\u00e1s de 1.800 empresas expositoras. Como cada a\u00f1o, el congreso ser\u00e1 el marco en el que se encontrar\u00e1n los l\u00edderes de la industria con los representantes de otros segmentos del sector TIC y los desarrolladores, y donde se producir\u00e1 la mayor concentraci\u00f3n de presentaciones de los m\u00e1s novedosos avances en telefon\u00eda m\u00f3vil.<\/p>\n","protected":false},"author":2,"featured_media":2020,"comment_status":"closed","ping_status":"open","sticky":false,"template":"","format":"standard","meta":{"inline_featured_image":false,"footnotes":""},"categories":[22,32],"tags":[],"categorias-smart-power-":[],"paises-":[],"class_list":["post-2704","post","type-post","status-publish","format-standard","has-post-thumbnail","hentry","category-ciencia-y-tecnologia","category-espanol"],"_links":{"self":[{"href":"https:\/\/www.inmesol.com\/fr\/wp-json\/wp\/v2\/posts\/2704","targetHints":{"allow":["GET"]}}],"collection":[{"href":"https:\/\/www.inmesol.com\/fr\/wp-json\/wp\/v2\/posts"}],"about":[{"href":"https:\/\/www.inmesol.com\/fr\/wp-json\/wp\/v2\/types\/post"}],"author":[{"embeddable":true,"href":"https:\/\/www.inmesol.com\/fr\/wp-json\/wp\/v2\/users\/2"}],"replies":[{"embeddable":true,"href":"https:\/\/www.inmesol.com\/fr\/wp-json\/wp\/v2\/comments?post=2704"}],"version-history":[{"count":0,"href":"https:\/\/www.inmesol.com\/fr\/wp-json\/wp\/v2\/posts\/2704\/revisions"}],"wp:featuredmedia":[{"embeddable":true,"href":"https:\/\/www.inmesol.com\/fr\/wp-json\/wp\/v2\/posts\/2020"}],"wp:attachment":[{"href":"https:\/\/www.inmesol.com\/fr\/wp-json\/wp\/v2\/media?parent=2704"}],"wp:term":[{"taxonomy":"category","embeddable":true,"href":"https:\/\/www.inmesol.com\/fr\/wp-json\/wp\/v2\/categories?post=2704"},{"taxonomy":"post_tag","embeddable":true,"href":"https:\/\/www.inmesol.com\/fr\/wp-json\/wp\/v2\/tags?post=2704"},{"taxonomy":"categorias-smart-power-","embeddable":true,"href":"https:\/\/www.inmesol.com\/fr\/wp-json\/wp\/v2\/categorias-smart-power-?post=2704"},{"taxonomy":"paises-","embeddable":true,"href":"https:\/\/www.inmesol.com\/fr\/wp-json\/wp\/v2\/paises-?post=2704"}],"curies":[{"name":"wp","href":"https:\/\/api.w.org\/{rel}","templated":true}]}}