{"id":2708,"date":"2014-02-23T22:00:32","date_gmt":"2014-02-23T21:00:32","guid":{"rendered":"http:\/\/www.inmesol.es\/blog\/?p=2109"},"modified":"2023-06-21T10:18:32","modified_gmt":"2023-06-21T10:18:32","slug":"los-mayores-apagones-electricos-de-la-historia","status":"publish","type":"post","link":"https:\/\/www.inmesol.com\/fr\/blog\/los-mayores-apagones-electricos-de-la-historia\/","title":{"rendered":"Los mayores apagones el\u00e9ctricos de la historia"},"content":{"rendered":"<p>Desde que se invent\u00f3 la electricidad, se han producido <strong>apagones el\u00e9ctricos<\/strong> en el mundo que podemos denominar \u201c<strong>hist\u00f3ricos<\/strong>\u201d y otros que, aun teniendo consecuencias de dimensiones menores, tienen un gran <strong>impacto en la econom\u00eda y en la vida cotidiana<\/strong> de aquellos que se ven afectados.<\/p>\n<figure id=\"attachment_2104\" aria-describedby=\"caption-attachment-2104\" style=\"width: 640px\" class=\"wp-caption alignnone\"><img fetchpriority=\"high\" decoding=\"async\" class=\"size-full wp-image-2104\" alt=\"La ciudad de Nueva York durante el apag\u00f3n de 2003 (Wikimedia Commons).\" src=\"\/wp-content\/uploads\/2014\/02\/los-mayores-apagones-electricos-de-la-historia.jpg\" width=\"640\" height=\"400\" title=\"\"><figcaption id=\"caption-attachment-2104\" class=\"wp-caption-text\">La ciudad de Nueva York durante el apag\u00f3n de 2003 (Wikimedia Commons).<\/figcaption><\/figure>\n<h3><strong>Causas de los cortes en el suministro el\u00e9ctrico<\/strong><\/h3>\n<ul>\n<li>Equipos en mal estado.<\/li>\n<li>Sobrecarga en la red.<\/li>\n<li>Cortocircuitos.<\/li>\n<li>Fen\u00f3menos meteorol\u00f3gicos: terremotos, huracanes, olas de calor o fr\u00edo extremo, maremotos, inundaciones, etc.<\/li>\n<li>Fallos humanos.<\/li>\n<li>Intencionados: por ejemplo, los apagones mundiales de 5 minutos en 2007 y 2009 en protesta por el cambio clim\u00e1tico.<\/li>\n<\/ul>\n<figure id=\"attachment_2105\" aria-describedby=\"caption-attachment-2105\" style=\"width: 464px\" class=\"wp-caption aligncenter\"><img decoding=\"async\" class=\"size-full wp-image-2105 lazyload\" alt=\"Imagen de Gran Breta\u00f1a cubierta por la nieve en 2010 (NASA).\" data-src=\"\/wp-content\/uploads\/2014\/02\/1_los-mayores-apagones-electricos-de-la-historia.jpg\" width=\"464\" height=\"600\" title=\"\" src=\"data:image\/svg+xml;base64,PHN2ZyB3aWR0aD0iMSIgaGVpZ2h0PSIxIiB4bWxucz0iaHR0cDovL3d3dy53My5vcmcvMjAwMC9zdmciPjwvc3ZnPg==\" style=\"--smush-placeholder-width: 464px; --smush-placeholder-aspect-ratio: 464\/600;\"><figcaption id=\"caption-attachment-2105\" class=\"wp-caption-text\">Imagen de Gran Breta\u00f1a cubierta por la nieve en 2010 (NASA).<\/figcaption><\/figure>\n<h3><strong>Impacto de un corte en el suministro el\u00e9ctrico<\/strong><\/h3>\n<p>Son muchos los servicios b\u00e1sicos que se ven afectados por un apag\u00f3n, y m\u00faltiples las consecuencias, entre ellas:<\/p>\n<ul>\n<li>El suministro de agua potable en edificios, ya que las bombas necesitan energ\u00eda el\u00e9ctrica para funcionar.<\/li>\n<li>Caos en el tr\u00e1fico al no poder contar con los sistemas de se\u00f1alizaci\u00f3n.<\/li>\n<li>El funcionamiento de ascensores.<\/li>\n<li>Algunos transportes p\u00fablicos, como los trenes el\u00e9ctricos.<\/li>\n<li>Perjuicios econ\u00f3micos en los comercios, grandes superficies, restaurantes y hoteles (los frigor\u00edficos no funcionan).<\/li>\n<li>El sector industrial se ve gravemente afectado en su producci\u00f3n.<\/li>\n<li>Imposibilidad de utilizar equipos inform\u00e1ticos con la p\u00e9rdida econ\u00f3mica que ello supone para las empresas.<\/li>\n<li>La poblaci\u00f3n sufre las consecuencias de no poder utilizar calefacci\u00f3n o aires acondicionados, adem\u00e1s de no poder usar ning\u00fan aparato el\u00e9ctrico.<\/li>\n<li>Saqueos y violencia.<\/li>\n<\/ul>\n<h3><img decoding=\"async\" class=\"alignnone size-full wp-image-2106 lazyload\" alt=\"blackout-3\" data-src=\"\/wp-content\/uploads\/2014\/02\/2_los-mayores-apagones-electricos-de-la-historia.jpg\" width=\"640\" height=\"357\" title=\"\" src=\"data:image\/svg+xml;base64,PHN2ZyB3aWR0aD0iMSIgaGVpZ2h0PSIxIiB4bWxucz0iaHR0cDovL3d3dy53My5vcmcvMjAwMC9zdmciPjwvc3ZnPg==\" style=\"--smush-placeholder-width: 640px; --smush-placeholder-aspect-ratio: 640\/357;\"><\/h3>\n<h3><strong>Algunos apagones \u201chist\u00f3ricos\u201d<\/strong><\/h3>\n<h3>Noreste de Estados Unidos, 1965 (14 horas)<\/h3>\n<p>El nueve de noviembre se produjo un colapso en la red el\u00e9ctrica que une la costa entre Estados Unidos y Canad\u00e1, \u00a0y los sistemas de protecci\u00f3n fallaron.\u00a0 El apag\u00f3n <strong>afect\u00f3 a 30 millones de personas<\/strong>.<\/p>\n<h3>Argentina, 1976 (7 d\u00edas)<\/h3>\n<p>El apag\u00f3n de Ledesma del 20 de julio fue causado por los militares para poder detener a personas contrarias al r\u00e9gimen.<\/p>\n<h3>Nueva York, 1977 (25 horas)<\/h3>\n<p>Una tormenta el\u00e9ctrica destruy\u00f3 un transformador. <strong>10 millones de personas afectadas<\/strong>. Un estudio del Congreso estim\u00f3 que el coste de los da\u00f1os alcanz\u00f3 los <strong>300 millones de d\u00f3lares<\/strong>.<\/p>\n<figure id=\"attachment_2107\" aria-describedby=\"caption-attachment-2107\" style=\"width: 640px\" class=\"wp-caption alignnone\"><img decoding=\"async\" class=\"size-full wp-image-2107 lazyload\" alt=\"La ciudad de Santiago (Chile) antes y durante el apag\u00f3n de 2010 (Wikimedia Commons).\" data-src=\"\/wp-content\/uploads\/2014\/02\/3_los-mayores-apagones-electricos-de-la-historia.jpg\" width=\"640\" height=\"234\" title=\"\" src=\"data:image\/svg+xml;base64,PHN2ZyB3aWR0aD0iMSIgaGVpZ2h0PSIxIiB4bWxucz0iaHR0cDovL3d3dy53My5vcmcvMjAwMC9zdmciPjwvc3ZnPg==\" style=\"--smush-placeholder-width: 640px; --smush-placeholder-aspect-ratio: 640\/234;\"><figcaption id=\"caption-attachment-2107\" class=\"wp-caption-text\">La ciudad de Santiago (Chile) antes y durante el apag\u00f3n de 2010 (Wikimedia Commons).<\/figcaption><\/figure>\n<h3>Canad\u00e1, 1989 (9 horas)<\/h3>\n<p>Una tormenta solar provoc\u00f3 un corte que afect\u00f3 a a <strong>seis millones de personas<\/strong>.<\/p>\n<h3>Nueva Zelanda, 1998 (<strong>66 d\u00edas<\/strong>)<\/h3>\n<p>Los cables el\u00e9ctricos subterr\u00e1neos estaban deteriorados y colapsaron.<\/p>\n<h3>Estados Unidos, 2003 (hasta 24 horas)<\/h3>\n<p>Una sobrecarga en la red provoc\u00f3 el cierre de 100 plantas de energ\u00eda el\u00e9ctrica. <strong>50 millones de personas afectadas<\/strong>.<\/p>\n<h3>Italia, 2003<\/h3>\n<p>Casi todo el pa\u00eds, unos <strong>57 millones de personas<\/strong>, \u00a0se vio afectado debido a desperfectos ocasionados por fuertes tormentas en las l\u00edneas de transmisi\u00f3n de energ\u00eda de Suiza y Francia.<\/p>\n<h3>Indonesia, 2005<\/h3>\n<p><strong>100 millones de personas<\/strong> vivieron la interrupci\u00f3n del suministro el\u00e9ctrico al averiarse una l\u00ednea de transmisi\u00f3n en Java.<\/p>\n<figure id=\"attachment_2108\" aria-describedby=\"caption-attachment-2108\" style=\"width: 640px\" class=\"wp-caption alignnone\"><img decoding=\"async\" class=\"size-full wp-image-2108 lazyload\" alt=\"La ciudad de Toronto a oscuras durante el apag\u00f3n de 2003(Wikimedia Commons).\" data-src=\"\/wp-content\/uploads\/2014\/02\/4_los-mayores-apagones-electricos-de-la-historia.jpg\" width=\"640\" height=\"400\" title=\"\" src=\"data:image\/svg+xml;base64,PHN2ZyB3aWR0aD0iMSIgaGVpZ2h0PSIxIiB4bWxucz0iaHR0cDovL3d3dy53My5vcmcvMjAwMC9zdmciPjwvc3ZnPg==\" style=\"--smush-placeholder-width: 640px; --smush-placeholder-aspect-ratio: 640\/400;\"><figcaption id=\"caption-attachment-2108\" class=\"wp-caption-text\">La ciudad de Toronto a oscuras durante el apag\u00f3n de 2003(Wikimedia Commons).<\/figcaption><\/figure>\n<h3>Europa Occidental, 2006 (30 minutos)<\/h3>\n<p><strong>Diez millones<\/strong> de personas de Francia, B\u00e9lgica, Holanda, Italia, Espa\u00f1a, Portugal, \u00a0Alemania y Austria sufrieron las consecuencias durante media hora de un error que se produjo en una empresa de energ\u00eda el\u00e9ctrica alemana.<\/p>\n<h3>Colombia, 2007 (horas)<\/h3>\n<p><strong>25 millones de personas<\/strong> se quedaron sin suministro durante varias horas por un fallo en una subestaci\u00f3n.<\/p>\n<h3>Barcelona (Espa\u00f1a), en 2007 (<strong>casi 3 d\u00edas<\/strong>)<\/h3>\n<p>Un incendio en una subestaci\u00f3n afect\u00f3 a 283.000 personas.<\/p>\n<h3>Brasil y Paraguay, 2009 (7 horas)<\/h3>\n<p>Afect\u00f3 a <strong>87 millones de personas<\/strong>. La causa fue un desperfecto producido por una tormenta el\u00e9ctrica en la central Represa de Itaip\u00fa.<\/p>\n<h3>China, 2008 (10 d\u00edas)<\/h3>\n<p><strong>Cuatro millones de personas<\/strong> vivieron las consecuencias entre de un corte el\u00e9ctrico producido por fuertes tormentas.<\/p>\n<h3>Chile, 2010 (hasta 2 semanas)<\/h3>\n<p>El 27 de febrero de 2010 un fuerte terremoto dej\u00f3 al 80 % de la poblaci\u00f3n (unos <strong>13 millones de personas<\/strong>) sin luz.<\/p>\n<h3>India, 2012 (2 d\u00edas)<\/h3>\n<p>El 31 de julio India sufri\u00f3 uno de los peores apagones de la historia: <strong>760 millones de personas<\/strong> se vieron afectadas.<\/p>\n<h3>Argentina, 2013-2014 (d\u00edas)<\/h3>\n<p>Una intensa ola de calor provoc\u00f3 un uso masivo de los aires acondicionados, lo cual gener\u00f3 prolongados apagones durante las fiestas de Navidad y A\u00f1o Nuevo.<\/p>\n<p><strong>Cuando se produce un corte o fallo en la red el\u00e9ctrica, los grupos electr\u00f3genos en reserva juegan un papel fundamental: no solo evitan incomodidades y p\u00e9rdidas econ\u00f3micas al proporcionar electricidad a cualquier instalaci\u00f3n, su utilizaci\u00f3n tambi\u00e9n salva vidas<\/strong>.<\/p>\n<figure id=\"attachment_2118\" aria-describedby=\"caption-attachment-2118\" style=\"width: 640px\" class=\"wp-caption alignnone\"><img decoding=\"async\" class=\"size-full wp-image-2118 lazyload\" alt=\"Three Inmesol emergency generators in the Swedish Civil Protection facilities. Emergency protocols are managed from here in the event of a catastrophe.\" data-src=\"\/wp-content\/uploads\/2014\/02\/5_los-mayores-apagones-electricos-de-la-historia.jpg\" width=\"640\" height=\"400\" title=\"\" src=\"data:image\/svg+xml;base64,PHN2ZyB3aWR0aD0iMSIgaGVpZ2h0PSIxIiB4bWxucz0iaHR0cDovL3d3dy53My5vcmcvMjAwMC9zdmciPjwvc3ZnPg==\" style=\"--smush-placeholder-width: 640px; --smush-placeholder-aspect-ratio: 640\/400;\"><figcaption id=\"caption-attachment-2118\" class=\"wp-caption-text\">Three Inmesol emergency generators in the Swedish Civil Protection facilities. Emergency protocols are managed from here in the event of a catastrophe.<\/figcaption><\/figure>\n<p>&nbsp;<\/p>\n<p>&nbsp;<\/p>\n<h3>Fotos:<\/h3>\n<p><strong>Antes del apag\u00f3n<\/strong><\/p>\n<p><span style=\"text-decoration: underline;\">URL: <\/span><a href=\"http:\/\/commons.wikimedia.org\/wiki\/File%3ASantiago_sur_segundos_antes_del_apagon.jpg\" target=\"_blank\" rel=\"noopener\">http:\/\/commons.wikimedia.org\/wiki\/File%3ASantiago_sur_segundos_antes_del_apagon.jpg<\/a><\/p>\n<p><span style=\"text-decoration: underline;\">Atribuci\u00f3n:<\/span><\/p>\n<p>By Ex-BGDA- (Own work) [GFDL (http:\/\/www.gnu.org\/copyleft\/fdl.html) or CC-BY-SA-3.0 (http:\/\/creativecommons.org\/licenses\/by-sa\/3.0)], via Wikimedia Commons<\/p>\n<p><strong>Despu\u00e9s del apag\u00f3n:<\/strong><\/p>\n<p><a href=\"http:\/\/commons.wikimedia.org\/wiki\/File%3ASantiago_sur_a_oscuras.jpg\" target=\"_blank\" rel=\"noopener\">http:\/\/commons.wikimedia.org\/wiki\/File%3ASantiago_sur_a_oscuras.jpg<\/a><\/p>\n<p><span style=\"text-decoration: underline;\">Atribuci\u00f3n:<\/span><\/p>\n<p>By Ex-BGDA- (Own work) [GFDL (http:\/\/www.gnu.org\/copyleft\/fdl.html) or CC-BY-SA-3.0-2.5-2.0-1.0 (http:\/\/creativecommons.org\/licenses\/by-sa\/3.0)], via Wikimedia Commons.<\/p>\n<p><strong>Nueva York 2003<\/strong><\/p>\n<p>Photo taken in <a title=\"w:New York City\" href=\"http:\/\/en.wikipedia.org\/wiki\/New_York_City\" target=\"_blank\" rel=\"noopener\">w:New York City<\/a> during the <a title=\"w:2003 North America blackout\" href=\"http:\/\/en.wikipedia.org\/wiki\/2003_North_America_blackout\" target=\"_blank\" rel=\"noopener\">w:2003 North America blackout<\/a>. Photographer: <a title=\"w:User:Glitch010101\" href=\"http:\/\/en.wikipedia.org\/wiki\/User:Glitch010101\" target=\"_blank\" rel=\"noopener\">w:User:Glitch010101<\/a> Originally from http:\/\/www.glitchnyc.com\/photos\/photo.php?apa_album_ID=52&amp;apa_photo_ID=1385&amp;apa_page=1 {{cc-by-sa-2.0}}<\/p>\n<p><strong>Reino Unido cubierto de nieve<\/strong><\/p>\n<p>URL: http:\/\/commons.wikimedia.org\/wiki\/File%3AGreat_Britain_Snowy.jpg<\/p>\n<p><span style=\"text-decoration: underline;\">Atribuci\u00f3n: <\/span><\/p>\n<p>By NASA image by Jeff Schmaltz, MODIS Rapid Response Team, Goddard Space Flight Center. [Public domain], via Wikimedia Commons.<\/p>\n<p><strong>Toronto<\/strong><\/p>\n<p>URL:\u00a0<a href=\"http:\/\/commons.wikimedia.org\/wiki\/File%3AToronto_ON_2003_Blackout.jpg\" target=\"_blank\" rel=\"noopener\">http:\/\/commons.wikimedia.org\/wiki\/File%3AToronto_ON_2003_Blackout.jpg<\/a><\/p>\n<p>Atribuci\u00f3n:<\/p>\n<p>By Camerafiend at en.wikipedia [GFDL (www.gnu.org\/copyleft\/fdl.html) or CC-BY-SA-3.0 (http:\/\/creativecommons.org\/licenses\/by-sa\/3.0\/)], from Wikimedia Commons<\/p>\n","protected":false},"excerpt":{"rendered":"<p>Desde que se invent\u00f3 la electricidad, se han producido apagones el\u00e9ctricos en el mundo que podemos denominar \u201chist\u00f3ricos\u201d y otros que, aun teniendo consecuencias de dimensiones menores, tienen un gran impacto en la econom\u00eda y en la vida cotidiana de aquellos que se ven afectados.<\/p>\n","protected":false},"author":2,"featured_media":2114,"comment_status":"closed","ping_status":"open","sticky":false,"template":"","format":"standard","meta":{"inline_featured_image":false,"footnotes":""},"categories":[22,32],"tags":[],"categorias-smart-power-":[],"paises-":[],"class_list":["post-2708","post","type-post","status-publish","format-standard","has-post-thumbnail","hentry","category-ciencia-y-tecnologia","category-espanol"],"_links":{"self":[{"href":"https:\/\/www.inmesol.com\/fr\/wp-json\/wp\/v2\/posts\/2708","targetHints":{"allow":["GET"]}}],"collection":[{"href":"https:\/\/www.inmesol.com\/fr\/wp-json\/wp\/v2\/posts"}],"about":[{"href":"https:\/\/www.inmesol.com\/fr\/wp-json\/wp\/v2\/types\/post"}],"author":[{"embeddable":true,"href":"https:\/\/www.inmesol.com\/fr\/wp-json\/wp\/v2\/users\/2"}],"replies":[{"embeddable":true,"href":"https:\/\/www.inmesol.com\/fr\/wp-json\/wp\/v2\/comments?post=2708"}],"version-history":[{"count":0,"href":"https:\/\/www.inmesol.com\/fr\/wp-json\/wp\/v2\/posts\/2708\/revisions"}],"wp:featuredmedia":[{"embeddable":true,"href":"https:\/\/www.inmesol.com\/fr\/wp-json\/"}],"wp:attachment":[{"href":"https:\/\/www.inmesol.com\/fr\/wp-json\/wp\/v2\/media?parent=2708"}],"wp:term":[{"taxonomy":"category","embeddable":true,"href":"https:\/\/www.inmesol.com\/fr\/wp-json\/wp\/v2\/categories?post=2708"},{"taxonomy":"post_tag","embeddable":true,"href":"https:\/\/www.inmesol.com\/fr\/wp-json\/wp\/v2\/tags?post=2708"},{"taxonomy":"categorias-smart-power-","embeddable":true,"href":"https:\/\/www.inmesol.com\/fr\/wp-json\/wp\/v2\/categorias-smart-power-?post=2708"},{"taxonomy":"paises-","embeddable":true,"href":"https:\/\/www.inmesol.com\/fr\/wp-json\/wp\/v2\/paises-?post=2708"}],"curies":[{"name":"wp","href":"https:\/\/api.w.org\/{rel}","templated":true}]}}