{"id":2709,"date":"2014-02-26T18:59:17","date_gmt":"2014-02-26T17:59:17","guid":{"rendered":"http:\/\/www.inmesol.es\/blog\/?p=2132"},"modified":"2025-01-09T16:04:26","modified_gmt":"2025-01-09T16:04:26","slug":"balance-de-nuestra-presencia-en-la-middle-east-electricity","status":"publish","type":"post","link":"https:\/\/www.inmesol.com\/fr\/blog\/balance-de-nuestra-presencia-en-la-middle-east-electricity\/","title":{"rendered":"Balance de nuestra presencia en la Middle East Electricity"},"content":{"rendered":"<p>Entrevistamos a Jalil Azdem, m\u00e1nager del \u00c1rea de Oriente Medio y Asia en Inmesol, tras el evento<\/p>\n<figure id=\"attachment_2125\" aria-describedby=\"caption-attachment-2125\" style=\"width: 640px\" class=\"wp-caption alignnone\"><img fetchpriority=\"high\" decoding=\"async\" class=\"wp-image-2125 size-full\" src=\"\/wp-content\/uploads\/2014\/02\/balance-de-nuestra-presencia-en-la-middle-east-electricity.jpg\" alt=\" Jalil Azdem, m\u00e1nager del \u00c1rea de Oriente Medio y Asia\" width=\"640\" height=\"400\" title=\"\"><figcaption id=\"caption-attachment-2125\" class=\"wp-caption-text\">Jalil Azdem.<\/figcaption><\/figure>\n<p>Por tercer a\u00f1o consecutivo Inmesol ha participado como expositor en la Middle East Electricity. <strong>\u00bfCu\u00e1l ha sido su impresi\u00f3n general sobre la edici\u00f3n 2014?<\/strong><\/p>\n<p>La Feria es, sin lugar a dudas, un punto de encuentro crucial entre europeos, \u00e1rabes de Oriente Medio, africanos \u00a0y asi\u00e1ticos del sector. Para Inmesol es importante participar como empresa expositora y estar en contacto con estos mercados en los que tenemos muchos clientes. Por otro lado, es un evento id\u00f3neo para abrir oportunidades de negocio, compartir informaci\u00f3n y novedades tecnol\u00f3gicas, as\u00ed como datos sobre el crecimiento del mercado del sector el\u00e9ctrico en general y de los grupos electr\u00f3genos en particular.<\/p>\n<p><strong>\u00bfQu\u00e9 resaltar\u00eda de la participaci\u00f3n de Inmesol en la feria? <\/strong><\/p>\n<p>Este a\u00f1o ha seguido teniendo una gran repercusi\u00f3n <a href=\"http:\/\/www.inmesol.es\/blog\/proxima-presentacion-en-dubai-del-sistema-hibrido-inmesol\" target=\"_blank\" rel=\"noopener\"><strong>el grupo h\u00edbrido<\/strong><\/a> que presentamos en la pasada edici\u00f3n. Se trata de un <strong>producto poco com\u00fan<\/strong> cuya funci\u00f3n despierta mucho inter\u00e9s, por lo que hemos dedicado buena parte de nuestra presencia en la feria a <strong>explicar las caracter\u00edsticas y aplicaciones de este grupo electr\u00f3geno dise\u00f1ado espec\u00edficamente para instalaciones de telecomunicaciones<\/strong>. Ha habido una gran oportunidad comercial, lo cual nos satisface porque somos una empresa espa\u00f1ola muy din\u00e1mica que est\u00e1 exportando calidad e innovaci\u00f3n a pa\u00edses muy exigentes.<\/p>\n<p><strong>\u00bfQu\u00e9 novedades ha presentado Inmesol?<\/strong><\/p>\n<p>Hemos presentado <strong>tres nuevos productos<\/strong>: <span style=\"text-decoration: underline;\">un grupo electr\u00f3geno de 20 kVA insonoro con motor Perkins y cuadro manual<\/span>, <span style=\"text-decoration: underline;\">un grupo de 100 kVA, tambi\u00e9n insonoro, con motor Volvo y cuadro autom\u00e1tico sin conmutaci\u00f3n<\/span>, y <span style=\"text-decoration: underline;\">una torre de iluminaci\u00f3n de 8 kVA<\/span>.<\/p>\n<figure id=\"attachment_2126\" aria-describedby=\"caption-attachment-2126\" style=\"width: 640px\" class=\"wp-caption alignnone\"><img decoding=\"async\" class=\"wp-image-2126 size-full lazyload\" data-src=\"\/wp-content\/uploads\/2014\/02\/1_balance-de-nuestra-presencia-en-la-middle-east-electricity.jpg\" alt=\"torre de iluminaci\u00f3n de 8 kVA desarrollada por Inmesol y detalle de los focos.\" width=\"640\" height=\"700\" title=\"\" src=\"data:image\/svg+xml;base64,PHN2ZyB3aWR0aD0iMSIgaGVpZ2h0PSIxIiB4bWxucz0iaHR0cDovL3d3dy53My5vcmcvMjAwMC9zdmciPjwvc3ZnPg==\" style=\"--smush-placeholder-width: 640px; --smush-placeholder-aspect-ratio: 640\/700;\"><figcaption id=\"caption-attachment-2126\" class=\"wp-caption-text\">Im\u00e1genes de uno de los productos presentados en Dub\u00e1i: la nueva torre de iluminaci\u00f3n de 8 kVA desarrollada por Inmesol y detalle de los focos.<\/figcaption><\/figure>\n<p>La Middle East Electricity tiene lugar todos los a\u00f1os en Dub\u00e1i. La feria est\u00e1 considerada la m\u00e1s importante del sector energ\u00e9tico en la regi\u00f3n de Oriente Medio. La edici\u00f3n de 2014 se ha celebrado del 11 al 13 de febrero y ha superado en cifras a las 39 anteriores. La pr\u00f3xima cita ser\u00e1 del 2 al 4 de marzo de 2015.<\/p>\n","protected":false},"excerpt":{"rendered":"<p>La Feria es, sin lugar a dudas, un punto de encuentro crucial entre europeos, \u00e1rabes de Oriente Medio, africanos  y asi\u00e1ticos del sector. Para Inmesol es importante participar como empresa expositora y estar en contacto con estos mercados en los que tenemos muchos clientes.<\/p>\n","protected":false},"author":2,"featured_media":2127,"comment_status":"closed","ping_status":"open","sticky":false,"template":"","format":"standard","meta":{"inline_featured_image":false,"footnotes":""},"categories":[32,19],"tags":[],"categorias-smart-power-":[],"paises-":[],"class_list":["post-2709","post","type-post","status-publish","format-standard","has-post-thumbnail","hentry","category-espanol","category-ferias-eventos"],"_links":{"self":[{"href":"https:\/\/www.inmesol.com\/fr\/wp-json\/wp\/v2\/posts\/2709","targetHints":{"allow":["GET"]}}],"collection":[{"href":"https:\/\/www.inmesol.com\/fr\/wp-json\/wp\/v2\/posts"}],"about":[{"href":"https:\/\/www.inmesol.com\/fr\/wp-json\/wp\/v2\/types\/post"}],"author":[{"embeddable":true,"href":"https:\/\/www.inmesol.com\/fr\/wp-json\/wp\/v2\/users\/2"}],"replies":[{"embeddable":true,"href":"https:\/\/www.inmesol.com\/fr\/wp-json\/wp\/v2\/comments?post=2709"}],"version-history":[{"count":0,"href":"https:\/\/www.inmesol.com\/fr\/wp-json\/wp\/v2\/posts\/2709\/revisions"}],"wp:featuredmedia":[{"embeddable":true,"href":"https:\/\/www.inmesol.com\/fr\/wp-json\/"}],"wp:attachment":[{"href":"https:\/\/www.inmesol.com\/fr\/wp-json\/wp\/v2\/media?parent=2709"}],"wp:term":[{"taxonomy":"category","embeddable":true,"href":"https:\/\/www.inmesol.com\/fr\/wp-json\/wp\/v2\/categories?post=2709"},{"taxonomy":"post_tag","embeddable":true,"href":"https:\/\/www.inmesol.com\/fr\/wp-json\/wp\/v2\/tags?post=2709"},{"taxonomy":"categorias-smart-power-","embeddable":true,"href":"https:\/\/www.inmesol.com\/fr\/wp-json\/wp\/v2\/categorias-smart-power-?post=2709"},{"taxonomy":"paises-","embeddable":true,"href":"https:\/\/www.inmesol.com\/fr\/wp-json\/wp\/v2\/paises-?post=2709"}],"curies":[{"name":"wp","href":"https:\/\/api.w.org\/{rel}","templated":true}]}}