{"id":2710,"date":"2014-02-27T20:21:38","date_gmt":"2014-02-27T19:21:38","guid":{"rendered":"http:\/\/www.inmesol.es\/blog\/?p=2169"},"modified":"2026-01-19T17:57:22","modified_gmt":"2026-01-19T17:57:22","slug":"inmesol-se-convierte-en-aula-practica-para-jovenes-estudiantes","status":"publish","type":"post","link":"https:\/\/www.inmesol.com\/fr\/blog\/inmesol-se-convierte-en-aula-practica-para-jovenes-estudiantes\/","title":{"rendered":"Inmesol se convierte en aula pr\u00e1ctica para j\u00f3venes estudiantes"},"content":{"rendered":"<p><strong>Las instalaciones de Inmesol<\/strong> se convirtieron la semana pasada en <strong>un aula de pr\u00e1cticas<\/strong> para 32 <strong>alumnos del <\/strong><a href=\"http:\/\/www.colegiosanjose-espinardo.com\" target=\"_blank\" rel=\"noopener\">Colegio San Jos\u00e9<\/a>, un centro biling\u00fce concertado ubicado en la poblaci\u00f3n de Espinardo (Murcia).<\/p>\n<p><img fetchpriority=\"high\" decoding=\"async\" class=\"alignnone wp-image-2166 size-full\" src=\"\/wp-content\/uploads\/2014\/02\/inmesol-se-convierte-en-aula-practica-para-jovenes-estudiantes.jpg\" alt=\"32 alumnos del Colegio San Jos\u00e9 de visita en Inmesol\" width=\"640\" height=\"400\" title=\"\"><\/p>\n<p>Los estudiantes, alumnos de cuarto curso de Educaci\u00f3n Secundaria Obligatoria y de segundo de Bachillerato en Ciencias Sociales, <strong>vinieron acompa\u00f1ados de su profesor de Econom\u00eda<\/strong>, \u00c1ngel Vallelado, <strong>y de su profesora de Geograf\u00eda<\/strong>, Laura Ruiz.<\/p>\n<p><strong>Todos los chicos est\u00e1n cursando actualmente asignaturas relacionadas con la empresa,<\/strong> as\u00ed que el <span style=\"text-decoration: underline;\">objetivo <\/span>de su estancia entre nosotros fue que experimentaran en primera persona y en una empresa real la <strong>aplicaci\u00f3n pr\u00e1ctica de los contenidos te\u00f3ricos<\/strong> que estudian en su centro: los de segundo, las diferentes \u00e1reas involucradas en la <span style=\"text-decoration: underline;\">direcci\u00f3n de empresas<\/span>; los de cuarto, <span style=\"text-decoration: underline;\">administraci\u00f3n y gesti\u00f3n de la empresa<\/span>. Estos \u00faltimos, adem\u00e1s, <strong>participan en el proyecto <\/strong>Empresa Joven Europea y <strong>han creado una cooperativa escolar<\/strong>, aportando capital social, por lo que han tenido que aprender, por ejemplo, a redactar los estatutos y a trabajar con otras cooperativas asociadas; una ubicada en Asturias y otra en Ecuador (ficha de la cooperativa).<\/p>\n<h3>La creatividad en la empresa, un valor que quisimos transmitirles<\/h3>\n<p>La primera parte de la jornada la dedicamos a realizar una <strong>presentaci\u00f3n de nuestra empresa<\/strong> y a <strong>transmitirles el valor que tiene la creatividad<\/strong> en cualquier sector empresarial.<\/p>\n<p>Jos\u00e9 Luis Solano, <span style=\"text-decoration: underline;\">adjunto a la gerencia de Inmesol y jefe de Producci\u00f3n y del departamento de I+D+I<\/span>, les explic\u00f3 nuestra <strong>historia y evoluci\u00f3n<\/strong> como empresa familiar, nuestra <strong>pol\u00edtica y filosof\u00eda<\/strong>, y c\u00f3mo la <strong>exportaci\u00f3n <\/strong>est\u00e1 siendo clave en nuestra <strong>estrategia empresarial<\/strong> en la actual situaci\u00f3n de crisis. Asimismo, <strong>anim\u00f3 a los chicos<\/strong> a tener una mentalidad abierta y <strong>a permitirse considerar ideas innovadoras<\/strong>, ya que el desarrollo de la creatividad es un factor fundamental a la hora de ser competitivo y hacer crecer una empresa con ilusi\u00f3n y confianza; sobre todo, cuando la coyuntura econ\u00f3mica no es favorable.<\/p>\n<p>Posteriormente, \u00a0Jose Galarzo, <span style=\"text-decoration: underline;\">gestora de Calidad de Inmesol<\/span>, les explic\u00f3 qu\u00e9 tipo de <strong>organigrama <\/strong>tenemos, <strong>las funciones de cada departamento<\/strong>, los diversos <strong>productos<\/strong> que dise\u00f1amos y producimos, y sus diversas <strong>aplicaciones<\/strong>.<\/p>\n<h3>Visita guiada por las \u00e1reas de producci\u00f3n<\/h3>\n<p>La segunda parte de la jornada la dedicamos a realizar un <strong>recorrido por las diferentes secciones de producci\u00f3n<\/strong>. El <span style=\"text-decoration: underline;\">ingeniero<\/span> Hakan Ericsson les fue explicando <i>in situ<\/i> <strong>c\u00f3mo se fabrican los grupos electr\u00f3genos<\/strong>, las <strong>torres de iluminaci\u00f3n<\/strong> y el cometido de los operarios en cada fase del proceso productivo. Los estudiantes mostraron un <strong>inter\u00e9s <\/strong>especial <strong>por el robot de plegado<\/strong>, <strong>el de soldadura<\/strong> y <strong>la m\u00e1quina de corte por agua<\/strong>; maquinaria que la mayor\u00eda no hab\u00eda visto nunca, y unos pocos tan solo en v\u00eddeos. Al llegar a la <strong>secci\u00f3n de Expedici\u00f3n<\/strong>, tambi\u00e9n mostraron su entusiasmo al ver los diferentes destinos internacionales que aparec\u00edan en las etiquetas de los grupos electr\u00f3genos preparados para ser enviados a Leipzig (Alemania), Odense (Dinamarca) o Santiago de Chile.<\/p>\n<p><img decoding=\"async\" class=\"alignnone wp-image-2168 size-full lazyload\" data-src=\"\/wp-content\/uploads\/2014\/02\/2_inmesol-se-convierte-en-aula-practica-para-jovenes-estudiantes.jpg\" alt=\"Visitando las instalaciones de Inmesol\" width=\"640\" height=\"400\" title=\"\" src=\"data:image\/svg+xml;base64,PHN2ZyB3aWR0aD0iMSIgaGVpZ2h0PSIxIiB4bWxucz0iaHR0cDovL3d3dy53My5vcmcvMjAwMC9zdmciPjwvc3ZnPg==\" style=\"--smush-placeholder-width: 640px; --smush-placeholder-aspect-ratio: 640\/400;\"><\/p>\n<p>Fue muy gratificante para todos nosotros conseguir despertar el inter\u00e9s en estos j\u00f3venes de nuestra regi\u00f3n, constatar sus ganas de aprender y su curiosidad, y transmitirles valores en los que creemos, como la voluntad y el entusiasmo.<\/p>\n","protected":false},"excerpt":{"rendered":"<p>Las instalaciones de Inmesol se convirtieron la semana pasada en un aula de pr\u00e1cticas para 32 alumnos del Colegio San Jos\u00e9, un centro biling\u00fce concertado ubicado en la poblaci\u00f3n de Espinardo (Murcia). <\/p>\n","protected":false},"author":2,"featured_media":0,"comment_status":"closed","ping_status":"open","sticky":false,"template":"","format":"standard","meta":{"inline_featured_image":false,"footnotes":""},"categories":[17,32],"tags":[],"categorias-smart-power-":[],"paises-":[],"class_list":["post-2710","post","type-post","status-publish","format-standard","hentry","category-corporativo","category-espanol"],"_links":{"self":[{"href":"https:\/\/www.inmesol.com\/fr\/wp-json\/wp\/v2\/posts\/2710","targetHints":{"allow":["GET"]}}],"collection":[{"href":"https:\/\/www.inmesol.com\/fr\/wp-json\/wp\/v2\/posts"}],"about":[{"href":"https:\/\/www.inmesol.com\/fr\/wp-json\/wp\/v2\/types\/post"}],"author":[{"embeddable":true,"href":"https:\/\/www.inmesol.com\/fr\/wp-json\/wp\/v2\/users\/2"}],"replies":[{"embeddable":true,"href":"https:\/\/www.inmesol.com\/fr\/wp-json\/wp\/v2\/comments?post=2710"}],"version-history":[{"count":0,"href":"https:\/\/www.inmesol.com\/fr\/wp-json\/wp\/v2\/posts\/2710\/revisions"}],"wp:attachment":[{"href":"https:\/\/www.inmesol.com\/fr\/wp-json\/wp\/v2\/media?parent=2710"}],"wp:term":[{"taxonomy":"category","embeddable":true,"href":"https:\/\/www.inmesol.com\/fr\/wp-json\/wp\/v2\/categories?post=2710"},{"taxonomy":"post_tag","embeddable":true,"href":"https:\/\/www.inmesol.com\/fr\/wp-json\/wp\/v2\/tags?post=2710"},{"taxonomy":"categorias-smart-power-","embeddable":true,"href":"https:\/\/www.inmesol.com\/fr\/wp-json\/wp\/v2\/categorias-smart-power-?post=2710"},{"taxonomy":"paises-","embeddable":true,"href":"https:\/\/www.inmesol.com\/fr\/wp-json\/wp\/v2\/paises-?post=2710"}],"curies":[{"name":"wp","href":"https:\/\/api.w.org\/{rel}","templated":true}]}}