{"id":2712,"date":"2014-03-21T14:18:13","date_gmt":"2014-03-21T13:18:13","guid":{"rendered":"http:\/\/www.inmesol.es\/blog\/?p=2246"},"modified":"2023-06-21T13:02:44","modified_gmt":"2023-06-21T13:02:44","slug":"grupos-electrogenos-de-emergencia-en-argelia","status":"publish","type":"post","link":"https:\/\/www.inmesol.com\/fr\/blog\/grupos-electrogenos-de-emergencia-en-argelia\/","title":{"rendered":"Grupos electr\u00f3genos de emergencia en Argelia"},"content":{"rendered":"<p>Los <strong>grupos electr\u00f3genos de<\/strong> la gama de <strong>emergencia <\/strong>de <strong>Inmesol<\/strong> est\u00e1n dise\u00f1ados para entrar en funcionamiento <strong>autom\u00e1ticamente<\/strong> cuando se produce un fallo en la red principal de suministro el\u00e9ctrico, y para proporcionar, en estas condiciones de reserva, el <strong>m\u00e1ximo rendimiento<\/strong> a trav\u00e9s de un <strong>avanzado panel de control<\/strong> que <strong>optimiza la carga el\u00e9ctrica<\/strong> con toda fiabilidad.<\/p>\n<p>Esta gama de grupos electr\u00f3genos es la <strong>soluci\u00f3n \u00f3ptima<\/strong> <strong>para<\/strong> todos aquellas <strong>instalaciones<\/strong> que, por la actividad que se lleva a cabo en ellas, <strong>no pueden correr el riesgo que supone depender exclusivamente de la red el\u00e9ctrica principal<\/strong>.<\/p>\n<figure id=\"attachment_2245\" aria-describedby=\"caption-attachment-2245\" style=\"width: 640px\" class=\"wp-caption alignnone\"><img fetchpriority=\"high\" decoding=\"async\" class=\"wp-image-2245 size-full\" src=\"\/wp-content\/uploads\/2014\/03\/grupos-electrogenos-de-emergencia-en-argelia.jpg\" alt=\"Grupos electr\u00f3genos INMESOL de emergencia, instalados en la plataforma log\u00edstica de Argel.\" width=\"640\" height=\"400\" title=\"\"><figcaption id=\"caption-attachment-2245\" class=\"wp-caption-text\">En la imagen, los grupos electr\u00f3genos de emergencia instalados en la plataforma log\u00edstica de Argel.<\/figcaption><\/figure>\n<p>Un buen ejemplo de instalaci\u00f3n que necesita tener garantizado el suministro el\u00e9ctrico en caso de fallo en la red es el de <strong>una importante plataforma log\u00edstica de Argelia<\/strong> ubicada en <strong>el mayor n\u00facleo industrial de Argel<\/strong>, en Ruiba. Sus instalaciones albergan un gran n\u00famero de <strong>c\u00e1maras frigor\u00edficas<\/strong>, por lo que un corte en la alimentaci\u00f3n le supondr\u00eda graves perjuicios econ\u00f3micos.<\/p>\n<p>Los t\u00e9cnicos de nuestro <strong>importador y distribuidor<\/strong> en Argelia, <strong>SARL OBI<\/strong>,&nbsp; instalaron el mes pasado varios grupos de 500 kVA en la plataforma despu\u00e9s de realizar un riguroso <strong>estudio para calcular las necesidades de potencia<\/strong> de las instalaciones. Adem\u00e1s de la calidad de nuestros grupos electr\u00f3genos, el cliente, a la hora de tomar su decisi\u00f3n,&nbsp; tambi\u00e9n valor\u00f3 <strong>la insonorizaci\u00f3n que las carrocer\u00edas Inmesol proporcionan a los equipos<\/strong>.<\/p>\n","protected":false},"excerpt":{"rendered":"<p>Los grupos electr\u00f3genos de la gama de emergencia de Inmesol est\u00e1n dise\u00f1ados para entrar en funcionamiento autom\u00e1ticamente cuando se produce un fallo en la red principal de suministro el\u00e9ctrico, y para proporcionar, en estas condiciones de reserva, el m\u00e1ximo rendimiento a trav\u00e9s de un avanzado panel de control que optimiza la carga el\u00e9ctrica con toda fiabilidad.<\/p>\n","protected":false},"author":2,"featured_media":2243,"comment_status":"closed","ping_status":"open","sticky":false,"template":"","format":"standard","meta":{"inline_featured_image":false,"footnotes":""},"categories":[26,32,58],"tags":[23],"categorias-smart-power-":[],"paises-":[59],"class_list":["post-2712","post","type-post","status-publish","format-standard","has-post-thumbnail","hentry","category-distribuidores","category-espanol","category-casos-de-exito","tag-grupos-electrogenos-de-emergencia","paises--africa"],"_links":{"self":[{"href":"https:\/\/www.inmesol.com\/fr\/wp-json\/wp\/v2\/posts\/2712","targetHints":{"allow":["GET"]}}],"collection":[{"href":"https:\/\/www.inmesol.com\/fr\/wp-json\/wp\/v2\/posts"}],"about":[{"href":"https:\/\/www.inmesol.com\/fr\/wp-json\/wp\/v2\/types\/post"}],"author":[{"embeddable":true,"href":"https:\/\/www.inmesol.com\/fr\/wp-json\/wp\/v2\/users\/2"}],"replies":[{"embeddable":true,"href":"https:\/\/www.inmesol.com\/fr\/wp-json\/wp\/v2\/comments?post=2712"}],"version-history":[{"count":0,"href":"https:\/\/www.inmesol.com\/fr\/wp-json\/wp\/v2\/posts\/2712\/revisions"}],"wp:featuredmedia":[{"embeddable":true,"href":"https:\/\/www.inmesol.com\/fr\/wp-json\/"}],"wp:attachment":[{"href":"https:\/\/www.inmesol.com\/fr\/wp-json\/wp\/v2\/media?parent=2712"}],"wp:term":[{"taxonomy":"category","embeddable":true,"href":"https:\/\/www.inmesol.com\/fr\/wp-json\/wp\/v2\/categories?post=2712"},{"taxonomy":"post_tag","embeddable":true,"href":"https:\/\/www.inmesol.com\/fr\/wp-json\/wp\/v2\/tags?post=2712"},{"taxonomy":"categorias-smart-power-","embeddable":true,"href":"https:\/\/www.inmesol.com\/fr\/wp-json\/wp\/v2\/categorias-smart-power-?post=2712"},{"taxonomy":"paises-","embeddable":true,"href":"https:\/\/www.inmesol.com\/fr\/wp-json\/wp\/v2\/paises-?post=2712"}],"curies":[{"name":"wp","href":"https:\/\/api.w.org\/{rel}","templated":true}]}}