{"id":2725,"date":"2014-05-20T16:48:03","date_gmt":"2014-05-20T14:48:03","guid":{"rendered":"http:\/\/www.inmesol.es\/blog\/?p=2433"},"modified":"2023-06-21T10:18:04","modified_gmt":"2023-06-21T10:18:04","slug":"estuvimos-en-expomin-la-feria-minera-de-referencia-en-latinoamerica","status":"publish","type":"post","link":"https:\/\/www.inmesol.com\/fr\/blog\/estuvimos-en-expomin-la-feria-minera-de-referencia-en-latinoamerica\/","title":{"rendered":"Estuvimos en Expomin, la feria minera de referencia en Latinoam\u00e9rica"},"content":{"rendered":"<p><img fetchpriority=\"high\" decoding=\"async\" class=\"aligncenter wp-image-2437 size-full\" src=\"\/wp-content\/uploads\/2014\/05\/estuvimos-en-expomin-la-feria-minera-de-referencia-en-latinoamerica.jpg\" alt=\"Inmesol en Expomin 2014, en Chile.\" width=\"600\" height=\"180\" title=\"\"><\/p>\n<p>Del 21 al 25 de abril se celebr\u00f3 en Santiago de Chile la <strong>13\u00aa edici\u00f3n de Expomin<\/strong>, la mayor feria minera de Latinoam\u00e9rica y <strong>una de las m\u00e1s importantes del mundo<\/strong>. Inmesol estuvo presente en la muestra exponiendo sus <strong>grupos electr\u00f3genos<\/strong> a trav\u00e9s de nuestro distribuidor en Chile, <strong>Emaresa<\/strong>.<\/p>\n<p><img decoding=\"async\" class=\"alignnone wp-image-2432 size-full lazyload\" data-src=\"\/wp-content\/uploads\/2014\/05\/1_estuvimos-en-expomin-la-feria-minera-de-referencia-en-latinoamerica.jpg\" alt=\"Stand en la feria de Emaresa con los grupos electr\u00f3genos de Inmesol.\" width=\"640\" height=\"400\" title=\"\" src=\"data:image\/svg+xml;base64,PHN2ZyB3aWR0aD0iMSIgaGVpZ2h0PSIxIiB4bWxucz0iaHR0cDovL3d3dy53My5vcmcvMjAwMC9zdmciPjwvc3ZnPg==\" style=\"--smush-placeholder-width: 640px; --smush-placeholder-aspect-ratio: 640\/400;\"><\/p>\n<p><a href=\"http:\/\/www.expomin.cl\/\" target=\"_blank\" rel=\"noopener\">Expomin<\/a> es el <strong>escaparate <\/strong>de las empresas proveedoras de <strong>productos y servicios tecnol\u00f3gicos<\/strong> para la industria minera: seguridad, telecomunicaciones, <strong>generaci\u00f3n el\u00e9ctrica<\/strong>, etc., as\u00ed como un foro en el que se tratan los temas m\u00e1s importantes relacionados con el desarrollo y el futuro de la miner\u00eda (Chile marca muchas de las pautas del sector a sus pa\u00edses vecinos debido a que la miner\u00eda tiene un peso fundamental en su econom\u00eda).<\/p>\n<h3>Chile da la bienvenida a la oferta tecnol\u00f3gica internacional<\/h3>\n<p>En esta edici\u00f3n, la superficie de la muestra casi duplic\u00f3 la de 2012 (125.000 m\u00b2), participaron <strong>1.640 expositores de 36 pa\u00edses<\/strong> y asistieron 80.000 visitantes.<\/p>\n<p><img decoding=\"async\" class=\"alignnone wp-image-2426 size-full lazyload\" data-src=\"\/wp-content\/uploads\/2014\/05\/2_estuvimos-en-expomin-la-feria-minera-de-referencia-en-latinoamerica.jpg\" alt=\"Distribuidor en Chile de Inmesol, Emaresa Ingenieros y Representaciones, S.A\" width=\"640\" height=\"400\" title=\"\" src=\"data:image\/svg+xml;base64,PHN2ZyB3aWR0aD0iMSIgaGVpZ2h0PSIxIiB4bWxucz0iaHR0cDovL3d3dy53My5vcmcvMjAwMC9zdmciPjwvc3ZnPg==\" style=\"--smush-placeholder-width: 640px; --smush-placeholder-aspect-ratio: 640\/400;\"><\/p>\n<p>Los organizadores de la feria han mostrado su satisfacci\u00f3n por la <strong>alta presencia internacional<\/strong> en la edici\u00f3n de este a\u00f1o, ya que, tal como han manifestado: \u201cLa participaci\u00f3n de las empresas extranjeras es fundamental: <strong>la miner\u00eda nacional no puede abastecerse de proveedores chilenos, porque la oferta de tecnolog\u00eda chilena sigue siendo muy limitada<\/strong>. Esta feria cubre cerca de un 70% de oferta que viene de otros pa\u00edses y la muestra de cada uno de ellos ha ido creciendo en cada edici\u00f3n\u201d.<\/p>\n<p>Nuestro distribuidor en Chile, <a href=\"http:\/\/www.emaresa.cl\/\" target=\"_blank\" rel=\"noopener\">Emaresa Ingenieros y Representaciones, S.A.<\/a>, se dedica desde 1972 a la fabricaci\u00f3n, importaci\u00f3n, distribuci\u00f3n y arrendamiento de equipos para atender las demandas del mercado nacional, as\u00ed como a desarrollar soluciones de ingenier\u00eda y ofrecer un excelente servicio de posventa a sus clientes<\/p>\n<h3>Datos de contacto de Emaresa, distribuidor oficial de Inmesol en Chile:<\/h3>\n<p><strong>Emaresa Construcci\u00f3n<\/strong><strong><br \/>\n<\/strong>Tel: (+56 2) 2460 2020<br \/>\nSanta Adela 9901 &#8211; Maip\u00fa \u2013 Santiago<br \/>\nconstruccion@emaresa.cl<br \/>\n<a href=\"http:\/\/www.emaresa.cl\/\" target=\"_blank\" rel=\"noopener\">www.emaresa.cl<\/a><\/p>\n","protected":false},"excerpt":{"rendered":"<p>Del 21 al 25 de abril se celebr\u00f3 en Santiago de Chile la 13\u00aa edici\u00f3n de Expomin, la mayor feria minera de Latinoam\u00e9rica y una de las m\u00e1s importantes del mundo. Inmesol estuvo presente en la muestra exponiendo sus grupos electr\u00f3genos a trav\u00e9s de nuestro distribuidor en Chile, Emaresa.<\/p>\n","protected":false},"author":2,"featured_media":2427,"comment_status":"closed","ping_status":"closed","sticky":false,"template":"","format":"standard","meta":{"inline_featured_image":false,"footnotes":""},"categories":[19,26,32],"tags":[],"categorias-smart-power-":[],"paises-":[],"class_list":["post-2725","post","type-post","status-publish","format-standard","has-post-thumbnail","hentry","category-ferias-eventos","category-distribuidores","category-espanol"],"_links":{"self":[{"href":"https:\/\/www.inmesol.com\/fr\/wp-json\/wp\/v2\/posts\/2725","targetHints":{"allow":["GET"]}}],"collection":[{"href":"https:\/\/www.inmesol.com\/fr\/wp-json\/wp\/v2\/posts"}],"about":[{"href":"https:\/\/www.inmesol.com\/fr\/wp-json\/wp\/v2\/types\/post"}],"author":[{"embeddable":true,"href":"https:\/\/www.inmesol.com\/fr\/wp-json\/wp\/v2\/users\/2"}],"replies":[{"embeddable":true,"href":"https:\/\/www.inmesol.com\/fr\/wp-json\/wp\/v2\/comments?post=2725"}],"version-history":[{"count":0,"href":"https:\/\/www.inmesol.com\/fr\/wp-json\/wp\/v2\/posts\/2725\/revisions"}],"wp:featuredmedia":[{"embeddable":true,"href":"https:\/\/www.inmesol.com\/fr\/wp-json\/"}],"wp:attachment":[{"href":"https:\/\/www.inmesol.com\/fr\/wp-json\/wp\/v2\/media?parent=2725"}],"wp:term":[{"taxonomy":"category","embeddable":true,"href":"https:\/\/www.inmesol.com\/fr\/wp-json\/wp\/v2\/categories?post=2725"},{"taxonomy":"post_tag","embeddable":true,"href":"https:\/\/www.inmesol.com\/fr\/wp-json\/wp\/v2\/tags?post=2725"},{"taxonomy":"categorias-smart-power-","embeddable":true,"href":"https:\/\/www.inmesol.com\/fr\/wp-json\/wp\/v2\/categorias-smart-power-?post=2725"},{"taxonomy":"paises-","embeddable":true,"href":"https:\/\/www.inmesol.com\/fr\/wp-json\/wp\/v2\/paises-?post=2725"}],"curies":[{"name":"wp","href":"https:\/\/api.w.org\/{rel}","templated":true}]}}