{"id":2726,"date":"2014-05-22T18:17:15","date_gmt":"2014-05-22T16:17:15","guid":{"rendered":"http:\/\/www.inmesol.es\/blog\/?p=2449"},"modified":"2023-06-21T10:18:03","modified_gmt":"2023-06-21T10:18:03","slug":"nuestro-equipo-logra-el-bronce-y-la-plata-en-el-campeonato-de-espana","status":"publish","type":"post","link":"https:\/\/www.inmesol.com\/fr\/blog\/nuestro-equipo-logra-el-bronce-y-la-plata-en-el-campeonato-de-espana\/","title":{"rendered":"Nuestro equipo logra el bronce y la plata en el Campeonato de Espa\u00f1a"},"content":{"rendered":"<div id=\"entradilla\">\n<h2 class=\"bullet\">El TandemMurcia super\u00f3 las dificultades t\u00e9cnicas de su bicicleta durante la contrarreloj<\/h2>\n<\/div>\n<p><strong>Miguel \u00c1ngel Clemente <\/strong>e<strong> Ismael S\u00e1nchez<\/strong> \u2013los dos miembros del <strong>TandemMurcia<\/strong>, el equipo de ciclismo adaptado al que <strong>patrocinamos<\/strong>\u2013 han regresado del <strong>Campeonato de Espa\u00f1a de Ciclismo Adaptado<\/strong> en carretera con una nueva medalla a pesar de los <strong>contratiempos t\u00e9cnicos<\/strong> que sufrieron durante su participaci\u00f3n en la primera prueba, la de contrarreloj para la categor\u00eda de t\u00e1ndem; contratiempos que casi les obligaron a abandonar. Fue el s\u00e1bado 18 de mayo: en un recorrido de pronunciadas subidas y fuerte viento se les parti\u00f3 el cable de cambio. La r\u00e1pida reacci\u00f3n de Ismael, que consigui\u00f3 liar el cable en el manillar, hizo posible que pudieran finalizar la prueba haciendo uso solamente del cambio de plato y que se alzaran finalmente con la medalla de bronce.<\/p>\n<figure id=\"attachment_2448\" aria-describedby=\"caption-attachment-2448\" style=\"width: 640px\" class=\"wp-caption alignnone\"><img fetchpriority=\"high\" decoding=\"async\" class=\"wp-image-2448 size-full\" src=\"\/wp-content\/uploads\/2014\/05\/nuestro-equipo-logra-el-bronce-y-la-plata-en-el-campeonato-de-espana.jpg\" alt=\"Tandem Murcia medalla de bronce en el campeonato de Espa\u00f1a de ciclismo adaptado\" width=\"640\" height=\"400\" title=\"\"><figcaption id=\"caption-attachment-2448\" class=\"wp-caption-text\">Fotograf\u00eda: RFEC (Real Federaci\u00f3n Espa\u00f1ola de Ciclismo).<\/figcaption><\/figure>\n<p>Al finalizar la accidentada carrera, tuvieron que reparar la bicicleta \u201ca contrarreloj\u201d para la <strong>prueba de fondo<\/strong> que les esperaba al d\u00eda siguiente. Tras un apretado sprint final con el equipo local y el castellonense, el TandemMurcia cruz\u00f3 la meta en <strong>segunda posici\u00f3n<\/strong>.<\/p>\n<h3>A por la Copa del Mundo<\/h3>\n<p>El resultado obtenido en el Campeonato de Espa\u00f1a ha motivado al TandemMurcia despu\u00e9s de su participaci\u00f3n hace un mes en el <strong>Campeonato del Mundo de Paraciclismo<\/strong> que se celebr\u00f3 en M\u00e9xico. Sus rivales ingleses y australianos se lo pusieron muy dif\u00edcil y el resultado, aunque fue bueno, no fue el esperado: Miguel \u00c1ngel Clemente y Pedro Jos\u00e9 Vera consiguieron el <strong>quinto puesto<\/strong> en la prueba de <strong>persecuci\u00f3n individual <\/strong>y el <strong>cuarto<\/strong> en la prueba del <strong>kilometro salida parada. <\/strong>En ambos casos, no obstante,<strong> nuestro equipo mejor\u00f3 <\/strong>su propia<strong> marca personal<\/strong>.<\/p>\n<figure id=\"attachment_2443\" aria-describedby=\"caption-attachment-2443\" style=\"width: 640px\" class=\"wp-caption alignnone\"><img decoding=\"async\" class=\"size-full wp-image-2443 lazyload\" data-src=\"\/wp-content\/uploads\/2014\/05\/1_nuestro-equipo-logra-el-bronce-y-la-plata-en-el-campeonato-de-espana.jpg\" alt=\"Fotograf\u00eda: Antonio Alcaraz (http:\/\/www.laruedabuena.es\/)\" width=\"640\" height=\"740\" title=\"\" src=\"data:image\/svg+xml;base64,PHN2ZyB3aWR0aD0iMSIgaGVpZ2h0PSIxIiB4bWxucz0iaHR0cDovL3d3dy53My5vcmcvMjAwMC9zdmciPjwvc3ZnPg==\" style=\"--smush-placeholder-width: 640px; --smush-placeholder-aspect-ratio: 640\/740;\"><figcaption id=\"caption-attachment-2443\" class=\"wp-caption-text\">Fotograf\u00eda: Antonio Alcaraz (http:\/\/www.laruedabuena.es\/)<\/figcaption><\/figure>\n<p>El TandemMurcia se prepara ahora con ilusi\u00f3n para los <strong>dos pr\u00f3ximos retos<\/strong> que tienen por delante: la <strong>Bizkaiko Bira<\/strong>, que se celebrar\u00e1 a principios de julio, y la <strong>Copa del Mundo de Segovia<\/strong>, que se celebrar\u00e1 en Cantimpalos a finales del mismo mes.<\/p>\n<p>Nosotros, desde aqu\u00ed, les seguimos animando: \u00a1<strong>fuerza, campeones y a por ellos<\/strong>!<\/p>\n","protected":false},"excerpt":{"rendered":"<p>Miguel \u00c1ngel Clemente e Ismael S\u00e1nchez \u2013los dos miembros del T\u00e1ndemMurcia, el equipo de ciclismo adaptado al que patrocinamos\u2013 han regresado del Campeonato de Espa\u00f1a de Ciclismo Adaptado en carretera con una nueva medalla a pesar de los contratiempos t\u00e9cnicos que sufrieron durante su participaci\u00f3n en la primera prueba.<\/p>\n","protected":false},"author":2,"featured_media":2444,"comment_status":"closed","ping_status":"closed","sticky":false,"template":"","format":"standard","meta":{"inline_featured_image":false,"footnotes":""},"categories":[17,32],"tags":[18],"categorias-smart-power-":[],"paises-":[],"class_list":["post-2726","post","type-post","status-publish","format-standard","has-post-thumbnail","hentry","category-corporativo","category-espanol","tag-equipo-ciclismo-tandem-murcia"],"_links":{"self":[{"href":"https:\/\/www.inmesol.com\/fr\/wp-json\/wp\/v2\/posts\/2726","targetHints":{"allow":["GET"]}}],"collection":[{"href":"https:\/\/www.inmesol.com\/fr\/wp-json\/wp\/v2\/posts"}],"about":[{"href":"https:\/\/www.inmesol.com\/fr\/wp-json\/wp\/v2\/types\/post"}],"author":[{"embeddable":true,"href":"https:\/\/www.inmesol.com\/fr\/wp-json\/wp\/v2\/users\/2"}],"replies":[{"embeddable":true,"href":"https:\/\/www.inmesol.com\/fr\/wp-json\/wp\/v2\/comments?post=2726"}],"version-history":[{"count":0,"href":"https:\/\/www.inmesol.com\/fr\/wp-json\/wp\/v2\/posts\/2726\/revisions"}],"wp:featuredmedia":[{"embeddable":true,"href":"https:\/\/www.inmesol.com\/fr\/wp-json\/"}],"wp:attachment":[{"href":"https:\/\/www.inmesol.com\/fr\/wp-json\/wp\/v2\/media?parent=2726"}],"wp:term":[{"taxonomy":"category","embeddable":true,"href":"https:\/\/www.inmesol.com\/fr\/wp-json\/wp\/v2\/categories?post=2726"},{"taxonomy":"post_tag","embeddable":true,"href":"https:\/\/www.inmesol.com\/fr\/wp-json\/wp\/v2\/tags?post=2726"},{"taxonomy":"categorias-smart-power-","embeddable":true,"href":"https:\/\/www.inmesol.com\/fr\/wp-json\/wp\/v2\/categorias-smart-power-?post=2726"},{"taxonomy":"paises-","embeddable":true,"href":"https:\/\/www.inmesol.com\/fr\/wp-json\/wp\/v2\/paises-?post=2726"}],"curies":[{"name":"wp","href":"https:\/\/api.w.org\/{rel}","templated":true}]}}