{"id":2727,"date":"2014-05-27T19:49:49","date_gmt":"2014-05-27T17:49:49","guid":{"rendered":"http:\/\/www.inmesol.es\/blog\/?p=2469"},"modified":"2023-06-21T10:18:01","modified_gmt":"2023-06-21T10:18:01","slug":"inmesol-en-la-feria-de-la-construccion-project-qatar","status":"publish","type":"post","link":"https:\/\/www.inmesol.com\/fr\/blog\/inmesol-en-la-feria-de-la-construccion-project-qatar\/","title":{"rendered":"Inmesol, en la feria de la construcci\u00f3n Project Qatar"},"content":{"rendered":"<p><img fetchpriority=\"high\" decoding=\"async\" class=\"alignnone wp-image-2461 size-full\" src=\"\/wp-content\/uploads\/2014\/05\/inmesol-en-la-feria-de-la-construccion-project-qatar.jpg\" alt=\"Project Qatar\" width=\"640\" height=\"220\" title=\"\"><\/p>\n<p>A trav\u00e9s de nuestro distribuidor en el pa\u00eds, Imalco, Inmesol ha estado presente en la <strong>Project Qatar<\/strong>, la <strong>feria internacional de tecnolog\u00edas y materiales de la construcci\u00f3n<\/strong> que se ha celebrado en el Centro Nacional de Convenciones de la capital catar\u00ed, Doha, del 12 al 15 de mayo de 2014.<\/p>\n<p>&nbsp;<\/p>\n<p>[youtube height=\u00a0\u00bb360&Prime; width=\u00a0\u00bb640&Prime;]https:\/\/www.youtube.com\/watch?v=KDflwiaAEAA&amp;feature=player_embedded#![\/youtube]<\/p>\n<p>&nbsp;<\/p>\n<p>Project Qatar re\u00fane desde hace once a\u00f1os a los l\u00edderes de la industria de la construcci\u00f3n y compradores de la tecnolog\u00eda m\u00e1s innovadora desarrollada para el sector. En esta edici\u00f3n han participado <strong>2.100 expositores de 50 pa\u00edses<\/strong>, ocupando una superficie expositora de m\u00e1s de <strong>60.000 m2<\/strong> (ver v\u00eddeo de la 11\u00aa Edici\u00f3n).<\/p>\n<p>[rev_slider alias=\u00a0\u00bbPROJECT-QATAR\u00a0\u00bb]<\/p>\n<p>&nbsp;<\/p>\n<p>&nbsp;<\/p>\n<p><img decoding=\"async\" class=\"alignnone wp-image-2462 size-full lazyload\" data-src=\"\/wp-content\/uploads\/2014\/05\/1_inmesol-en-la-feria-de-la-construccion-project-qatar.jpg\" alt=\"Imalco\" width=\"208\" height=\"56\" title=\"\" src=\"data:image\/svg+xml;base64,PHN2ZyB3aWR0aD0iMSIgaGVpZ2h0PSIxIiB4bWxucz0iaHR0cDovL3d3dy53My5vcmcvMjAwMC9zdmciPjwvc3ZnPg==\" style=\"--smush-placeholder-width: 208px; --smush-placeholder-aspect-ratio: 208\/56;\"><\/p>\n<p>Imalco, fundada en 1981, se dedica a ofrecer <strong>soluciones globales<\/strong> al sector de la automoci\u00f3n, a actuar como proveedor de <strong>equipos de primeras marcas<\/strong> internacionales \u2013entre ellos, los <strong>grupos electr\u00f3genos de Inmesol<\/strong>\u2013 y a ofrecer un excelente servicio de posventa a sus clientes.<\/p>\n<p><strong>Datos de contacto de Imalco, distribuidor de Inmesol en Catar:<\/strong><\/p>\n<p><strong>Tel<\/strong>.: +974 4418030<br \/>\n<strong>Fax<\/strong>: +974 4434979<br \/>\n<strong>Correo electr\u00f3nico<\/strong>: imalco@qatar.net.qa<\/p>\n","protected":false},"excerpt":{"rendered":"<p>A trav\u00e9s de nuestro distribuidor en el pa\u00eds, Imalco, Inmesol ha estado presente en la Project Qatar, la feria internacional de tecnolog\u00edas y materiales de la construcci\u00f3n que se ha celebrado en el Centro Nacional de Convenciones de la capital catar\u00ed, Doha, del 12 al 15 de mayo.<\/p>\n","protected":false},"author":2,"featured_media":2463,"comment_status":"closed","ping_status":"closed","sticky":false,"template":"","format":"standard","meta":{"inline_featured_image":false,"footnotes":""},"categories":[19,32],"tags":[],"categorias-smart-power-":[],"paises-":[],"class_list":["post-2727","post","type-post","status-publish","format-standard","has-post-thumbnail","hentry","category-ferias-eventos","category-espanol"],"_links":{"self":[{"href":"https:\/\/www.inmesol.com\/fr\/wp-json\/wp\/v2\/posts\/2727","targetHints":{"allow":["GET"]}}],"collection":[{"href":"https:\/\/www.inmesol.com\/fr\/wp-json\/wp\/v2\/posts"}],"about":[{"href":"https:\/\/www.inmesol.com\/fr\/wp-json\/wp\/v2\/types\/post"}],"author":[{"embeddable":true,"href":"https:\/\/www.inmesol.com\/fr\/wp-json\/wp\/v2\/users\/2"}],"replies":[{"embeddable":true,"href":"https:\/\/www.inmesol.com\/fr\/wp-json\/wp\/v2\/comments?post=2727"}],"version-history":[{"count":0,"href":"https:\/\/www.inmesol.com\/fr\/wp-json\/wp\/v2\/posts\/2727\/revisions"}],"wp:featuredmedia":[{"embeddable":true,"href":"https:\/\/www.inmesol.com\/fr\/wp-json\/"}],"wp:attachment":[{"href":"https:\/\/www.inmesol.com\/fr\/wp-json\/wp\/v2\/media?parent=2727"}],"wp:term":[{"taxonomy":"category","embeddable":true,"href":"https:\/\/www.inmesol.com\/fr\/wp-json\/wp\/v2\/categories?post=2727"},{"taxonomy":"post_tag","embeddable":true,"href":"https:\/\/www.inmesol.com\/fr\/wp-json\/wp\/v2\/tags?post=2727"},{"taxonomy":"categorias-smart-power-","embeddable":true,"href":"https:\/\/www.inmesol.com\/fr\/wp-json\/wp\/v2\/categorias-smart-power-?post=2727"},{"taxonomy":"paises-","embeddable":true,"href":"https:\/\/www.inmesol.com\/fr\/wp-json\/wp\/v2\/paises-?post=2727"}],"curies":[{"name":"wp","href":"https:\/\/api.w.org\/{rel}","templated":true}]}}