{"id":2729,"date":"2014-06-11T21:18:24","date_gmt":"2014-06-11T19:18:24","guid":{"rendered":"http:\/\/www.inmesol.es\/blog\/?p=2504"},"modified":"2026-01-16T12:05:37","modified_gmt":"2026-01-16T12:05:37","slug":"inmesol-en-la-47a-feria-internacional-de-argel","status":"publish","type":"post","link":"https:\/\/www.inmesol.com\/fr\/blog\/inmesol-en-la-47a-feria-internacional-de-argel\/","title":{"rendered":"Inmesol, en la 47\u00aa Feria Internacional de Argel"},"content":{"rendered":"<p><img fetchpriority=\"high\" decoding=\"async\" class=\"alignnone wp-image-2497 size-full\" src=\"\/wp-content\/uploads\/2014\/06\/inmesol-en-la-47a-feria-internacional-de-argel.jpg\" alt=\"Stand de Inmesol en la Feria Internacional de Argel, FIA\" width=\"640\" height=\"400\" title=\"\"><\/p>\n<p>La semana pasada participamos en la <strong>47\u00aa edici\u00f3n de la Feria Internacional de Argel<\/strong>, FIA, el mayor evento econ\u00f3mico anual de Argelia, organizado por la Sociedad Argelina de Ferias y Exportaciones, SAFEX.<\/p>\n<p><img decoding=\"async\" class=\"alignnone wp-image-2498 size-full lazyload\" data-src=\"\/wp-content\/uploads\/2014\/06\/1_inmesol-en-la-47a-feria-internacional-de-argel.jpg\" alt=\"Grupos electr\u00f3genos de Inmesol en la Feria\" width=\"640\" height=\"400\" title=\"\" src=\"data:image\/svg+xml;base64,PHN2ZyB3aWR0aD0iMSIgaGVpZ2h0PSIxIiB4bWxucz0iaHR0cDovL3d3dy53My5vcmcvMjAwMC9zdmciPjwvc3ZnPg==\" style=\"--smush-placeholder-width: 640px; --smush-placeholder-aspect-ratio: 640\/400;\"><\/p>\n<p>La FIA es un <strong>espacio<\/strong> para <strong>promover alianzas comerciales<\/strong> entre <strong>empresas locales y extranjeras<\/strong>. Del 28 de mayo al 2 de junio, la cita congreg\u00f3 a <strong>1.064 expositores de 37 pa\u00edses<\/strong>, siendo Estados Unidos \u2013el principal socio econ\u00f3mico de Argelia\u2013 el invitado de honor de este a\u00f1o.<\/p>\n<p><img decoding=\"async\" class=\"alignnone wp-image-2499 size-full lazyload\" data-src=\"\/wp-content\/uploads\/2014\/06\/2_inmesol-en-la-47a-feria-internacional-de-argel.jpg\" alt=\"Inmesol particip\u00f3 en la feria a trav\u00e9s de nuestro importador y distribuidor en Argel, OBI Sarl\" width=\"640\" height=\"400\" title=\"\" src=\"data:image\/svg+xml;base64,PHN2ZyB3aWR0aD0iMSIgaGVpZ2h0PSIxIiB4bWxucz0iaHR0cDovL3d3dy53My5vcmcvMjAwMC9zdmciPjwvc3ZnPg==\" style=\"--smush-placeholder-width: 640px; --smush-placeholder-aspect-ratio: 640\/400;\"><\/p>\n<p>Argelia particip\u00f3 con 453 expositores; la mayor parte de ellos empresas relacionadas con la qu\u00edmica, la petroqu\u00edmica, equipos agr\u00edcolas y servicios. La presencia extranjera, con 611 expositores, estuvo dominada por empresas de <strong>equipamientos industriales<\/strong>.<\/p>\n<p><strong>Inmesol <\/strong>particip\u00f3 en la feria a trav\u00e9s de nuestro <strong>importador y distribuidor en Argel<\/strong>, <strong>OBI Sarl<\/strong>, cuyo excelente trabajo ha hecho posible que Inmesol se haya posicionado en el pa\u00eds como una <strong>marca espa\u00f1ola de referencia<\/strong>, sin\u00f3nimo de <strong>calidad <\/strong>y <strong>garant\u00eda <\/strong>entre las principales empresas de todos los sectores industriales. Asimismo, nos satisface saber que los diferentes <strong>grupos electr\u00f3genos<\/strong> (ver gamas) expuestos en la FIA atrajeron el inter\u00e9s de muchos de los asistentes y que nuestra presencia en la feria fue un \u00e9xito.<\/p>\n<h3><strong style=\"font-size: 1.17em;\">Datos de contacto de OBI Sarl, distribuidor de Inmesol en Argelia:<\/strong><\/h3>\n<p><strong>Tel. :<\/strong>\u00a0\u00a0+213 (0) 23 573 512.<br \/>\n<strong>Fax :<\/strong>\u00a0\u00a0+213 (0) 23 573 513.<\/p>\n<p><strong>Correo electr\u00f3nico\u00a0:\u00a0<\/strong>contact@sarlobi.com<\/p>\n","protected":false},"excerpt":{"rendered":"<p>La semana pasada participamos en la 47\u00aa edici\u00f3n de la Feria Internacional de Argel, FIA, el mayor evento econ\u00f3mico anual de Argelia, organizado por la Sociedad Argelina de Ferias y Exportaciones, SAFEX.<\/p>\n","protected":false},"author":2,"featured_media":2500,"comment_status":"closed","ping_status":"closed","sticky":false,"template":"","format":"standard","meta":{"inline_featured_image":false,"footnotes":""},"categories":[19,26,32],"tags":[],"categorias-smart-power-":[],"paises-":[],"class_list":["post-2729","post","type-post","status-publish","format-standard","has-post-thumbnail","hentry","category-ferias-eventos","category-distribuidores","category-espanol"],"_links":{"self":[{"href":"https:\/\/www.inmesol.com\/fr\/wp-json\/wp\/v2\/posts\/2729","targetHints":{"allow":["GET"]}}],"collection":[{"href":"https:\/\/www.inmesol.com\/fr\/wp-json\/wp\/v2\/posts"}],"about":[{"href":"https:\/\/www.inmesol.com\/fr\/wp-json\/wp\/v2\/types\/post"}],"author":[{"embeddable":true,"href":"https:\/\/www.inmesol.com\/fr\/wp-json\/wp\/v2\/users\/2"}],"replies":[{"embeddable":true,"href":"https:\/\/www.inmesol.com\/fr\/wp-json\/wp\/v2\/comments?post=2729"}],"version-history":[{"count":0,"href":"https:\/\/www.inmesol.com\/fr\/wp-json\/wp\/v2\/posts\/2729\/revisions"}],"wp:featuredmedia":[{"embeddable":true,"href":"https:\/\/www.inmesol.com\/fr\/wp-json\/"}],"wp:attachment":[{"href":"https:\/\/www.inmesol.com\/fr\/wp-json\/wp\/v2\/media?parent=2729"}],"wp:term":[{"taxonomy":"category","embeddable":true,"href":"https:\/\/www.inmesol.com\/fr\/wp-json\/wp\/v2\/categories?post=2729"},{"taxonomy":"post_tag","embeddable":true,"href":"https:\/\/www.inmesol.com\/fr\/wp-json\/wp\/v2\/tags?post=2729"},{"taxonomy":"categorias-smart-power-","embeddable":true,"href":"https:\/\/www.inmesol.com\/fr\/wp-json\/wp\/v2\/categorias-smart-power-?post=2729"},{"taxonomy":"paises-","embeddable":true,"href":"https:\/\/www.inmesol.com\/fr\/wp-json\/wp\/v2\/paises-?post=2729"}],"curies":[{"name":"wp","href":"https:\/\/api.w.org\/{rel}","templated":true}]}}