{"id":2761,"date":"2016-05-03T19:26:16","date_gmt":"2016-05-03T19:26:16","guid":{"rendered":"http:\/\/www.inmesol.fr\/blog\/?p=2761"},"modified":"2026-01-19T17:37:23","modified_gmt":"2026-01-19T17:37:23","slug":"inmesol-peuple-equatorien","status":"publish","type":"post","link":"https:\/\/www.inmesol.com\/fr\/blog\/inmesol-peuple-equatorien\/","title":{"rendered":"Inmesol, avec le peuple \u00e9quatorien"},"content":{"rendered":"<h4>Inmesol donne deux g\u00e9n\u00e9rateurs \u00e9lectriques au Gouvernement \u00c9quatorien pour aider aux efforts de reconstruction apr\u00e8s le s\u00e9isme.<\/h4>\n<p>Le Consul et le Vice-consul du pays latin \u00e0 Murcie ont rendu visite aujourd\u2019hui aux installations de l\u2019entreprise pour officialiser l\u2019envoi des \u00e9quipes.<\/p>\n<p style=\"text-align: center;\"><img fetchpriority=\"high\" decoding=\"async\" class=\"aligncenter size-full wp-image-2758\" src=\"\/wp-content\/uploads\/2016\/05\/inmesol-peuple-equatorien.jpg\" alt=\"Inmesol, avec le peuple \u00e9quatorien\" width=\"640\" height=\"450\" title=\"\" srcset=\"https:\/\/www.inmesol.com\/wp-content\/uploads\/2016\/05\/inmesol-peuple-equatorien.jpg 640w, https:\/\/www.inmesol.com\/wp-content\/uploads\/2016\/05\/inmesol-peuple-equatorien-300x211.jpg 300w\" sizes=\"(max-width: 640px) 100vw, 640px\"><\/p>\n<p>La soci\u00e9t\u00e9 murcienne <strong>Inmesol<\/strong>, fabricant de <strong>g\u00e9n\u00e9rateurs \u00e9lectriques <\/strong>site \u00e0 Corvera\u2013 Murcie \u2013 Espagne, a donn\u00e9 deux g\u00e9n\u00e9rateurs au Gouvernement \u00e9quatorien pour aider aux efforts de secours apr\u00e8s le d\u00e9vastateur s\u00e9isme du 16 Avril dernier.<\/p>\n<p>Jos\u00e9 Luis Solano, pr\u00e9sident du Groupe Solano, groupe industriel auquel appartient Inmesol, a re\u00e7u aujourd\u2019hui la visite du Consul et le Vice consul \u00e9quatoriennes \u00e0 Murcie, <strong>M. Gustavo Mateus Acosta<\/strong> et <strong>M. Juan Valencia Qui\u00f1onez<\/strong>, aux installations d\u2019\u00a0INMESOL pour officialiser le <strong>don<\/strong> des \u00e9quipes.<\/p>\n<p>Il s\u2019agit de <strong>deux<\/strong> groupes \u00e9lectrog\u00e8nes, mod\u00e8le <strong>AL-700<\/strong> de la gamme de secours, avec moteur diesel <strong>Lombardini<\/strong> et <strong>d\u00e9marrage \u00e9lectrique<\/strong>.<\/p>\n<p>Chacun de ces groupes \u00e9lectrog\u00e8nes est capable de produire une puissance de <strong>7kVA <\/strong>et ils sont \u00e9quipes avec un<strong> kit de rues <\/strong>pour am\u00e9liorer sa mobilit\u00e9, ce qui les fait plus <strong>facile<\/strong> \u00e0 transporter aux zones plus sensibles qui ont \u00e9t\u00e9 touch\u00e9es par le s\u00e9isme.<\/p>\n<p>Les <strong>g\u00e9n\u00e9rateurs<\/strong> seront envoy\u00e9s <strong>via a\u00e9rienne<\/strong> \u00e0 une date proche et ils seront transport\u00e9s \u00e0 la zone du s\u00e9isme dans le meilleur d\u00e9lai possible sous la <strong>coordination de l\u2019Ambassade de l\u2019\u00c9quateur \u00e0 Madrid<\/strong> et les autorit\u00e9s en charge de la r\u00e9gulation des aides in situ.<\/p>\n<p>Selon les termes de Jos\u00e9 Luis Solano, \u00ab\u00a0c\u2019est un exercice de solidarit\u00e9 d\u2019offrir des ressources dont nous disposons aux personnes qui ont besoin, en ce cas le peuple \u00e9quatorien, avec lesquels Inmesol entretient des tr\u00e8s bonnes relations d\u2019affaires\u00a0\u00bb.<br \/>\nLe Consul et le Vice-consul \u00e9quatoriens \u00e0 Murcie, ont remercie le geste solidaire d\u2019Inmesol au nom du peuple qu\u2019ils repr\u00e9sentent.<\/p>\n<p>La <strong>responsabilit\u00e9 soci\u00e9tale des entreprises<\/strong> et la <strong>solidarit\u00e9<\/strong> sont des valeurs sur lesquels il est fond\u00e9 la <strong>philosophie<\/strong> d\u2019entreprise d\u2019<strong>Inmesol<\/strong>.<\/p>\n","protected":false},"excerpt":{"rendered":"<p>Inmesol donne deux g\u00e9n\u00e9rateurs \u00e9lectriques au Gouvernement \u00c9quatorien pour aider aux efforts de reconstruction apr\u00e8s le s\u00e9isme.<\/p>\n","protected":false},"author":2,"featured_media":2759,"comment_status":"closed","ping_status":"closed","sticky":false,"template":"","format":"standard","meta":{"inline_featured_image":false,"footnotes":""},"categories":[34,57,58],"tags":[],"categorias-smart-power-":[],"paises-":[61],"class_list":["post-2761","post","type-post","status-publish","format-standard","has-post-thumbnail","hentry","category-frances","category-corporatif","category-casos-de-exito","paises--america"],"_links":{"self":[{"href":"https:\/\/www.inmesol.com\/fr\/wp-json\/wp\/v2\/posts\/2761","targetHints":{"allow":["GET"]}}],"collection":[{"href":"https:\/\/www.inmesol.com\/fr\/wp-json\/wp\/v2\/posts"}],"about":[{"href":"https:\/\/www.inmesol.com\/fr\/wp-json\/wp\/v2\/types\/post"}],"author":[{"embeddable":true,"href":"https:\/\/www.inmesol.com\/fr\/wp-json\/wp\/v2\/users\/2"}],"replies":[{"embeddable":true,"href":"https:\/\/www.inmesol.com\/fr\/wp-json\/wp\/v2\/comments?post=2761"}],"version-history":[{"count":0,"href":"https:\/\/www.inmesol.com\/fr\/wp-json\/wp\/v2\/posts\/2761\/revisions"}],"wp:featuredmedia":[{"embeddable":true,"href":"https:\/\/www.inmesol.com\/fr\/wp-json\/"}],"wp:attachment":[{"href":"https:\/\/www.inmesol.com\/fr\/wp-json\/wp\/v2\/media?parent=2761"}],"wp:term":[{"taxonomy":"category","embeddable":true,"href":"https:\/\/www.inmesol.com\/fr\/wp-json\/wp\/v2\/categories?post=2761"},{"taxonomy":"post_tag","embeddable":true,"href":"https:\/\/www.inmesol.com\/fr\/wp-json\/wp\/v2\/tags?post=2761"},{"taxonomy":"categorias-smart-power-","embeddable":true,"href":"https:\/\/www.inmesol.com\/fr\/wp-json\/wp\/v2\/categorias-smart-power-?post=2761"},{"taxonomy":"paises-","embeddable":true,"href":"https:\/\/www.inmesol.com\/fr\/wp-json\/wp\/v2\/paises-?post=2761"}],"curies":[{"name":"wp","href":"https:\/\/api.w.org\/{rel}","templated":true}]}}