{"id":2766,"date":"2016-05-09T08:00:44","date_gmt":"2016-05-09T06:00:44","guid":{"rendered":"http:\/\/www.inmesol.fr\/blog\/?p=2766"},"modified":"2026-01-16T11:18:38","modified_gmt":"2026-01-16T11:18:38","slug":"generation-hybride-a-gensetmeeting-2016","status":"publish","type":"post","link":"https:\/\/www.inmesol.com\/fr\/blog\/generation-hybride-a-gensetmeeting-2016\/","title":{"rendered":"La g\u00e9n\u00e9ration hybride \u00e0 la Gensetmeeting 2016"},"content":{"rendered":"<p>La troisi\u00e8me convention sur les<strong> groupes \u00e9lectrog\u00e8nes <\/strong>et l&rsquo;<strong>hybridation <\/strong>de ces syst\u00e8mes avec l&rsquo;<strong>\u00e9nergie renouvelable<\/strong> a eu lieu \u00e0 Madrid le 21 avril.<\/p>\n<figure id=\"attachment_2764\" aria-describedby=\"caption-attachment-2764\" style=\"width: 525px\" class=\"wp-caption aligncenter\"><img fetchpriority=\"high\" decoding=\"async\" class=\"size-full wp-image-2764\" src=\"\/wp-content\/uploads\/2016\/05\/generation-hybride-a-gensetmeeting-2016.jpg\" alt=\"Inmesol \u00e9tait l&#039;un des sponsors de cet important \u00e9v\u00e9nement organis\u00e9 par Energ\u00e9tica XXI\" width=\"525\" height=\"222\" title=\"\" srcset=\"https:\/\/www.inmesol.com\/wp-content\/uploads\/2016\/05\/generation-hybride-a-gensetmeeting-2016.jpg 525w, https:\/\/www.inmesol.com\/wp-content\/uploads\/2016\/05\/generation-hybride-a-gensetmeeting-2016-300x127.jpg 300w\" sizes=\"(max-width: 525px) 100vw, 525px\"><figcaption id=\"caption-attachment-2764\" class=\"wp-caption-text\">Inmesol \u00e9tait l&rsquo;un des sponsors de cet important \u00e9v\u00e9nement organis\u00e9 par Energ\u00e9tica XXI<\/figcaption><\/figure>\n<p>Les principaux <strong>fabricants <\/strong>de g\u00e9n\u00e9rateurs d&rsquo;\u00e9lectricit\u00e9, de composants et de syst\u00e8mes de contr\u00f4le se sont retrouv\u00e9s \u00e0 cette r\u00e9union. Ils ont discut\u00e9 de l&rsquo;essor des installations \u00e9lectriques bas\u00e9es sur une g\u00e9n\u00e9ration hybride gr\u00e2ce \u00e0 des groupes \u00e9lectrog\u00e8nes combin\u00e9s \u00e0 l&rsquo;\u00e9nergie solaire photovolta\u00efque en Espagne. Les <strong>\u00e9conomies d&rsquo;\u00e9nergie<\/strong> produites par la combinaison des <strong>deux sources<\/strong> en font la <strong>meilleure<\/strong> alternative pour des secteurs tels que <strong>l&rsquo;agriculture et les t\u00e9l\u00e9communications. <\/strong><\/p>\n<figure id=\"attachment_2763\" aria-describedby=\"caption-attachment-2763\" style=\"width: 640px\" class=\"wp-caption aligncenter\"><img decoding=\"async\" class=\"size-full wp-image-2763 lazyload\" data-src=\"\/wp-content\/uploads\/2016\/05\/1_generation-hybride-a-gensetmeeting-2016.jpg\" alt=\"Les participants aux discussions du programme\" width=\"640\" height=\"375\" title=\"\" src=\"data:image\/svg+xml;base64,PHN2ZyB3aWR0aD0iMSIgaGVpZ2h0PSIxIiB4bWxucz0iaHR0cDovL3d3dy53My5vcmcvMjAwMC9zdmciPjwvc3ZnPg==\" style=\"--smush-placeholder-width: 640px; --smush-placeholder-aspect-ratio: 640\/375;\" data-srcset=\"https:\/\/www.inmesol.com\/wp-content\/uploads\/2016\/05\/1_generation-hybride-a-gensetmeeting-2016.jpg 640w, https:\/\/www.inmesol.com\/wp-content\/uploads\/2016\/05\/1_generation-hybride-a-gensetmeeting-2016-300x176.jpg 300w\" data-sizes=\"auto\" data-original-sizes=\"(max-width: 640px) 100vw, 640px\"><figcaption id=\"caption-attachment-2763\" class=\"wp-caption-text\">Les participants aux discussions du programme<\/figcaption><\/figure>\n<p>La journ\u00e9e commen\u00e7a par un expos\u00e9 sur les exigences et les exp\u00e9riences d&rsquo;une grande entreprise dans le domaine des <strong>T\u00e9l\u00e9communications,<\/strong> qui est un utilisateur r\u00e9gulier des groupes \u00e9lectrog\u00e8nes, <strong>Telef\u00f3nica.<\/strong><\/p>\n<p>Trois sc\u00e9narios furent discut\u00e9s :<\/p>\n<ul>\n<li>Les centres de donn\u00e9es.<\/li>\n<li>Les situations d&rsquo;urgence.<\/li>\n<li>Les endroits o\u00f9 il n&rsquo;y a pas de r\u00e9seau d&rsquo;\u00e9lectricit\u00e9.<\/li>\n<\/ul>\n<p>Pour les installations de t\u00e9l\u00e9communications o\u00f9 <strong>il n&rsquo;y a pas de r\u00e9seau de distribution d&rsquo;\u00e9lectricit\u00e9,<\/strong> certains des probl\u00e8mes rencontr\u00e9s lorsque des g\u00e9n\u00e9rateurs \u00e9lectriques sont la seule alimentation ont \u00e9t\u00e9 discut\u00e9s :<\/p>\n<ul>\n<li>Le fait qu&rsquo;ils fonctionnent 24 heures par jour.<\/li>\n<li>Les travaux d&rsquo;entretien sont difficiles en raison de probl\u00e8mes li\u00e9s \u00e0 l&rsquo;acc\u00e8s aux installations, au temps consacr\u00e9, etc.<\/li>\n<li>Le vandalisme.<\/li>\n<\/ul>\n<p>Pour ce type d&rsquo;installation, la meilleure solution consiste \u00e0 utiliser un <strong>syst\u00e8me hybride appropri\u00e9.<\/strong><\/p>\n<p>INMESOL a travaill\u00e9 au d\u00e9veloppement de syst\u00e8mes hybrides qui soient conformes aux exigences et aux besoins d&rsquo;entreprises de T\u00e9l\u00e9communications telles que Telef\u00f3nica depuis plusieurs ann\u00e9es.<\/p>\n","protected":false},"excerpt":{"rendered":"<p>La troisi\u00e8me convention sur les groupes \u00e9lectrog\u00e8nes et l&rsquo;hybridation de ces syst\u00e8mes avec l&rsquo;\u00e9nergie renouvelable a eu lieu \u00e0 Madrid le 21 avril.<\/p>\n","protected":false},"author":2,"featured_media":2765,"comment_status":"closed","ping_status":"closed","sticky":false,"template":"","format":"standard","meta":{"inline_featured_image":false,"footnotes":""},"categories":[34,48],"tags":[],"categorias-smart-power-":[],"paises-":[],"class_list":["post-2766","post","type-post","status-publish","format-standard","has-post-thumbnail","hentry","category-frances","category-expositions"],"_links":{"self":[{"href":"https:\/\/www.inmesol.com\/fr\/wp-json\/wp\/v2\/posts\/2766","targetHints":{"allow":["GET"]}}],"collection":[{"href":"https:\/\/www.inmesol.com\/fr\/wp-json\/wp\/v2\/posts"}],"about":[{"href":"https:\/\/www.inmesol.com\/fr\/wp-json\/wp\/v2\/types\/post"}],"author":[{"embeddable":true,"href":"https:\/\/www.inmesol.com\/fr\/wp-json\/wp\/v2\/users\/2"}],"replies":[{"embeddable":true,"href":"https:\/\/www.inmesol.com\/fr\/wp-json\/wp\/v2\/comments?post=2766"}],"version-history":[{"count":0,"href":"https:\/\/www.inmesol.com\/fr\/wp-json\/wp\/v2\/posts\/2766\/revisions"}],"wp:featuredmedia":[{"embeddable":true,"href":"https:\/\/www.inmesol.com\/fr\/wp-json\/"}],"wp:attachment":[{"href":"https:\/\/www.inmesol.com\/fr\/wp-json\/wp\/v2\/media?parent=2766"}],"wp:term":[{"taxonomy":"category","embeddable":true,"href":"https:\/\/www.inmesol.com\/fr\/wp-json\/wp\/v2\/categories?post=2766"},{"taxonomy":"post_tag","embeddable":true,"href":"https:\/\/www.inmesol.com\/fr\/wp-json\/wp\/v2\/tags?post=2766"},{"taxonomy":"categorias-smart-power-","embeddable":true,"href":"https:\/\/www.inmesol.com\/fr\/wp-json\/wp\/v2\/categorias-smart-power-?post=2766"},{"taxonomy":"paises-","embeddable":true,"href":"https:\/\/www.inmesol.com\/fr\/wp-json\/wp\/v2\/paises-?post=2766"}],"curies":[{"name":"wp","href":"https:\/\/api.w.org\/{rel}","templated":true}]}}