{"id":2914,"date":"2016-06-01T11:52:30","date_gmt":"2016-06-01T09:52:30","guid":{"rendered":"http:\/\/www.inmesol.fr\/blog\/?p=2914"},"modified":"2026-01-16T11:46:26","modified_gmt":"2026-01-16T11:46:26","slug":"presentation-au-guatemala","status":"publish","type":"post","link":"https:\/\/www.inmesol.com\/fr\/blog\/presentation-au-guatemala\/","title":{"rendered":"Pr\u00e9sentation au GUATEMALA"},"content":{"rendered":"<p><strong>Inmesol, <\/strong>repr\u00e9sent\u00e9 par <strong>Luis Navarro<\/strong><strong>, <\/strong>Responsable Commercial pour l\u2019Am\u00e9rique Latines\u2019 est d\u00e9plac\u00e9 jusqu\u2019au Guatemala pour pr\u00e9senter les <strong>nouveaut\u00e9s <\/strong>des g\u00e9n\u00e9rateurs d\u00e9velopp\u00e9es dans les derniers mois.<\/p>\n<p>L\u2019\u00e9v\u00e9nement a \u00e9t\u00e9 organis\u00e9 pour notre distributeur <strong><a href=\"https:\/\/www.inmesol.com\/fr\/blog\/notre-distributeur-guatemala-augmente-stock-groupes-electrogenes-inmesol\/\">Topke<\/a>, <\/strong>et ce fut son <strong>pr\u00e9sident Ing. Allan Rasch<\/strong>, le responsable d\u2019inaugurer la journ\u00e9e.<\/p>\n<figure id=\"attachment_2910\" aria-describedby=\"caption-attachment-2910\" style=\"width: 640px\" class=\"wp-caption aligncenter\"><img fetchpriority=\"high\" decoding=\"async\" class=\"size-full wp-image-2910\" src=\"\/wp-content\/uploads\/2016\/06\/presentation-au-guatemala.jpg\" alt=\"Luis Navarro d\u2019INMESOL, Ing. Allan Rasch Topke et Ing. Boris G. de Le\u00f3n\" width=\"640\" height=\"450\" title=\"\" srcset=\"https:\/\/www.inmesol.com\/wp-content\/uploads\/2016\/06\/presentation-au-guatemala.jpg 640w, https:\/\/www.inmesol.com\/wp-content\/uploads\/2016\/06\/presentation-au-guatemala-300x211.jpg 300w\" sizes=\"(max-width: 640px) 100vw, 640px\"><figcaption id=\"caption-attachment-2910\" class=\"wp-caption-text\">Luis Navarro d\u2019INMESOL, Ing. Allan Rasch Topke et Ing. Boris G. de Le\u00f3n<\/figcaption><\/figure>\n<p>La <strong>premi\u00e8re partie <\/strong>de la journ\u00e9e s\u2019est d\u00e9roul\u00e9e \u00e0 <strong>l\u2019h\u00f4tel Conquistador <\/strong>et elle \u00e9tait adress\u00e9e au collectif technique et industriel de Guatemala: repr\u00e9sentants d\u2019entreprises <strong>d\u2019installations industrielles<\/strong>, <strong>ing\u00e9nieries de projets et entrepreneurs du secteur agricole et irrigation<\/strong>, entre autres.<\/p>\n<figure id=\"attachment_2913\" aria-describedby=\"caption-attachment-2913\" style=\"width: 640px\" class=\"wp-caption aligncenter\"><img decoding=\"async\" class=\"size-full wp-image-2913 lazyload\" data-src=\"\/wp-content\/uploads\/2016\/06\/1_presentation-au-guatemala.jpg\" alt=\"Luis Navarro Cort\u00e9s d\u2019INMESOL et Ing. Boris G. de Le\u00f3n\" width=\"640\" height=\"450\" title=\"\" src=\"data:image\/svg+xml;base64,PHN2ZyB3aWR0aD0iMSIgaGVpZ2h0PSIxIiB4bWxucz0iaHR0cDovL3d3dy53My5vcmcvMjAwMC9zdmciPjwvc3ZnPg==\" style=\"--smush-placeholder-width: 640px; --smush-placeholder-aspect-ratio: 640\/450;\" data-srcset=\"https:\/\/www.inmesol.com\/wp-content\/uploads\/2016\/06\/1_presentation-au-guatemala.jpg 640w, https:\/\/www.inmesol.com\/wp-content\/uploads\/2016\/06\/1_presentation-au-guatemala-300x211.jpg 300w\" data-sizes=\"auto\" data-original-sizes=\"(max-width: 640px) 100vw, 640px\"><figcaption id=\"caption-attachment-2913\" class=\"wp-caption-text\">Luis Navarro Cort\u00e9s d\u2019INMESOL et Ing. Boris G. de Le\u00f3n<\/figcaption><\/figure>\n<p>Luis Navarro a commenc\u00e9 par une br\u00e8ve <strong>pr\u00e9sentation<\/strong> de l\u2019entreprise INMESOL, sa philosophie et son syst\u00e8me productif, pour passer ensuite \u00e0 entrer dans les d\u00e9tails sur les produits et les <strong>nouveaut\u00e9s<\/strong> introduites.<\/p>\n<p>La <strong>nouvelle gamme <\/strong>de groupes \u00e9lectrog\u00e8nes pour les <strong>exploitations agricoles et d\u2019\u00e9levage<\/strong>, la <a href=\"https:\/\/www.inmesol.com\/fr\/groupes-electrogenes\/gamme-de-location\"><strong>nouvelle gamme rental<\/strong><\/a>, <strong>les nouveaux moteurs<\/strong>, ont \u00e9t\u00e9 des th\u00e8mes vus en d\u00e9tail pendant la journ\u00e9e.<\/p>\n<figure id=\"attachment_2912\" aria-describedby=\"caption-attachment-2912\" style=\"width: 640px\" class=\"wp-caption aligncenter\"><img decoding=\"async\" class=\"size-full wp-image-2912 lazyload\" data-src=\"\/wp-content\/uploads\/2016\/06\/2_presentation-au-guatemala.jpg\" alt=\"Assistants \u00e9coutant les explications de Luis Navarro\" width=\"640\" height=\"450\" title=\"\" src=\"data:image\/svg+xml;base64,PHN2ZyB3aWR0aD0iMSIgaGVpZ2h0PSIxIiB4bWxucz0iaHR0cDovL3d3dy53My5vcmcvMjAwMC9zdmciPjwvc3ZnPg==\" style=\"--smush-placeholder-width: 640px; --smush-placeholder-aspect-ratio: 640\/450;\" data-srcset=\"https:\/\/www.inmesol.com\/wp-content\/uploads\/2016\/06\/2_presentation-au-guatemala.jpg 640w, https:\/\/www.inmesol.com\/wp-content\/uploads\/2016\/06\/2_presentation-au-guatemala-300x211.jpg 300w\" data-sizes=\"auto\" data-original-sizes=\"(max-width: 640px) 100vw, 640px\"><figcaption id=\"caption-attachment-2912\" class=\"wp-caption-text\">Assistants \u00e9coutant les explications de Luis Navarro<\/figcaption><\/figure>\n<p>Les assistants se sont montr\u00e9s tr\u00e8s int\u00e9ress\u00e9s par les <strong>diff\u00e9rentes configurations <\/strong>des groupes \u00e9lectrog\u00e8nes et trouv\u00e8rent tr\u00e8s int\u00e9ressantes les caract\u00e9ristiques particuli\u00e8res qui caract\u00e9risent les \u00e9quipements d\u2019INMESOL: la <strong>finition de la carrosserie<\/strong>, <strong>l\u2019insonorisation<\/strong>, <a href=\"https:\/\/www.inmesol.com\/fr\/blog\/les-chassis-etanches-sont-desormais-standard-sur-toute-la-gamme-de-carrosseries\/\"><strong>l\u2019\u00e9tanch\u00e9it\u00e9<\/strong><\/a> du ch\u00e2ssis, la <strong>technologie <\/strong>de ses panneaux de contr\u00f4le et la <strong>qualit\u00e9 <\/strong>des composants qui composent le groupe avec <strong>des moteurs et des alternateurs <\/strong>de marques de prestige.<\/p>\n<p>La <strong>deuxi\u00e8me partie <\/strong>de la journ\u00e9e s\u2019est d\u00e9roul\u00e9e dans les <strong>installations de Topke<\/strong>, o\u00f9 l\u2019on a pu voir en direct les groupes \u00e9lectrog\u00e8nes dont on avait parl\u00e9 pr\u00e9c\u00e9demment.<\/p>\n<p>Groupes \u00e9lectrog\u00e8nes de <strong>diff\u00e9rentes gammes <\/strong>et con\u00e7us pour un large panel d\u2019applications dont Topke dispose dans son vaste stock.<\/p>\n<p>Tous les doutes des assistants furent r\u00e9pondus par les Ing\u00e9nieurs de Topke et INMESOL.<\/p>\n<p style=\"text-align: center;\">\n","protected":false},"excerpt":{"rendered":"<p>Inmesol, repr\u00e9sent\u00e9 par Luis Navarro, Responsable Commercial pour l\u2019Am\u00e9rique Latines\u2019 est d\u00e9plac\u00e9 jusqu\u2019au Guatemala pour pr\u00e9senter les nouveaut\u00e9s des g\u00e9n\u00e9rateurs d\u00e9velopp\u00e9es dans les derniers mois. L\u2019\u00e9v\u00e9nement a \u00e9t\u00e9 organis\u00e9 pour notre distributeur Topke, et ce fut son pr\u00e9sident Ing. Allan Rasch, le responsable d\u2019inaugurer la journ\u00e9e.<\/p>\n","protected":false},"author":2,"featured_media":2911,"comment_status":"closed","ping_status":"closed","sticky":false,"template":"","format":"standard","meta":{"inline_featured_image":false,"footnotes":""},"categories":[34,37,57],"tags":[],"categorias-smart-power-":[],"paises-":[],"class_list":["post-2914","post","type-post","status-publish","format-standard","has-post-thumbnail","hentry","category-frances","category-corporative","category-corporatif"],"_links":{"self":[{"href":"https:\/\/www.inmesol.com\/fr\/wp-json\/wp\/v2\/posts\/2914","targetHints":{"allow":["GET"]}}],"collection":[{"href":"https:\/\/www.inmesol.com\/fr\/wp-json\/wp\/v2\/posts"}],"about":[{"href":"https:\/\/www.inmesol.com\/fr\/wp-json\/wp\/v2\/types\/post"}],"author":[{"embeddable":true,"href":"https:\/\/www.inmesol.com\/fr\/wp-json\/wp\/v2\/users\/2"}],"replies":[{"embeddable":true,"href":"https:\/\/www.inmesol.com\/fr\/wp-json\/wp\/v2\/comments?post=2914"}],"version-history":[{"count":0,"href":"https:\/\/www.inmesol.com\/fr\/wp-json\/wp\/v2\/posts\/2914\/revisions"}],"wp:featuredmedia":[{"embeddable":true,"href":"https:\/\/www.inmesol.com\/fr\/wp-json\/"}],"wp:attachment":[{"href":"https:\/\/www.inmesol.com\/fr\/wp-json\/wp\/v2\/media?parent=2914"}],"wp:term":[{"taxonomy":"category","embeddable":true,"href":"https:\/\/www.inmesol.com\/fr\/wp-json\/wp\/v2\/categories?post=2914"},{"taxonomy":"post_tag","embeddable":true,"href":"https:\/\/www.inmesol.com\/fr\/wp-json\/wp\/v2\/tags?post=2914"},{"taxonomy":"categorias-smart-power-","embeddable":true,"href":"https:\/\/www.inmesol.com\/fr\/wp-json\/wp\/v2\/categorias-smart-power-?post=2914"},{"taxonomy":"paises-","embeddable":true,"href":"https:\/\/www.inmesol.com\/fr\/wp-json\/wp\/v2\/paises-?post=2914"}],"curies":[{"name":"wp","href":"https:\/\/api.w.org\/{rel}","templated":true}]}}