{"id":2937,"date":"2016-06-30T08:00:00","date_gmt":"2016-06-30T06:00:00","guid":{"rendered":"http:\/\/www.inmesol.fr\/blog\/?p=2937"},"modified":"2023-06-21T10:14:49","modified_gmt":"2023-06-21T10:14:49","slug":"lavion-solaire-a-seville-espagne","status":"publish","type":"post","link":"https:\/\/www.inmesol.com\/fr\/blog\/lavion-solaire-a-seville-espagne\/","title":{"rendered":"L\u2019avion solaire \u00e0 S\u00e9ville, Espagne"},"content":{"rendered":"<p><strong>En f\u00e9vrier 2015<\/strong>, nous avons fait \u00e9cho du projet d\u2019une passionnante et incroyable aventure et qui \u00e0 ce jour est en passe de devenir r\u00e9alit\u00e9.<\/p>\n<p>Lorsque nous publions cet article \u201c<strong><a href=\"http:\/\/www.inmesol.fr\/blog\/solar-impulse-2-le-premier-avion-solaire-a-entreprendre-le-tour-du-monde-sans-carburant\" target=\"_blank\" rel=\"noopener\">Solar Impulse 2, le premier avion solaire \u00e0 entreprendre le tour du monde sans carburant<\/a>\u201d<\/strong>, nous ne nous imaginions pas que ce pourrait \u00eatre <strong>S\u00e9ville<\/strong> une des escales choisies pour faire partie de ce passionnant voyage.<\/p>\n<div class=\"video-responsive\"><iframe src=\"https:\/\/www.youtube.com\/embed\/9ExvAfoWwuo\" width=\"640\" height=\"360\" frameborder=\"0\" allowfullscreen=\"allowfullscreen\"><\/iframe><\/div>\n<p>En d\u00e9collant de <strong>New York<\/strong>, l\u2019avion solaire a travers\u00e9 l\u2019oc\u00e9an atlantique pour atterrir \u00e0 <strong>S\u00e9ville <\/strong>en un peu moins de <strong>70 heures<\/strong>.<\/p>\n<p>Lors de cette quinzi\u00e8me \u00e9tape, l\u2019avion pilot\u00e9 par <strong>Bertrand Picard <\/strong>lequel s\u2019est montr\u00e9 radieux lors de son arriv\u00e9e.<\/p>\n<blockquote class=\"twitter-video\" data-lang=\"fr\">\n<p dir=\"ltr\" lang=\"en\">Good morning <a href=\"https:\/\/twitter.com\/hashtag\/Seville?src=hash\" target=\"_blank\" rel=\"noopener\">#Seville<\/a>! Do you have a lot of direct flights from <a href=\"https:\/\/twitter.com\/hashtag\/NYC?src=hash\" target=\"_blank\" rel=\"noopener\">#NYC<\/a>? &#x1f609; <a href=\"https:\/\/twitter.com\/hashtag\/futureisclean?src=hash\" target=\"_blank\" rel=\"noopener\">#futureisclean<\/a> <a href=\"https:\/\/t.co\/ZCSMOOgva4\">pic.twitter.com\/ZCSMOOgva4<\/a><\/p>\n<p>\u2014 Bertrand PICCARD (@bertrandpiccard) <a href=\"https:\/\/twitter.com\/bertrandpiccard\/status\/745860836472799232\" target=\"_blank\" rel=\"noopener\">23 de junio de 2016<\/a><\/p><\/blockquote>\n<p><script src=\"\/\/platform.twitter.com\/widgets.js\" async=\"\" charset=\"utf-8\"><\/script><\/p>\n<h2>LENTEMENT MAIS S\u00dbREMENT<\/h2>\n<p>L\u2019avion solaire Impulse 2 a commenc\u00e9 son aventure depuis <strong>Abou Dhabi<\/strong> dans les Emirats Arabes Unis, le <strong>9 mars 2015<\/strong>. Tel et comme l\u2019esp\u00e9rait le pr\u00e9c\u00e9dent parcours <strong>Inde, Myanmar, Chine et EE.UU<\/strong>, o\u00f9 il est arriv\u00e9 \u00e0 <strong>Hawa\u00ef le 3 juillet 2015. <\/strong>Il a d\u00fb rester sur place durant 10 mois en raison de probl\u00e8mes techniques avant de continuer le voyage. Enfin, <strong>le 11 juin 2016 il est arriv\u00e9 \u00e0 New-York et le 23 juin \u00e0 S\u00e9ville<\/strong>.<\/p>\n<p><img fetchpriority=\"high\" decoding=\"async\" class=\"aligncenter size-full wp-image-2938\" src=\"\/wp-content\/uploads\/2016\/06\/lavion-solaire-a-seville-espagne.jpg\" alt=\"solar-impulse-2\" width=\"650\" height=\"394\" title=\"\" srcset=\"https:\/\/www.inmesol.com\/wp-content\/uploads\/2016\/06\/lavion-solaire-a-seville-espagne.jpg 650w, https:\/\/www.inmesol.com\/wp-content\/uploads\/2016\/06\/lavion-solaire-a-seville-espagne-300x182.jpg 300w\" sizes=\"(max-width: 650px) 100vw, 650px\"><\/p>\n<p>Il est clair que les <strong>75 km\/h <\/strong>de vitesse<strong>, face aux 900 km\/h<\/strong> que peut atteindre un avion commercial peut faire penser que cet avion puisse continuer d\u2019\u00eatre une utopie selon un point de vue pratique, mais ce que nous d\u00e9montrons c\u2019est que nous nous trouvons devant une nouvelle \u00e8re, une \u00e8re de d\u00e9veloppement durable qui nous offre une \u00e9nergie beaucoup plus intelligente, l\u2019utilisation d\u2019\u00e9nergies renouvelables et leur stockage pour \u00eatre utilis\u00e9es rationnellement.<\/p>\n<p>Les projets de ce type g\u00e9n\u00e8rent de l\u2019<strong>espoir<\/strong> dans une soci\u00e9t\u00e9 bas\u00e9e sur la consommation.<\/p>\n<p>Nous suivrons attentivement <strong>les exploits de l\u2019avion solaire Impulse 2 <\/strong>dans sa derni\u00e8re tentative pour rejoindre <strong>Myanmar<\/strong> \u00e0 nouveau, <strong>point de d\u00e9part et final <\/strong>de cette passionnante aventure.<\/p>\n<p>&nbsp;<\/p>\n","protected":false},"excerpt":{"rendered":"<p>En d\u00e9collant de New York, l\u2019avion solaire a travers\u00e9 l\u2019oc\u00e9an atlantique pour atterrir \u00e0 S\u00e9ville en un peu moins de 70 heures. Lors de cette quinzi\u00e8me \u00e9tape, l\u2019avion pilot\u00e9 par Bertrand Picard<\/p>\n","protected":false},"author":2,"featured_media":2939,"comment_status":"closed","ping_status":"closed","sticky":false,"template":"","format":"standard","meta":{"inline_featured_image":false,"footnotes":""},"categories":[34,51],"tags":[],"categorias-smart-power-":[],"paises-":[],"class_list":["post-2937","post","type-post","status-publish","format-standard","has-post-thumbnail","hentry","category-frances","category-science-et-technologie"],"_links":{"self":[{"href":"https:\/\/www.inmesol.com\/fr\/wp-json\/wp\/v2\/posts\/2937","targetHints":{"allow":["GET"]}}],"collection":[{"href":"https:\/\/www.inmesol.com\/fr\/wp-json\/wp\/v2\/posts"}],"about":[{"href":"https:\/\/www.inmesol.com\/fr\/wp-json\/wp\/v2\/types\/post"}],"author":[{"embeddable":true,"href":"https:\/\/www.inmesol.com\/fr\/wp-json\/wp\/v2\/users\/2"}],"replies":[{"embeddable":true,"href":"https:\/\/www.inmesol.com\/fr\/wp-json\/wp\/v2\/comments?post=2937"}],"version-history":[{"count":0,"href":"https:\/\/www.inmesol.com\/fr\/wp-json\/wp\/v2\/posts\/2937\/revisions"}],"wp:featuredmedia":[{"embeddable":true,"href":"https:\/\/www.inmesol.com\/fr\/wp-json\/"}],"wp:attachment":[{"href":"https:\/\/www.inmesol.com\/fr\/wp-json\/wp\/v2\/media?parent=2937"}],"wp:term":[{"taxonomy":"category","embeddable":true,"href":"https:\/\/www.inmesol.com\/fr\/wp-json\/wp\/v2\/categories?post=2937"},{"taxonomy":"post_tag","embeddable":true,"href":"https:\/\/www.inmesol.com\/fr\/wp-json\/wp\/v2\/tags?post=2937"},{"taxonomy":"categorias-smart-power-","embeddable":true,"href":"https:\/\/www.inmesol.com\/fr\/wp-json\/wp\/v2\/categorias-smart-power-?post=2937"},{"taxonomy":"paises-","embeddable":true,"href":"https:\/\/www.inmesol.com\/fr\/wp-json\/wp\/v2\/paises-?post=2937"}],"curies":[{"name":"wp","href":"https:\/\/api.w.org\/{rel}","templated":true}]}}