{"id":2966,"date":"2016-07-21T08:00:05","date_gmt":"2016-07-21T06:00:05","guid":{"rendered":"http:\/\/www.inmesol.fr\/blog\/?p=2966"},"modified":"2025-01-09T16:37:58","modified_gmt":"2025-01-09T16:37:58","slug":"fiabilite-securite-conservation-de-produits-lactes","status":"publish","type":"post","link":"https:\/\/www.inmesol.com\/fr\/blog\/fiabilite-securite-conservation-de-produits-lactes\/","title":{"rendered":"Fiabilit\u00e9 et s\u00e9curit\u00e9 pour la conservation de produits lact\u00e9s"},"content":{"rendered":"<p>R\u00e9cemment, s\u2019est achev\u00e9 l\u2019installation d\u2019un groupe \u00e9lectrog\u00e8ne de la gamme de secours mod\u00e8le <strong>IV\u2010700<\/strong>, dans un <strong>centre logistique pour r\u00e9frig\u00e9ration de produits lact\u00e9s<\/strong>, situ\u00e9e dans la ville de Basse-Saxe, en Allemagne.<\/p>\n<p>Il s\u2019agit d\u2019une machine de 700 KVA LTP avec un r\u00e9servoir de combustibles de 2500 litres.<\/p>\n<figure id=\"attachment_2965\" aria-describedby=\"caption-attachment-2965\" style=\"width: 640px\" class=\"wp-caption aligncenter\"><img fetchpriority=\"high\" decoding=\"async\" class=\"size-full wp-image-2965\" src=\"\/wp-content\/uploads\/2016\/07\/fiabilite-securite-conservation-de-produits-lactes.jpg\" alt=\"Groupe \u00e9lectrog\u00e8ne INMESOL IV\u2010700 install\u00e9 \u00e0 l\u2019ext\u00e9rieur du cantre logistique de r\u00e9frig\u00e9ration de produit laitier \u00e0 BASSE-SAXE, ALLEMAGNE\" width=\"640\" height=\"450\" title=\"\" srcset=\"https:\/\/www.inmesol.com\/wp-content\/uploads\/2016\/07\/fiabilite-securite-conservation-de-produits-lactes.jpg 640w, https:\/\/www.inmesol.com\/wp-content\/uploads\/2016\/07\/fiabilite-securite-conservation-de-produits-lactes-300x211.jpg 300w\" sizes=\"(max-width: 640px) 100vw, 640px\"><figcaption id=\"caption-attachment-2965\" class=\"wp-caption-text\">Groupe \u00e9lectrog\u00e8ne INMESOL IV\u2010700 install\u00e9 \u00e0 l\u2019ext\u00e9rieur du cantre logistique de r\u00e9frig\u00e9ration de produit laitier \u00e0 BASSE-SAXE, ALLEMAGNE<\/figcaption><\/figure>\n<p>L\u2019importance de la <strong>r\u00e9frig\u00e9ration du lait <\/strong>pour obtenir des conditions optimales de temp\u00e9rature, pour que le lait conserve ses qualit\u00e9s, depuis la traite jusqu\u2019\u00e0 son conditionnement, requiert des <strong>installations <\/strong>de r\u00e9frig\u00e9ration o\u00f9 la distribution d\u2019\u00e9lectricit\u00e9 est garantie.<\/p>\n<p>De nos jours <strong>r\u00e9seaux \u00e9lectriques <\/strong>sont assez fiables, cependant tout risque de <strong>d\u00e9faillance <\/strong>qui pourrait causer <strong>de grandes pertes <\/strong>par cette interruption d\u2019alimentation \u00e9lectrique n\u2019est pas \u00e0 exclure. Dans ces cas un <strong>groupe \u00e9lectrog\u00e8ne <\/strong>qui prend le relais du r\u00e9seau en cas de coupure, se r\u00e9v\u00e8le \u00eatre une <strong>solution rentable et fiable<\/strong>.<\/p>\n","protected":false},"excerpt":{"rendered":"<p>R\u00e9cemment, s\u2019est achev\u00e9 l\u2019installation d\u2019un groupe \u00e9lectrog\u00e8ne de la gamme de secours mod\u00e8le IV\u2010700, dans un centre logistique pour r\u00e9frig\u00e9ration de produits lact\u00e9s, situ\u00e9e dans la ville de Basse-Saxe, en Allemagne.<\/p>\n","protected":false},"author":2,"featured_media":2964,"comment_status":"closed","ping_status":"closed","sticky":false,"template":"","format":"standard","meta":{"inline_featured_image":false,"footnotes":""},"categories":[34,49,58],"tags":[52],"categorias-smart-power-":[],"paises-":[12],"class_list":["post-2966","post","type-post","status-publish","format-standard","has-post-thumbnail","hentry","category-frances","category-groupes-electrogenes","category-casos-de-exito","tag-groupes-electrogenes-de-secours","paises--europa"],"_links":{"self":[{"href":"https:\/\/www.inmesol.com\/fr\/wp-json\/wp\/v2\/posts\/2966","targetHints":{"allow":["GET"]}}],"collection":[{"href":"https:\/\/www.inmesol.com\/fr\/wp-json\/wp\/v2\/posts"}],"about":[{"href":"https:\/\/www.inmesol.com\/fr\/wp-json\/wp\/v2\/types\/post"}],"author":[{"embeddable":true,"href":"https:\/\/www.inmesol.com\/fr\/wp-json\/wp\/v2\/users\/2"}],"replies":[{"embeddable":true,"href":"https:\/\/www.inmesol.com\/fr\/wp-json\/wp\/v2\/comments?post=2966"}],"version-history":[{"count":0,"href":"https:\/\/www.inmesol.com\/fr\/wp-json\/wp\/v2\/posts\/2966\/revisions"}],"wp:featuredmedia":[{"embeddable":true,"href":"https:\/\/www.inmesol.com\/fr\/wp-json\/wp\/v2\/posts\/2964"}],"wp:attachment":[{"href":"https:\/\/www.inmesol.com\/fr\/wp-json\/wp\/v2\/media?parent=2966"}],"wp:term":[{"taxonomy":"category","embeddable":true,"href":"https:\/\/www.inmesol.com\/fr\/wp-json\/wp\/v2\/categories?post=2966"},{"taxonomy":"post_tag","embeddable":true,"href":"https:\/\/www.inmesol.com\/fr\/wp-json\/wp\/v2\/tags?post=2966"},{"taxonomy":"categorias-smart-power-","embeddable":true,"href":"https:\/\/www.inmesol.com\/fr\/wp-json\/wp\/v2\/categorias-smart-power-?post=2966"},{"taxonomy":"paises-","embeddable":true,"href":"https:\/\/www.inmesol.com\/fr\/wp-json\/wp\/v2\/paises-?post=2966"}],"curies":[{"name":"wp","href":"https:\/\/api.w.org\/{rel}","templated":true}]}}