{"id":2985,"date":"2016-09-07T11:53:43","date_gmt":"2016-09-07T09:53:43","guid":{"rendered":"http:\/\/www.inmesol.fr\/blog\/?p=2985"},"modified":"2025-01-08T18:33:49","modified_gmt":"2025-01-08T18:33:49","slug":"le-secteur-locatif-machine-un-marche-en-croissance","status":"publish","type":"post","link":"https:\/\/www.inmesol.com\/fr\/blog\/le-secteur-locatif-machine-un-marche-en-croissance\/","title":{"rendered":"Le secteur de la location de machine, un march\u00e9 en croissance"},"content":{"rendered":"<p style=\"text-align: center;\"><img fetchpriority=\"high\" decoding=\"async\" class=\"aligncenter size-full wp-image-2979\" src=\"\/wp-content\/uploads\/2016\/09\/le-secteur-locatif-machine-un-marche-en-croissance.jpg\" alt=\"Le Secteur Locatif, un March\u00e9 en Croissance\" width=\"595\" height=\"300\" title=\"\" srcset=\"https:\/\/www.inmesol.com\/wp-content\/uploads\/2016\/09\/le-secteur-locatif-machine-un-marche-en-croissance.jpg 595w, https:\/\/www.inmesol.com\/wp-content\/uploads\/2016\/09\/le-secteur-locatif-machine-un-marche-en-croissance-300x151.jpg 300w\" sizes=\"(max-width: 595px) 100vw, 595px\"><\/p>\n<p>Le <strong>secteur de la location <\/strong>a connu une chute spectaculaire en raison de la crise \u00e9conomique de 2008 ainsi que du ralentissement des activit\u00e9s dans le secteur de machine de la construction, qui est un des principaux march\u00e9s pour les loueurs.<\/p>\n<p>Les loueurs n\u2019ont pas \u00e9t\u00e9 inactifs durant cette r\u00e9cession. Ils ont compris que le fait de d\u00e9pendre d\u00b4un seul march\u00e9, ils s\u2019exposent \u00e0 de graves risques \u00e9conomiques.<\/p>\n<h3><strong><em>Que faire pour changer la situation et commencer \u00e0 se d\u00e9velopper ?<\/em><\/strong><\/h3>\n<h3>Diversifier<\/h3>\n<p>Commencer \u00e0 se concentrer sur <strong>des nouvelles niches de march\u00e9<\/strong>: comme les organisateurs <strong>des spectacles, des \u00e9v\u00e9nements et promotions<\/strong>, les restaurateurs et autres catering , etc. et toute entreprise ayant besoin d\u2019assurer leur alimentation \u00e9lectrique \u00e0 des heures tr\u00e8s pr\u00e9cises.<\/p>\n<figure id=\"attachment_2982\" aria-describedby=\"caption-attachment-2982\" style=\"width: 640px\" class=\"wp-caption aligncenter\"><img decoding=\"async\" class=\"size-full wp-image-2982 lazyload\" data-src=\"\/wp-content\/uploads\/2016\/09\/1_le-secteur-locatif-machine-un-marche-en-croissance.jpg\" alt=\"Groupes \u00e9lectrog\u00e8nes - spectacles, des \u00e9v\u00e9nements et promotions - Photo : Daniel Robert\" width=\"640\" height=\"450\" title=\"\" src=\"data:image\/svg+xml;base64,PHN2ZyB3aWR0aD0iMSIgaGVpZ2h0PSIxIiB4bWxucz0iaHR0cDovL3d3dy53My5vcmcvMjAwMC9zdmciPjwvc3ZnPg==\" style=\"--smush-placeholder-width: 640px; --smush-placeholder-aspect-ratio: 640\/450;\" data-srcset=\"https:\/\/www.inmesol.com\/wp-content\/uploads\/2016\/09\/1_le-secteur-locatif-machine-un-marche-en-croissance.jpg 640w, https:\/\/www.inmesol.com\/wp-content\/uploads\/2016\/09\/1_le-secteur-locatif-machine-un-marche-en-croissance-300x211.jpg 300w\" data-sizes=\"auto\" data-original-sizes=\"(max-width: 640px) 100vw, 640px\"><figcaption id=\"caption-attachment-2982\" class=\"wp-caption-text\">Photo : Daniel Robert<\/figcaption><\/figure>\n<h3>D\u00e9velopper les\u00a0Services<\/h3>\n<p>Les entreprises \u00a0de location actuelles louent non seulement leurs appareils mais <strong>offrent \u00e9galement des solutions optimales <\/strong>pour r\u00e9pondre aux besoins de tous leurs clients, en assurant un service complet et<strong> professionnel.<\/strong><\/p>\n<figure id=\"attachment_2983\" aria-describedby=\"caption-attachment-2983\" style=\"width: 504px\" class=\"wp-caption aligncenter\"><img decoding=\"async\" class=\"size-full wp-image-2983 lazyload\" data-src=\"\/wp-content\/uploads\/2016\/09\/2_le-secteur-locatif-machine-un-marche-en-croissance.jpg\" alt=\"Les compagnies de location en assurant un service complet et professionnel - Photo : Grenoble\" width=\"504\" height=\"328\" title=\"\" src=\"data:image\/svg+xml;base64,PHN2ZyB3aWR0aD0iMSIgaGVpZ2h0PSIxIiB4bWxucz0iaHR0cDovL3d3dy53My5vcmcvMjAwMC9zdmciPjwvc3ZnPg==\" style=\"--smush-placeholder-width: 504px; --smush-placeholder-aspect-ratio: 504\/328;\" data-srcset=\"https:\/\/www.inmesol.com\/wp-content\/uploads\/2016\/09\/2_le-secteur-locatif-machine-un-marche-en-croissance.jpg 504w, https:\/\/www.inmesol.com\/wp-content\/uploads\/2016\/09\/2_le-secteur-locatif-machine-un-marche-en-croissance-300x195.jpg 300w\" data-sizes=\"auto\" data-original-sizes=\"(max-width: 504px) 100vw, 504px\"><figcaption id=\"caption-attachment-2983\" class=\"wp-caption-text\">Photo : Grenoble<\/figcaption><\/figure>\n<h3>Assurer des \u00c9quipements Technologiques Durables et Dot\u00e9s des Derniers Dispositifs de S\u00e9curit\u00e9.<\/h3>\n<p><strong>Les diff\u00e9rents besoin dans le domaine de la location exigent du mat\u00e9riel <strong>solide<\/strong> <\/strong>et <strong>compact<\/strong><strong>,<\/strong> avec <strong>faibles \u00e9missions de gaz et de bruits<\/strong>, et ayant des<strong>\u00a0points d\u2019acc\u00e8s <\/strong>pour des op\u00e9rations de maintenances faciles, des <strong>\u00e9l\u00e9ments de protection <\/strong>pour assurer la<strong> manipulation sans risque&#8230; <strong>Et ceci autant dans leur utilisation \u00a0<\/strong>que dans leurs d\u00e9placements fr\u00e9quents propre \u00e0 la location<\/strong><\/p>\n<p>Tous ces facteurs ont \u00e9t\u00e9 pris en consid\u00e9ration lors de la conception de la Gamme Rental (location) des groupes \u00e9lectrog\u00e8nes d\u2019INMESOL.<\/p>\n<figure id=\"attachment_2980\" aria-describedby=\"caption-attachment-2980\" style=\"width: 640px\" class=\"wp-caption aligncenter\"><img decoding=\"async\" class=\"size-full wp-image-2980 lazyload\" data-src=\"\/wp-content\/uploads\/2016\/09\/3_le-secteur-locatif-machine-un-marche-en-croissance.jpg\" alt=\"Groupes \u00e9lectrog\u00e8nes de la Gamme Rental (location) d\u2019INMESOL\" width=\"640\" height=\"450\" title=\"\" src=\"data:image\/svg+xml;base64,PHN2ZyB3aWR0aD0iMSIgaGVpZ2h0PSIxIiB4bWxucz0iaHR0cDovL3d3dy53My5vcmcvMjAwMC9zdmciPjwvc3ZnPg==\" style=\"--smush-placeholder-width: 640px; --smush-placeholder-aspect-ratio: 640\/450;\" data-srcset=\"https:\/\/www.inmesol.com\/wp-content\/uploads\/2016\/09\/3_le-secteur-locatif-machine-un-marche-en-croissance.jpg 640w, https:\/\/www.inmesol.com\/wp-content\/uploads\/2016\/09\/3_le-secteur-locatif-machine-un-marche-en-croissance-300x211.jpg 300w\" data-sizes=\"auto\" data-original-sizes=\"(max-width: 640px) 100vw, 640px\"><figcaption id=\"caption-attachment-2980\" class=\"wp-caption-text\">Groupes \u00e9lectrog\u00e8nes de la Gamme Rental (location)<\/figcaption><\/figure>\n<h3>Rejoindre les Associations<\/h3>\n<p>On dit souvent que <strong><em>\u00ab\u00a0l\u2019union fait la force\u00a0\u00bb\u00a0<\/em><\/strong>et c&rsquo;est particuli\u00e8rement le cas dans ce domaine.<\/p>\n<p>Les loueurs et les fabricants d\u2019\u00e9quipement de location ont trouv\u00e9 la formule parfaite pour d\u00e9velopper ensemble le secteur dans le cadre d\u2019associations tels que l\u2019<strong>ERA <\/strong>(Association Europ\u00e9enne des Loueurs) ou <strong>ASEAMAC <\/strong>(Association Espagnole des Loueurs de mat\u00e9riel) en vue <strong>d\u2019encourager le professionnalisme <\/strong>et de <strong>promouvoir les avantages \u00a0de la location.<\/strong><\/p>\n<h3><em>En 2016, \u00e0 ce jour, Inmesol a connu une hausse de pr\u00e8s de 25 %,\u00a0des ventes de groupe \u00e9lectrog\u00e8ne, par rapport \u00e0 la m\u00eame p\u00e9riode l\u2019an dernier.<\/em><\/h3>\n","protected":false},"excerpt":{"rendered":"<p>Le secteur locatif a connu une chute spectaculaire \u00e0 cause de la crise \u00e9conomique de 2008 ainsi que le ralentissement des activit\u00e9s dans le secteur de la construction, qui est un des principaux march\u00e9s pour les loueurs.<\/p>\n","protected":false},"author":2,"featured_media":2981,"comment_status":"closed","ping_status":"closed","sticky":false,"template":"","format":"standard","meta":{"inline_featured_image":false,"footnotes":""},"categories":[49,34,37],"tags":[56],"categorias-smart-power-":[],"paises-":[],"class_list":["post-2985","post","type-post","status-publish","format-standard","has-post-thumbnail","hentry","category-groupes-electrogenes","category-frances","category-corporative","tag-groupes-electrogenes-rental-location"],"_links":{"self":[{"href":"https:\/\/www.inmesol.com\/fr\/wp-json\/wp\/v2\/posts\/2985","targetHints":{"allow":["GET"]}}],"collection":[{"href":"https:\/\/www.inmesol.com\/fr\/wp-json\/wp\/v2\/posts"}],"about":[{"href":"https:\/\/www.inmesol.com\/fr\/wp-json\/wp\/v2\/types\/post"}],"author":[{"embeddable":true,"href":"https:\/\/www.inmesol.com\/fr\/wp-json\/wp\/v2\/users\/2"}],"replies":[{"embeddable":true,"href":"https:\/\/www.inmesol.com\/fr\/wp-json\/wp\/v2\/comments?post=2985"}],"version-history":[{"count":0,"href":"https:\/\/www.inmesol.com\/fr\/wp-json\/wp\/v2\/posts\/2985\/revisions"}],"wp:featuredmedia":[{"embeddable":true,"href":"https:\/\/www.inmesol.com\/fr\/wp-json\/"}],"wp:attachment":[{"href":"https:\/\/www.inmesol.com\/fr\/wp-json\/wp\/v2\/media?parent=2985"}],"wp:term":[{"taxonomy":"category","embeddable":true,"href":"https:\/\/www.inmesol.com\/fr\/wp-json\/wp\/v2\/categories?post=2985"},{"taxonomy":"post_tag","embeddable":true,"href":"https:\/\/www.inmesol.com\/fr\/wp-json\/wp\/v2\/tags?post=2985"},{"taxonomy":"categorias-smart-power-","embeddable":true,"href":"https:\/\/www.inmesol.com\/fr\/wp-json\/wp\/v2\/categorias-smart-power-?post=2985"},{"taxonomy":"paises-","embeddable":true,"href":"https:\/\/www.inmesol.com\/fr\/wp-json\/wp\/v2\/paises-?post=2985"}],"curies":[{"name":"wp","href":"https:\/\/api.w.org\/{rel}","templated":true}]}}